{"id":496,"date":"2010-09-23T06:00:00","date_gmt":"2010-09-23T04:00:00","guid":{"rendered":"https:\/\/www.wedobd.com\/?p=496"},"modified":"2025-09-29T14:40:15","modified_gmt":"2025-09-29T12:40:15","slug":"truc-et-astuces-pour-un-bon-festiblog","status":"publish","type":"post","link":"https:\/\/www.wedobd.com\/?p=496","title":{"rendered":"Truc et astuces pour un bon Festiblog&#8230;"},"content":{"rendered":"<p><strong><em>Cette note va rester en en-t\u00eate du blog pendant quelques jours, vous pouvez continuer \u00e0 suivre les autres nouvelles et interviews juste en dessous !<\/em><\/strong><\/p>\n<p><strong>1) Pour tout comprendre et savoir comment rejoindre le Festiblog, commencez par consulter&#0160;<a class=\"vt-p\" href=\"http:\/\/www.festival-blogs-bd.com\/informations-pratiques.html\" target=\"_blank\">la FAQ<\/a>&#0160;et&#0160;<a class=\"vt-p\" href=\"http:\/\/www.festival-blogs-bd.com\/plan.html\" target=\"_blank\">le plan d\u2019acc\u00e8s<\/a><\/strong><\/p>\n<\/p>\n<p class=\"asset asset-image\">Pour r\u00e9sumer, on sera&#0160;<strong>dans la cour de la mairie du 3e arrondissement et dans la rue Eug\u00e8ne Spuller<\/strong>&#0160;qui est la zone pi\u00e9tonne entre la mairie du 3e et le square du Temple.&#0160;<span style=\"text-decoration: underline; \">Pour tout renseignement, la tente d&#39;accueil sera dans la cours de la mairie !<\/span><\/p>\n<p class=\"asset asset-image\"><span style=\"text-decoration: underline; \"><span style=\"-webkit-text-decorations-in-effect: none; font-weight: bold; \"><a class=\"vt-p\" href=\"http:\/\/yannicklejeune.blogs.com\/.a\/6a00d8341c501b53ef0133ec7aec33970b-pi\" style=\" \"><img decoding=\"async\" alt=\"3984042962_86680876f4_b\" class=\"asset asset-image at-xid-6a00d8341c501b53ef0133ec7aec33970b \" src=\"https:\/\/www.wedobd.com\/wp-content\/uploads\/2010\/09\/6a00d8341c501b53ef0133ec7aec33970b-450wi.jpg\" style=\"cursor: pointer !important; border-top-style: none; border-right-style: none; border-bottom-style: none; border-left-style: none; border-width: initial; border-color: initial; width: 450px; display: block; margin-left: auto; margin-right: auto; \" \/><\/a><\/span><\/span><\/p>\n<p>Si vous \u00eates visiteur avec des questions n\u2019h\u00e9sitez pas \u00e0 aller voir les charmantes h\u00f4tesses \u00e0 l\u2019accueil ou \u00e0 vous adresser \u00e0 un membre du staff (reconnaissable avec son beau t-shirt &quot;STAFF&quot;, son poil soyeux et son air vif) qui vous renseignera avec plaisir.&#0160;<span style=\"color: #ff0000; \"><strong>Si vous \u00eates auteur<\/strong>, n\u2019oubliez pas de passer \u00e0 l\u2019accueil le samedi avant vos d\u00e9dicaces pour r\u00e9cup\u00e9rer votre badge et faire les petites formalit\u00e9s d&#39;usage.<\/span><\/p>\n<p><span style=\"color: #ff0000; \"><br \/><\/span><strong>2) Pour savoir o\u00f9 ? quand ? comment ?&#0160;<\/strong><\/p>\n<p>Le planning et les informations de derni\u00e8re minute seront affich\u00e9s un peu partout. En cas de pluie ou d&#39;absence d&#39;un des auteurs non pr\u00e9vue, les plannings peuvent \u00eatre amen\u00e9s \u00e0 changer, consultez les tableaux d&#39;affichage pour retrouver vos auteurs.<\/p>\n<p>Pour bien pr\u00e9parer votre festival, vous pouvez \u00e9galement <a class=\"vt-p\" href=\"http:\/\/www.festival-blogs-bd.com\/FESTIBLOG_PROGRAMME_2010.pdf\" target=\"_blank\"><strong>t\u00e9l\u00e9charger le planning<\/strong><\/a> et l\u2019imprimer ou le consulter sur vos t\u00e9l\u00e9phones (si vous \u00eates hype) pour l\u2019avoir avec vous, il sera disponible en t\u00e9l\u00e9chargement sur ce site, la veille de l&#39;\u00e9v\u00e9nement.<\/p>\n<p><strong><\/strong><\/p>\n<p><strong><\/p>\n<p class=\"asset asset-image\"><a class=\"vt-p\" href=\"http:\/\/yannicklejeune.blogs.com\/.a\/6a00d8341c501b53ef0120a59539b8970b-pi\" style=\" float: right; \"><img decoding=\"async\" alt=\"2904978117_71c0140bd6\" class=\"at-xid-6a00d8341c501b53ef0120a59539b8970b \" src=\"https:\/\/www.wedobd.com\/wp-content\/uploads\/2010\/09\/6a00d8341c501b53ef0120a59539b8970b-200wi.jpg\" style=\"cursor: pointer !important; border-top-style: none; border-right-style: none; border-bottom-style: none; border-left-style: none; border-width: initial; border-color: initial; margin-top: 0px; margin-right: 0px; margin-bottom: 5px; margin-left: 5px; width: 200px; \" \/><\/a><\/p>\n<p><\/strong><\/p>\n<p>Le programme pr\u00e9visionnel est \u00e9galement consultable directement en ligne sur la page&#0160;<a class=\"vt-p\" href=\"http:\/\/www.festival-blogs-bd.com\/programme.html\" target=\"_blank\">Programme<\/a>.<\/p>\n<p><strong>3) Sortez couverts !<\/strong><\/p>\n<p>Comme tous les ans, le festival aura lieu en plein air. Par beau temps, c&#39;est extr\u00eamement agr\u00e9able mais quand il pleut, autant pr\u00e9voir&#8230; Nous vous conseillons donc de prendre des v\u00eatements chauds et des parapluies (<a class=\"vt-p\" href=\"http:\/\/france.meteofrance.com\/france\/meteo?PREVISIONS_PORTLET.path=previsionsville\/751030\">Voir le site de M\u00e9t\u00e9o France<\/a>).<\/p>\n<p>Allez, on visualise du soleil !<\/p>\n<\/p>\n<p class=\"asset asset-image\"><a class=\"vt-p\" href=\"http:\/\/yannicklejeune.blogs.com\/.a\/6a00d8341c501b53ef0120a595283e970b-pi\" style=\" \"><img decoding=\"async\" alt=\"2905234158_35feab9433\" class=\"at-xid-6a00d8341c501b53ef0120a595283e970b \" src=\"https:\/\/www.wedobd.com\/wp-content\/uploads\/2010\/09\/6a00d8341c501b53ef0120a595283e970b-500wi.jpg\" style=\"cursor: pointer !important; border-top-style: none; border-right-style: none; border-bottom-style: none; border-left-style: none; border-width: initial; border-color: initial; display: block; margin-left: auto; margin-right: auto; \" \/><\/a><\/p>\n<p><strong><br \/>4) Si vous voulez vous faire d\u00e9dicacer un album<\/strong><\/p>\n<p>Pour des raisons l\u00e9gales et logistiques, les albums seront exclusivement en vente au sein des tentes Album &amp; Univers BD, nous vous conseillons donc de faire vos achats en d\u00e9but de journ\u00e9e pour \u00e9viter la queue \u00e0 la caisse et \u00eatre sur d&#39;avoir le temps de les faire d\u00e9dicacer. Les d\u00e9dicaces sont gratuites mais les auteurs sont toujours ravis de les faire sur leur album. La liste des \u0153uvres disponibles sera affich\u00e9e un peu partout et on vous pr\u00e9cisera chez qui vous les procurer. La tente 30 jours de BD disposera d\u2019un point de vente officiel en ce qui concerne les albums des \u00e9ditions Makaka. Nous avons fait le maximum pour avoir la quasi-int\u00e9gralit\u00e9 des albums des auteurs pr\u00e9sents!<\/p>\n<p><strong>5) Si vous voulez des d\u00e9dicaces gratuites<\/strong><\/p>\n<p>Du papier fourni par notre partenaire sera disponible pour les auteurs. Si vous pr\u00e9f\u00e9rez faire d\u00e9dicacer vos albums, votre carnet de croquis, un livre d&#39;or, t-shirt, pensez \u00e0 les amener !<\/p>\n<p><strong>6) Si vous voulez des d\u00e9dicaces dans la bonne humeur, soyez cool !<\/strong><\/p>\n<p>Lorsque vous obtenez votre d\u00e9dicace,&#0160;<span style=\"text-decoration: underline; \">merci de respecter les autres<\/span>&#0160;et de retourner faire la queue (si queue il y a) plut\u00f4t que d&#39;essayer de faire passer votre carnet \u00e0 un autre auteur sur le cot\u00e9. Pensez que 10 personnes heureuses d&#39;avoir un dessin, c&#39;est toujours mieux qu&#39;une seule personne heureuse d&#39;avoir 10 dessins pendant que les autres r\u00e2lent.<\/p>\n<p style=\"text-align: center; \">\n<p class=\"asset asset-image\"><a class=\"vt-p\" href=\"http:\/\/yannicklejeune.blogs.com\/.a\/6a00d8341c501b53ef0120a59528c7970b-pi\" style=\" \"><img decoding=\"async\" alt=\"2904645195_840450b564\" class=\"at-xid-6a00d8341c501b53ef0120a59528c7970b \" src=\"https:\/\/www.wedobd.com\/wp-content\/uploads\/2010\/09\/6a00d8341c501b53ef0120a59528c7970b-500wi.jpg\" style=\"cursor: pointer !important; border-top-style: none; border-right-style: none; border-bottom-style: none; border-left-style: none; border-width: initial; border-color: initial; display: block; margin-left: auto; margin-right: auto; \" \/><\/a><\/p>\n<p><strong><br \/>7) Soyez sages !<\/strong><\/p>\n<p>Comme vous vous en doutez l&#39;organisation d&#39;un tel \u00e9v\u00e9nement n\u00e9cessite une collaboration \u00e9troite avec les autorit\u00e9s. Le Festiblog ayant lieu dans l&#39;espace public, le Festival des Blogs BD et du Webcomics a \u00e9t\u00e9 soumis aux autorit\u00e9s et autoris\u00e9 par les services de la mairie du 3e arrondissement, la pr\u00e9fecture de police de la ville de Paris et le commissariat de police du 3e arrondissement.<\/p>\n<\/p>\n<p class=\"asset asset-image\"><a class=\"vt-p\" href=\"http:\/\/yannicklejeune.blogs.com\/.a\/6a00d8341c501b53ef0120a5ebd094970c-pi\" style=\" float: left; \"><img decoding=\"async\" alt=\"2904529085_5d84e9c0fd\" class=\"at-xid-6a00d8341c501b53ef0120a5ebd094970c \" src=\"https:\/\/www.wedobd.com\/wp-content\/uploads\/2010\/09\/6a00d8341c501b53ef0120a5ebd094970c-200wi.jpg\" style=\"cursor: pointer !important; border-top-style: none; border-right-style: none; border-bottom-style: none; border-left-style: none; border-width: initial; border-color: initial; width: 200px; margin-left: auto; margin-right: 15px; \" title=\"2904529085_5d84e9c0fd\" \/><\/a><\/p>\n<p>C&#39;est pourquoi nous vous demandons de respecter les espaces utilis\u00e9s et vous indiquons que&#0160;<strong>le Festival d\u00e9cline toute responsabilit\u00e9 dans les \u00e9v\u00e9nements non indiqu\u00e9s sur le planning officiel.<\/strong><\/p>\n<p>A ce titre, \u00e0 l&#39;exception des jeux et des d\u00e9mos dans la cour de la mairie, des d\u00e9dicaces dans le stand des communaut\u00e9s,&#0160;<span style=\"color: #ff0000; \">aucun \u00e9v\u00e9nement communautaire n&#39;est couvert par notre organisation et votre participation \u00e0 ceux-ci se fait \u00e0 vos risques et p\u00e9rils. Tout trouble \u00e0 l&#39;ordre public ou d\u00e9t\u00e9rioration de mat\u00e9riel pourra entrainer des poursuites et engagera votre responsabilit\u00e9 civile. La mairie de Paris a engag\u00e9 un service de s\u00e9curit\u00e9 qui assurera la surveillance des installations, du mat\u00e9riel et du respect des r\u00e8gles de s\u00e9curit\u00e9 pendant toute la dur\u00e9e du festival, jour et nuit.<br \/><\/span><\/p>\n<p><strong>8) Partagez le plaisir !<\/strong><\/p>\n<p>Pour permettre \u00e0 tous ceux qui ne peuvent pas se d\u00e9placer de profiter du festival, n&#39;h\u00e9sitez pas \u00e0 diffuser vos dessins en ligne par la suite et nous les envoyer, on les collectera sur Facebook et sur le site.<\/p>\n<p><strong>9) En ligne aussi&#8230;<\/strong><\/p>\n<p>Si vous voulez partager vos photos, dessins, films et avis sur le Festival des Blogs BD et du webcomics 2009, pensez \u00e0 ajouter un tag #festiblog&#0160;\u00e0 votre note ou \u00e0 linker le site du Festiblog, nous vous retrouverons :)&#0160;<\/p>\n<p><strong>10) Des cadeaux<\/strong><\/p>\n<p>En plus des d\u00e9dicaces et gr\u00e2ce \u00e0 nos partenaires Gu, Innocent, Freedent, Orangina, Mr Poulet, Comboutique, Wacom, vous recevrez des cadeaux&#8230; Comment ? C&#39;est la surprise !<\/p>\n<\/p>\n<p><span style=\"color: #0000ff; -webkit-text-decorations-in-effect: underline; \"><img decoding=\"async\" alt=\"Staff\" class=\"asset asset-image at-xid-6a00d8341c501b53ef0133ec7b48d8970b \" src=\"https:\/\/www.wedobd.com\/wp-content\/uploads\/2010\/09\/6a00d8341c501b53ef0133ec7b48d8970b-450wi.jpg\" style=\"cursor: pointer !important; border-top-style: none; border-right-style: none; border-bottom-style: none; border-left-style: none; border-width: initial; border-color: initial; width: 450px; display: block; margin-left: auto; margin-right: auto; \" \/><\/span><\/p>\n<p class=\"asset asset-image\" style=\"text-align: center; \"><strong>On vous dit \u00e0 ce week-end et bon Festiblog \u00e0 tous !&#0160;<\/strong><\/p><\/p>\n","protected":false},"excerpt":{"rendered":"<p>Cette note va rester en en-t\u00eate du blog pendant quelques jours, vous pouvez continuer \u00e0 suivre les autres nouvelles et interviews juste en dessous ! 1) Pour tout comprendre et savoir comment rejoindre le Festiblog, commencez par consulter&#0160;la FAQ&#0160;et&#0160;le plan d\u2019acc\u00e8s Pour r\u00e9sumer, on sera&#0160;dans la cour de la mairie du 3e arrondissement et dans [&hellip;]<\/p>\n","protected":false},"author":4,"featured_media":0,"comment_status":"open","ping_status":"open","sticky":false,"template":"","format":"standard","meta":{"footnotes":""},"categories":[26],"tags":[],"class_list":["post-496","post","type-post","status-publish","format-standard","hentry","category-02-le-festival-de-2005-a-2013"],"_links":{"self":[{"href":"https:\/\/www.wedobd.com\/index.php?rest_route=\/wp\/v2\/posts\/496","targetHints":{"allow":["GET"]}}],"collection":[{"href":"https:\/\/www.wedobd.com\/index.php?rest_route=\/wp\/v2\/posts"}],"about":[{"href":"https:\/\/www.wedobd.com\/index.php?rest_route=\/wp\/v2\/types\/post"}],"author":[{"embeddable":true,"href":"https:\/\/www.wedobd.com\/index.php?rest_route=\/wp\/v2\/users\/4"}],"replies":[{"embeddable":true,"href":"https:\/\/www.wedobd.com\/index.php?rest_route=%2Fwp%2Fv2%2Fcomments&post=496"}],"version-history":[{"count":1,"href":"https:\/\/www.wedobd.com\/index.php?rest_route=\/wp\/v2\/posts\/496\/revisions"}],"predecessor-version":[{"id":3433,"href":"https:\/\/www.wedobd.com\/index.php?rest_route=\/wp\/v2\/posts\/496\/revisions\/3433"}],"wp:attachment":[{"href":"https:\/\/www.wedobd.com\/index.php?rest_route=%2Fwp%2Fv2%2Fmedia&parent=496"}],"wp:term":[{"taxonomy":"category","embeddable":true,"href":"https:\/\/www.wedobd.com\/index.php?rest_route=%2Fwp%2Fv2%2Fcategories&post=496"},{"taxonomy":"post_tag","embeddable":true,"href":"https:\/\/www.wedobd.com\/index.php?rest_route=%2Fwp%2Fv2%2Ftags&post=496"}],"curies":[{"name":"wp","href":"https:\/\/api.w.org\/{rel}","templated":true}]}}