{"id":497,"date":"2010-09-23T05:00:00","date_gmt":"2010-09-23T03:00:00","guid":{"rendered":"https:\/\/www.wedobd.com\/?p=497"},"modified":"2025-09-29T14:40:16","modified_gmt":"2025-09-29T12:40:16","slug":"stan-silas","status":"publish","type":"post","link":"https:\/\/www.wedobd.com\/?p=497","title":{"rendered":"Invit\u00e9 #92 : Stan Silas"},"content":{"rendered":"<p><strong>Depuis longtemps nous aimons beaucoup son travail. On aurait bien aim\u00e9 inviter Sansanx avant, cela sera le cas cette ann\u00e9e avec la venue de <a class=\"vt-p\" href=\"http:\/\/stan.silas.free.fr\" target=\"_blank\">Stan Silas<\/a> !<\/strong><\/p>\n<p style=\"text-align: center;\">\n<a class=\"vt-p\" href=\"http:\/\/yannicklejeune.blogs.com\/.a\/6a00d8341c501b53ef0134879c0d36970c-popup\" onclick=\"window.open( this.href, &#39;_blank&#39;, &#39;width=640,height=480,scrollbars=no,resizable=no,toolbar=no,directories=no,location=no,menubar=no,status=no,left=0,top=0&#39; ); return false\" style=\"display: inline;\"><img decoding=\"async\" alt=\"Festiblog\" class=\"asset asset-image at-xid-6a00d8341c501b53ef0134879c0d36970c \" src=\"https:\/\/www.wedobd.com\/wp-content\/uploads\/2010\/09\/6a00d8341c501b53ef0134879c0d36970c-500wi.jpg\" title=\"Festiblog\" \/><\/a> <br \/>&#0160;<\/p>\n<\/p>\n<p><strong>Qui es-tu ?<\/strong><\/p>\n<p>Stan Silas , ex-Sansanx. j&#39;habite \u00e0 Rennes, j&#39;ai 33 ans.<\/p>\n<p><\/p>\n<p><strong>Comment as-tu commenc\u00e9 \u00e0 dessiner ?<\/strong><\/p>\n<p>Depuis que je vais a l&#39;\u00e9cole, que je suis assis devant une feuille et un crayon. Mes cahiers \u00e9taient recouverts de dessins. Tout petit je dessinais Mickey, les schtroumpfs&#8230;<\/p>\n<p>Le coll\u00e8ge a \u00e9t\u00e9 le d\u00e9but d&#39;une longue p\u00e9riode Manga (Et oui les jeunes, dragon ball a plus de 20 ans&#8230;)<\/p>\n<\/p>\n<p><strong>As-tu suivi une formation ?<\/strong><\/p>\n<p>Non, c&#39;est mon plus grand regret.<\/p>\n<p><\/p>\n<p><strong>Peux-tu pr\u00e9senter ton blog ?<\/strong><\/p>\n<p>A l&#39;origine j&#39;y pr\u00e9sentait mon personnage Norman, j&#39;y racontais son histoire. Le temps a pass\u00e9, j&#39;ai eu moins de temps \u00e0 consacrer au dessin. \u00c7a me stressait de ne pas pouvoir poster r\u00e9guli\u00e8rement et j&#39;ai pr\u00e9f\u00e9r\u00e9 arr\u00eater.<\/p>\n<p>J&#39;ai profit\u00e9 il y a un an d&#39;une opportunit\u00e9 professionnelle (autrement appel\u00e9 ch\u00f4mage) pour remettre les pieds \u00e0 l&#39;\u00e9trier. &#0160;Norman allait \u00eatre publi\u00e9 ! J&#39;ai donc voulu reprendre contact avec les lecteurs. &#0160;Le blog est devenu une vitrine ou je pr\u00e9sente mes projets, mes diff\u00e9rents dessins et quelques trais d&#39;humeur. J&#39;ai remis \u00e9galement \u00e0 dispo les premi\u00e8re planches de Norman, celle qui me font bien honte. &#0160;<\/p>\n<p><\/p>\n<p><strong>Pourquoi as-tu commenc\u00e9 \u00e0 bloguer ?<\/strong><\/p>\n<p>Pour m&#39;entrainer et passer le temps (A l&#39;\u00e9poque j&#39;avais plein de temps..)<\/p>\n<p><\/p>\n<p><strong>Quel public voulais-tu rencontrer ?<\/strong><\/p>\n<p>Je n&#39;ai pas vis\u00e9 de publique en particulier. J&#39;\u00e9tais simplement content que des inconnus prennent le temps de lire mes \u00e2neries, apr\u00e8s, qui ils sont&#8230;<\/p>\n<p><\/p>\n<p><strong>Et finalement qui sont tes lecteurs ?<\/strong><\/p>\n<p>Si je me r\u00e9f\u00e8re \u00e0 la minorit\u00e9 qui laisse des commentaires, je dirais que ce sont des gens cultiv\u00e9s, sujets aux insomnies et ayant pour certain abandonn\u00e9 toute volont\u00e9 de s&#39;int\u00e9grer dans la vie sociale.<\/p>\n<p>Les autres et bien je ne sais pas.. j&#39;esp\u00e8re le d\u00e9couvrir durant le Festiblog.<\/p>\n<p><\/p>\n<p><strong>Combien de temps passes-tu en moyenne sur tes notes ?<\/strong><\/p>\n<p>Trop longtemps. Je ne sais pas comment font les blogeur pour poster un super truc en 1 heure. moi je peux passer une journ\u00e9e pour pondre une merde. il faudrait que je sois plus spontan\u00e9, il m&#39;arrive de caler une heure sur un mot mal choisi, comme si \u00e7a allait rehausser le niveau -__-\u00b0<\/p>\n<p><\/p>\n<p><strong>Est-ce que ce sont des dessins sp\u00e9cialement faits pour le blog ?<\/strong><\/p>\n<p>La plupart oui, c&#39;est cadeau.<\/p>\n<p><\/p>\n<p><strong>Avec quoi dessines-tu ?<\/strong><\/p>\n<p>crit\u00e9rium, feutre pigma micron et tablette graphique\/photoshop pourla couleur.<\/p>\n<p><\/p>\n<p><strong>Quelles sont tes influences graphiques ?<\/strong><\/p>\n<p>Je dirais qu&#39;il y a un peu de tout, m\u00eame si le style japonais est ce qu&#39;il y a de plus flagrant. Disons qu&#39;il y a un peu de Calvin et Hobbes et beaucoup de Jungle ha itsumo Hare nochi guu.<\/p>\n<p><\/p>\n<p><strong>Combien de temps passes-tu sur les blogs des autres ?<\/strong><\/p>\n<p>Alors l\u00e0 j&#39;ai honte. Disons quand j&#39;ai le temps et que j&#39;y pense, ce qui n&#39;arrive pas tr\u00e8s souvent. Je risque de passe \u00e0 cot\u00e9 de grosses stars durant le Festiblog et je ne le saurais m\u00eame pas.&#0160;<\/p>\n<\/p>\n<p><strong>Quels sont ceux dont tu es fan ?<\/strong><\/p>\n<p>Fan est un grand mot, je ne suis pas un lecteur de blog bd tr\u00e8s assidu. Disons que derni\u00e8rement j&#39;ai bien aim\u00e9 les tribulations du <a class=\"vt-p\" href=\"http:\/\/lepetitbreton.canalblog.com\/\" target=\"_blank\">petit breton<\/a>. J&#39;aime bien aussi <a class=\"vt-p\" href=\"http:\/\/www.pebfox.com\/blog\/\" target=\"_blank\">Peb et Fox<\/a> (m\u00eame si \u00e7a fait 6 mois que je n&#39;y suis pas all\u00e9&#8230;)<\/p>\n<p>vite question suivante.. \u00b0\/\/\/\/\u00b0<\/p>\n<p><\/p>\n<p><strong>As-tu fait des rencontres gr\u00e2ce aux blogs ?<\/strong><\/p>\n<p>En vrai non. Par contre j&#39;ai \u00e9t\u00e9 contact\u00e9 par <a class=\"vt-p\" href=\"http:\/\/missgally.com\/blog\/\" target=\"_blank\">Miss Gally<\/a> (s&#39;il vous plait) il y a quelques ann\u00e9es pour \u00e9diter un miniblog avec Norman. c&#39;est gr\u00e2ce a elle que j&#39;ai sign\u00e9 un contrat avec un \u00e9diteur pour la premi\u00e8re fois. J&#39;esp\u00e8re la rencontrer lors du Festiblog pour lui dire un gros Merci ^__^ &#0160;<\/p>\n<p><\/p>\n<p><strong>Es-tu sensible aux commentaires ?<\/strong><\/p>\n<p>Oui, c&#39;est m\u00eame assez horrible, je n&#39;ai aucun recul. Heureusement c&#39;est en g\u00e9n\u00e9ral assez positif.<\/p>\n<p>Remarque voil\u00e0 quelques temps que les commentaires sur mon blog n&#39;ont plus rien \u00e0 voir avec mes travaux ^__^\u00b0&#0160;<\/p>\n<p><\/p>\n<p><strong>De mani\u00e8re g\u00e9n\u00e9rale, penses-tu que la BD num\u00e9rique (\u00e0 lire sur le web, sur iPhone, sur PSP&#8230;) pourrait nuire \u00e0 la BD papier ?<\/strong><\/p>\n<p><strong><br \/><\/strong><\/p>\n<p>C&#39;est tr\u00e8s agr\u00e9able de lire sur une tablette, je pense que les deux doivent coexister. En plus je n&#39;aime pas stocker, je ne suis pas un collectionneur.<\/p>\n<p>j&#39;ai entass\u00e9 durant mes &quot;jeunes&quot; ann\u00e9es une tonne manga, il y en avait plein mes \u00e9tag\u00e8res. Je ne vous raconte pas la d\u00e9co. j&#39;ai depuis opt\u00e9 pour un design appartementesque moins moche.<\/p>\n<p>Je ne suis pas non plus partisant du &quot;tout num\u00e9rique&quot;, je garde jalousement quelques tr\u00e9sors mais disons que si certain livre meritent de rester sur mon \u00e9tag\u00e8re, je pr\u00e9f\u00e8re pour la plupart les acheter moins cher et m&#39;en d\u00e9barrasser quand j&#39;ai fini.<\/p>\n<p><\/p>\n<p><strong>O\u00f9 peut-on voir ton travail en dehors des blogs ?<\/strong><\/p>\n<p>Il arrive que Sylvaine fasse des apparitions sur le site de <a class=\"vt-p\" href=\"http:\/\/30joursdebd.com\/\" target=\"_blank\">30 jours de BD<\/a><\/p>\n<p><\/p>\n<p><strong>As-tu des albums ? Peux-tu nous les pr\u00e9senter ?<\/strong><\/p>\n<p>Oui!!! <em><a class=\"vt-p\" href=\"http:\/\/www.makaka-editions.com\/la-vie-de-norman\/\" target=\"_blank\">La vie de Norman<\/a><\/em> sort en fin d&#39;ann\u00e9e. La vie d&#39;un petit gar\u00e7on psychopate de 8 ans qui, \u00e0 cause du meurtre d&#39;une de ses camarades, va se retrouver embarqu\u00e9 dans une sale histoire.<\/p>\n<p>C&#39;est rigolo, \u00e7a ne vole pas haut et on retrouve l&#39;humour noir et l\u00e9ger que tout le monde aime bien ^__^\u00b0 Pour ceux qui ont suivit mon blog il y a quelques ann\u00e9es, ils conna\u00eetront enfin la fin !<\/p>\n<p>Je suis tr\u00e8s content de la tournure que \u00e7a prend, je r\u00eave de cet album depuis des ann\u00e9es et \u00e7a va bient\u00f4t se r\u00e9aliser! &#0160;Bien s\u00fbr je d\u00e9bute et on peut dire que j&#39;ai appris sur le tas. L\u2019album a chang\u00e9, il y a eu des am\u00e9liorations techniques et sc\u00e9naristiques au fur et \u00e0 mesure que j\u2019avan\u00e7ais. je remercie \u00e9norm\u00e9ment ma maison d&#39;\u00e9dition (<a class=\"vt-p\" href=\"http:\/\/www.makaka-editions.com\/\" target=\"_blank\">Makaka<\/a>) pour m&#39;avoir donner cette chance et permis d&#39;arriver \u00e0 ce r\u00e9sultat. &#0160;<\/p>\n<p>J&#39;ai encore beaucoup apprendre et je compte bien monter au level suivant avec le volume 2!<\/p>\n<p><\/p>\n<p><strong>Qu&#39;attends-tu de ta venue au Festiblog ?<\/strong><\/p>\n<p>Rencontrer mes lecteurs mais aussi d&#39;autres dessinateurs.<\/p>\n<p>Je suis un peu stress\u00e9, pas de quoi pauser un cierge mais suffisamment pour louper les d\u00e9dicaces qu&#39;on me demande. je tiens a pr\u00e9senter aux lecteurs par avance mes excuses, mes dessins risquent d&#39;\u00eatre \u00e0 chier.&#0160;<\/p>\n<p><\/p>\n<p><strong>Parle-nous d&#39;un truc qui n&#39;a rien \u00e0 voir avec la BD et que tu aimes ?<\/strong><\/p>\n<p>Les gens qui me connaissent pensent que je n&#39;aime rien, parce que je r\u00e2le tout le temps. Mais ce n&#39;est pas vrai! J&#39;appr\u00e9cie u<br \/>\nn bon vin rouge avec le poulet.<\/p>\n<p><\/p>\n<p><strong>Un dernier mot ?<\/strong><\/p>\n<p>A samedi !<\/p>\n<p><\/p><\/p>\n","protected":false},"excerpt":{"rendered":"<p>Depuis longtemps nous aimons beaucoup son travail. On aurait bien aim\u00e9 inviter Sansanx avant, cela sera le cas cette ann\u00e9e avec la venue de Stan Silas !<\/p>\n","protected":false},"author":3,"featured_media":0,"comment_status":"open","ping_status":"open","sticky":false,"template":"","format":"standard","meta":{"footnotes":""},"categories":[26,47],"tags":[400],"class_list":["post-497","post","type-post","status-publish","format-standard","hentry","category-02-le-festival-de-2005-a-2013","category-03-interviews-de-blogueurs-bd","tag-stan-silas"],"_links":{"self":[{"href":"https:\/\/www.wedobd.com\/index.php?rest_route=\/wp\/v2\/posts\/497","targetHints":{"allow":["GET"]}}],"collection":[{"href":"https:\/\/www.wedobd.com\/index.php?rest_route=\/wp\/v2\/posts"}],"about":[{"href":"https:\/\/www.wedobd.com\/index.php?rest_route=\/wp\/v2\/types\/post"}],"author":[{"embeddable":true,"href":"https:\/\/www.wedobd.com\/index.php?rest_route=\/wp\/v2\/users\/3"}],"replies":[{"embeddable":true,"href":"https:\/\/www.wedobd.com\/index.php?rest_route=%2Fwp%2Fv2%2Fcomments&post=497"}],"version-history":[{"count":1,"href":"https:\/\/www.wedobd.com\/index.php?rest_route=\/wp\/v2\/posts\/497\/revisions"}],"predecessor-version":[{"id":3435,"href":"https:\/\/www.wedobd.com\/index.php?rest_route=\/wp\/v2\/posts\/497\/revisions\/3435"}],"wp:attachment":[{"href":"https:\/\/www.wedobd.com\/index.php?rest_route=%2Fwp%2Fv2%2Fmedia&parent=497"}],"wp:term":[{"taxonomy":"category","embeddable":true,"href":"https:\/\/www.wedobd.com\/index.php?rest_route=%2Fwp%2Fv2%2Fcategories&post=497"},{"taxonomy":"post_tag","embeddable":true,"href":"https:\/\/www.wedobd.com\/index.php?rest_route=%2Fwp%2Fv2%2Ftags&post=497"}],"curies":[{"name":"wp","href":"https:\/\/api.w.org\/{rel}","templated":true}]}}