{"id":4991,"date":"2008-09-03T08:30:00","date_gmt":"2008-09-03T06:30:00","guid":{"rendered":"https:\/\/www.wedobd.com\/?p=4991"},"modified":"2025-09-29T15:51:36","modified_gmt":"2025-09-29T13:51:36","slug":"johan-troanowsk","status":"publish","type":"post","link":"https:\/\/www.wedobd.com\/?p=4991","title":{"rendered":"Johan Tro\u00efanowski, invit\u00e9 2008 #43"},"content":{"rendered":"<p><strong>Nous sommes ravis d&#8217;accueillir pour la premi\u00e8re fois Johan Tro\u00efanowski, du blog <a href=\"http:\/\/johantroianowski.canalblog.com\/\">Myst\u00e8res et boules de gomme<\/a> ! <\/strong><\/p>\n<p><strong>Qui es-tu ?<\/strong><br \/>Johan Tro\u00efanowski, 22 ans, j\u2019habite \u00e0 Lyon.<\/p>\n<p><strong>Comment as-tu commenc\u00e9 \u00e0 dessiner ?<\/strong><br \/>Je dessine depuis que je suis tout petit. J\u2019imaginais de nouvelles histoires de Mickey, Picsou et compagnie et j\u2019en faisais des petits recueils. J\u2019ai cr\u00e9\u00e9 mon premier fanzine il y a une dizaine d\u2019ann\u00e9es et depuis je n\u2019ai plus arr\u00eat\u00e9 !<\/p>\n<p><strong>As-tu suivi une formation ?<\/strong><br \/>J\u2019ai pass\u00e9 cinq ans aux Beaux-Arts.<\/p>\n<p><strong>Peux-tu pr\u00e9senter ton blog ?<\/strong><br \/>Alors, il s\u2019appelle \u00ab Myst\u00e8res et boules de gomme \u00bb, il a un an et demi ! On peut y trouver mes bandes dessin\u00e9es, illustrations, fanzines, livres\u2026 ainsi que des concours ! <\/p>\n<p><a href=\"http:\/\/yannicklejeune.blogs.com\/.shared\/image.html?\/photos\/uncategorized\/2008\/09\/02\/illus_johan2008_03.jpg\" onclick=\"window.open(this.href, '_blank', 'width=382,height=458,scrollbars=no,resizable=no,toolbar=no,directories=no,location=no,menubar=no,status=no,left=0,top=0'); return false\"><img loading=\"lazy\" decoding=\"async\" height=\"239\" border=\"0\" width=\"200\" alt=\"Illus_johan2008_03\" title=\"Illus_johan2008_03\" src=\"https:\/\/www.wedobd.com\/wp-content\/uploads\/2008\/09\/illus_johan2008_03.jpg\" style=\"margin: 0px 5px 5px 0px; float: left;\" \/><\/a><br \/>\n<strong>Pourquoi as-tu commenc\u00e9 \u00e0 bloguer ?<\/strong><br \/>J\u2019ai d\u00e9couvert le monde du net et des blogs il n\u2019y a pas longtemps. Je suis tomb\u00e9 sur le blog de <a href=\"http:\/\/bdmuette.canalblog.com\">Philippe Gardien<\/a>, que j\u2019ai ador\u00e9, et je me suis dis que je pourrais essayer d\u2019en faire un pour voir ! Et j\u2019y ai pris go\u00fbt! J\u2019y ai m\u00eame tellement pris go\u00fbt que j\u2019en ai lanc\u00e9 un second il y a un an, \u00ab <a href=\"http:\/\/fanzinebd.canalblog.com\">Six papiers sous terre<\/a> \u00bb, le blog des fanzines de bandes dessin\u00e9es.<\/p>\n<p><strong>Quel public voulais-tu rencontrer ?<\/strong><br \/>De nouveaux lecteurs, des gens que je n\u2019aurais jamais pu rencontrer autrement. Internet est une incroyable vitrine pour les artistes en tout genre !<\/p>\n<p><strong>Et finalement qui sont tes lecteurs ?<\/strong><br \/>Les gens qui viennent me voir sur des festivals sont autant des enfants que des adultes, et j\u2019ai l\u2019impression que mes lecteurs sont majoritairement des lectrices. <br \/><strong><br \/>Combien de temps passes-tu en moyenne sur tes notes ?<\/strong><br \/>C\u2019est variable. Si c\u2019est juste un dessin, \u00e7a prend environ une demi-heure. Pour un strip, \u00e7a tourne autour d\u2019une heure, une heure et demi, rarement plus ! Les notes que je fais pour le blog sont assez l\u00e2ch\u00e9es et spontan\u00e9es, je ne fais pas de crayonn\u00e9s.<br \/><strong><br \/>Est-ce que ce sont des dessins sp\u00e9cialement faits pour le blog ?<\/strong><br \/>Certaines notes sont r\u00e9alis\u00e9es exclusivement pour le blog (notamment les strips du corbeau), il y a aussi pas mal de dessins pr\u00e9paratoires, de recherches, de crobards, que je r\u00e9alise pour mes futurs ouvrages et qui, gr\u00e2ce au blog, peuvent sortir de mes carnets. J\u2019y mets \u00e9galement des planches que j\u2019ai r\u00e9alis\u00e9 pour des fanzines comme Brouillon ou Halbran, ainsi que pour le site 30 jours de BD.<br \/><strong><br \/>Avec quoi dessines-tu (crayons, pinceau, palette&#8230;) ?<\/strong><br \/>Avec un peu tout en fait. Mon outil de pr\u00e9dilection est la plume mais je bosse aussi aux pastels, crayons de couleurs,&nbsp; pinceau,&nbsp; aquarelle, pochoir, bombe\u2026 Je me suis m\u00eame mis \u00e0 la palette et aux couleurs ordi mais je pr\u00e9f\u00e8re toujours le contact du papier et de l\u2019encre.<\/p>\n<p><strong>Quelles sont tes influences graphiques ?<\/strong><br \/>Elles me viennent de partout. Je suis autant influenc\u00e9 par le cin\u00e9ma expressionniste allemand que par Le Seigneur des Anneaux. En bande dessin\u00e9e, je lis absolument de tout, des aventures fantastiques de Thorgal aux histoires plus intimistes de Koren Shadmi. Je trouve des choses \u00e0 exploiter dans chacune de ses \u0153uvres. Comme dans celles de Fred,&nbsp; Frederic Peeters,&nbsp; J.C. Pol,&nbsp; Dodo et Ben Radis, Olivier Supiot,&nbsp; Ptiluc, Alfred,&nbsp; David B.,&nbsp; Bouzard, Gotlib, Dumontheuil, Moebius, Hanco Holk, Bourgeon\u2026 En fait, \u00e7a serait trop long de faire une liste, y\u2019en a tellement qui sont bourr\u00e9s de talent et qui m\u2019inspirent ! J\u2019ajouterai quand m\u00eame l\u2019\u0153uvre de Lewis Carroll et son Alice qui ne cesse de m\u2019obs\u00e9der ! <br \/>Sinon&nbsp; ma derni\u00e8re grosse claque graphique me vient de Tony Sandoval, que j\u2019ai eu la chance de le rencontrer, il est extraordinaire !<\/p>\n<p><a href=\"http:\/\/yannicklejeune.blogs.com\/.shared\/image.html?\/photos\/uncategorized\/2008\/09\/02\/illus_johan2008_01.jpg\" onclick=\"window.open(this.href, '_blank', 'width=600,height=395,scrollbars=no,resizable=no,toolbar=no,directories=no,location=no,menubar=no,status=no,left=0,top=0'); return false\"><img loading=\"lazy\" decoding=\"async\" height=\"276\" border=\"0\" width=\"420\" alt=\"Illus_johan2008_01\" title=\"Illus_johan2008_01\" src=\"https:\/\/www.wedobd.com\/wp-content\/uploads\/2008\/09\/illus_johan2008_01.jpg\" \/><\/a>\n<\/p>\n<p><strong><br \/>Combien de temps passes-tu sur les blogs des autres (par jour ? par mois ?) ?<\/strong><br \/>J\u2019essaye de me limiter sinon j\u2019y passe ma vie et je ne bosse pas. Je dirais que je tourne autour de la demi-heure par jour (mais en fait c\u2019est s\u00fbrement plus !)<\/p>\n<p><strong>Quels sont ceux dont tu es fan ?<\/strong><br \/>J\u2019adore le travail de <a href=\"http:\/\/chanouga.over-blog.com\/\">Chanouga<\/a> et d\u2019<a href=\"http:\/\/ileanasurducan-fr.blogspot.com\/\">Ileana<\/a>! Je suis aussi fan du boulot de <a href=\"http:\/\/www.loicsecheresse.com\/blog\/\">Lo\u00efc S\u00e9cheresse<\/a> et je tourne aussi pas mal du c\u00f4t\u00e9 de chez <a href=\"http:\/\/blog.chabd.com\/\">Cha<\/a>. Et y\u2019en a aussi plein d\u2019autres, ils sont en lien sur mon blog !<\/p>\n<p><strong>As-tu fait des rencontres gr\u00e2ce aux blogs ?<\/strong><br \/>Oui, j\u2019ai eu le plaisir de rencontrer certains membres de <a href=\"http:\/\/www.30joursdebd.com\/\">30 jours de BD<\/a>,&nbsp; j\u2019\u00e9tais tr\u00e8s heureux de les voir en vrai ! Et j\u2019ai aussi crois\u00e9 des lecteurs de mon blog, \u00e7a fait plaisir de voir les gens qui vous suivent tous les jours et qui appr\u00e9cient votre travail. Je me dis que je ne fais pas \u00e7a pour rien.<\/p>\n<p><strong>Es-tu sensible aux commentaires ?<\/strong><br \/>Les commentaires positifs me font bien entendu tr\u00e8s plaisir. Il y a parfois des gens qui laissent des commentaires tellement gentils que je ne sais plus o\u00f9 me mettre ! \u00c7a me fait toujours halluciner de voir que certaines personnes peuvent \u00eatre autant touch\u00e9s par mon univers. C\u2019est tr\u00e8s motivant. Sinon, je ne tiens compte des commentaires n\u00e9gatifs que s\u2019ils sont argument\u00e9s et constructifs.<br \/><strong><br \/>Pour toi, quels sont les points forts du blog et de la BD en ligne ?<\/strong><br \/>Le fait de pouvoir toucher un large public.<\/p>\n<p><strong>Et les points faibles ?<\/strong><br \/>Le seul point faible, c\u2019est que je pr\u00e9f\u00e8re lire une bande dessin\u00e9e en tournant les pages d\u2019un livre plut\u00f4t qu\u2019en la faisant d\u00e9filer sur un \u00e9cran \u00e0 l\u2019aide d\u2019une souris. Mais c\u2019est tr\u00e8s subjectif !<\/p>\n<p><strong>Comment penses-tu que la blogosph\u00e8re BD va \u00e9voluer ?<\/strong><br \/>Euh\u2026 \u00e7a ne fait pas assez longtemps que je vogue dans ce milieu pour pouvoir r\u00e9pondre \u00e0 cette question.<\/p>\n<p><strong>Penses-tu que les gens vont de plus en plus lire de BD en ligne ?<\/strong><br \/>Si la qualit\u00e9 est au rendez-vous, il n\u2019y a pas de raison de se priver !<\/p>\n<p><strong>De mani\u00e8re g\u00e9n\u00e9rale, penses-tu que la BD num\u00e9rique (\u00e0 lire sur le web, sur iPhone, sur PSP&#8230;) pourrait nuire \u00e0 la BD papier ?<\/strong><br \/>Je ne crois pas, ce n\u2019est pas la m\u00eame chose. Chaque support a ses particularit\u00e9s. En plus, les auteurs qui ont un blog r\u00eavent pour la plupart de se faire rep\u00e9rer par un \u00e9diteur et de publier un bouquin. <\/p>\n<p><a href=\"http:\/\/yannicklejeune.blogs.com\/.shared\/image.html?\/photos\/uncategorized\/2008\/09\/02\/illus_johan2008_02.jpg\" onclick=\"window.open(this.href, '_blank', 'width=539,height=600,scrollbars=no,resizable=no,toolbar=no,directories=no,location=no,menubar=no,status=no,left=0,top=0'); return false\"><img loading=\"lazy\" decoding=\"async\" height=\"467\" border=\"0\" width=\"420\" alt=\"Illus_johan2008_02\" title=\"Illus_johan2008_02\" src=\"https:\/\/www.wedobd.com\/wp-content\/uploads\/2008\/09\/illus_johan2008_02.jpg\" \/><\/a>\n<\/p>\n<p><\/p>\n<p><strong>O\u00f9 peut-on voir ton travail en dehors des blogs ?<\/strong><br \/>J\u2019ai illustr\u00e9 plusieurs livres de po\u00e9sies pour les enfants aux \u00e9ditions Pluie d\u2019\u00e9toiles et Gros Textes ainsi qu\u2019un C.D. de Philippe S\u00e9ranne. J\u2019ai cr\u00e9\u00e9 il y a maintenant cinq ans le fanzine Brouillon et je participe aussi aux fanzines Halbran et Helban. Je r\u00e9alise \u00e9galement tous les mois des planches pour le site 30 jours de BD et je suis \u00e9galement dans le mini-album 1.4 \u00e9dit\u00e9 par Makaka. <br \/>Sinon j\u2019ai coll\u00e9 pas mal de mes dessins dans les rues de Toulon, la plupart ont disparu mais on peut en voir la trace sur mon blog. Je pense que maintenant que j\u2019ai d\u00e9m\u00e9nag\u00e9, je vais m\u2019attaquer aux rues de Lyon ! J\u2019ai aussi fait des fresques pour une librairie et un salon de coiffure \u00e0 Toulon.<\/p>\n<p><strong><br \/>As-tu des albums ? Peux-tu nous les pr\u00e9senter ?<\/strong><br \/>Mon premier v\u00e9ritable album de bande dessin\u00e9e sortira en avril 2009 chez Makaka. \u00c7a s\u2019appellera \u00ab Rouge \u00bb et se sera une s\u00e9rie pour enfants dans un univers m\u00e9di\u00e9val un peu particulier. Vous pouvez voir quelques extraits sur mon blog ou sur le site de Makaka.<\/p>\n<p><strong>Qu&#8217;attends-tu de ta venue au Festiblog ?<\/strong><br \/>De rencontrer tout plein de gens sympas, de boire des coups et de passer un agr\u00e9able moment!<br \/><strong><br \/>Parle-nous d&#8217;un truc qui n&#8217;a rien \u00e0 voir avec la BD et que tu aimes ?<\/strong><br \/>Euh\u2026 ben j\u2019adore la rando.<\/p>\n<p><strong>Un dernier mot ?<\/strong><br \/>Je viens juste de d\u00e9barquer \u00e0 Lyon et je cherche donc des amis !<\/p>\n","protected":false},"excerpt":{"rendered":"<p>Nous sommes ravis d&#8217;accueillir pour la premi\u00e8re fois Johan Tro\u00efanowski, du blog Myst\u00e8res et boules de gomme ! Qui es-tu ?Johan Tro\u00efanowski, 22 ans, j\u2019habite \u00e0 Lyon. Comment as-tu commenc\u00e9 \u00e0 dessiner ?Je dessine depuis que je suis tout petit. J\u2019imaginais de nouvelles histoires de Mickey, Picsou et compagnie et j\u2019en faisais des petits recueils. [&hellip;]<\/p>\n","protected":false},"author":4,"featured_media":0,"comment_status":"open","ping_status":"open","sticky":false,"template":"","format":"standard","meta":{"footnotes":""},"categories":[26,47],"tags":[],"class_list":["post-4991","post","type-post","status-publish","format-standard","hentry","category-02-le-festival-de-2005-a-2013","category-03-interviews-de-blogueurs-bd"],"_links":{"self":[{"href":"https:\/\/www.wedobd.com\/index.php?rest_route=\/wp\/v2\/posts\/4991","targetHints":{"allow":["GET"]}}],"collection":[{"href":"https:\/\/www.wedobd.com\/index.php?rest_route=\/wp\/v2\/posts"}],"about":[{"href":"https:\/\/www.wedobd.com\/index.php?rest_route=\/wp\/v2\/types\/post"}],"author":[{"embeddable":true,"href":"https:\/\/www.wedobd.com\/index.php?rest_route=\/wp\/v2\/users\/4"}],"replies":[{"embeddable":true,"href":"https:\/\/www.wedobd.com\/index.php?rest_route=%2Fwp%2Fv2%2Fcomments&post=4991"}],"version-history":[{"count":1,"href":"https:\/\/www.wedobd.com\/index.php?rest_route=\/wp\/v2\/posts\/4991\/revisions"}],"predecessor-version":[{"id":5868,"href":"https:\/\/www.wedobd.com\/index.php?rest_route=\/wp\/v2\/posts\/4991\/revisions\/5868"}],"wp:attachment":[{"href":"https:\/\/www.wedobd.com\/index.php?rest_route=%2Fwp%2Fv2%2Fmedia&parent=4991"}],"wp:term":[{"taxonomy":"category","embeddable":true,"href":"https:\/\/www.wedobd.com\/index.php?rest_route=%2Fwp%2Fv2%2Fcategories&post=4991"},{"taxonomy":"post_tag","embeddable":true,"href":"https:\/\/www.wedobd.com\/index.php?rest_route=%2Fwp%2Fv2%2Ftags&post=4991"}],"curies":[{"name":"wp","href":"https:\/\/api.w.org\/{rel}","templated":true}]}}