{"id":4993,"date":"2008-09-02T08:30:00","date_gmt":"2008-09-02T06:30:00","guid":{"rendered":"https:\/\/www.wedobd.com\/?p=4993"},"modified":"2025-09-29T15:51:46","modified_gmt":"2025-09-29T13:51:46","slug":"dr-folaweb-invi","status":"publish","type":"post","link":"https:\/\/www.wedobd.com\/?p=4993","title":{"rendered":"Dr Folaweb, invit\u00e9 2008 #41"},"content":{"rendered":"<p><strong>Dr Folaweb est l&#8217;une des trois personnes \u00e0 l&#8217;origine du site <a href=\"http:\/\/www.webcomics.fr\/\">Webcomics.fr<\/a> , sur lequel il tient entre autre le webcomics <a href=\"http:\/\/deoignito.webcomics.fr\/\">Deo Ignito<\/a>. C&#8217;est sa premi\u00e8re venue au Festiblog, bienvenue \u00e0 lui !<br \/><\/strong><\/p>\n<p><strong><img decoding=\"async\" border=\"0\" src=\"https:\/\/www.wedobd.com\/wp-content\/uploads\/2008\/09\/illus_folaweb2008_03_2.png\" title=\"Illus_folaweb2008_03_2\" alt=\"Illus_folaweb2008_03_2\" style=\"margin: 0px 5px 5px 0px; float: left;\" \/><br \/>\nQui es-tu ?<\/strong><br \/>Dr_Folaweb <\/p>\n<p><strong>Comment as-tu commenc\u00e9 \u00e0 dessiner ?<\/strong><br \/>J&#8217;ai commenc\u00e9 comme tout le monde: quand j&#8217;\u00e9tais petit. Je ne me suis pas arr\u00eat\u00e9 depuis, et voil\u00e0. <\/p>\n<p><strong>As-tu suivi une formation ?<\/strong><br \/>Ce n&#8217;est qu&#8217;\u00e0 partir de mon passage \u00e0 St-Luc Bruxelles que j&#8217;ai vraiment commenc\u00e9 \u00e0 faire autre chose que des gribouilles sur mes feuilles de cours (bien que j&#8217;aie continu\u00e9 encore six ans), et que j&#8217;ai vraiment commenc\u00e9 \u00e0 faire de la bd. <\/p>\n<p><strong>Peux-tu pr\u00e9senter ton blog ?<\/strong><br \/>\u00ab Deo Ignito \u00bb est l&#8217;histoire d&#8217;une jeune fille qui se retrouve en enfer et qui se voit offrir un job de d\u00e9mon. Voil\u00e0 le point de d\u00e9part, le reste est improvis\u00e9 au fur et \u00e0 mesure. Depuis un an et demi, presque sans discontinuer, je publie une (double) planche couleur par semaine. <br \/><strong><br \/>Pourquoi as-tu commenc\u00e9 \u00e0 bloguer ?<\/strong><br \/>\u00c7a m&#8217;a sembl\u00e9 couler de sources: depuis 1999 je publie des planches et des dessins sur le net, j&#8217;en lis aussi que d&#8217;autres publient. Les outils pour le faire sont de plus en plus disponibles et le nombre de blog-bd et de webcomics explose ces derni\u00e8res ann\u00e9es. Nous sommes nous-m\u00eames, JiF (Julien Falgas), JMG (Julien Portalier) et moi-m\u00eame derri\u00e8re <a href=\"http:\/\/www.webcomics.fr\/\">webcomics.fr<\/a> qui est une plateforme d&#8217;h\u00e9bergement d\u00e9di\u00e9e \u00e0 la bd en ligne. &#8230;et puis, quand on d\u00e9bute, il est bien plus facile de s&#8217;auto-publier sur le net que d&#8217;avoir recours \u00e0 un \u00e9diteur. <\/p>\n<p><strong>Quel public voulais-tu rencontrer ?<\/strong><br \/>Je n&#8217;avais pas en t\u00eate de public particulier quand j&#8217;ai commenc\u00e9 \u00e0 poster mes planches, et je n&#8217;en ai toujours pas. Que ceux \u00e0 qui le webcomics plait restent, et voil\u00e0. J&#8217;ai commenc\u00e9 un webcomics pour me forcer \u00e0 dessiner r\u00e9guli\u00e8rement: c&#8217;est en forgeant qu&#8217;on devient forgeron, et ce n&#8217;est pas avec des id\u00e9es ou avec des projets qu&#8217;on devient dessinateur: il me fallait produire des planches. <br \/><strong><br \/>Et finalement qui sont tes lecteurs ?<\/strong><br \/>Je n&#8217;en ai toujours aucune id\u00e9e ! Quelques-uns seulement se manifestent ou laissent des commentaires. Mon premier public, c&#8217;\u00e9tait la famille et les copains du net. Forc\u00e9ment: ils sont les premiers avertis. Puis, peu \u00e0 peu, des anonymes sont venus grossir les rangs des lecteurs. <\/p>\n<p><a href=\"http:\/\/yannicklejeune.blogs.com\/photos\/uncategorized\/2008\/09\/01\/illus_folaweb2008_01.png\"><img decoding=\"async\" border=\"0\" src=\"https:\/\/www.wedobd.com\/wp-content\/uploads\/2008\/09\/illus_folaweb2008_01.png\" title=\"Illus_folaweb2008_01\" alt=\"Illus_folaweb2008_01\" class=\"image-full\" \/><\/a>\n<\/p>\n<p><\/p>\n<p><strong>Combien de temps passes-tu en moyenne sur tes notes ?<\/strong><br \/>Deux jours par page. Le premier pour storyboarder, crayonner, recrayonner, mettre au net, encrer. Le second pour colorier. <br \/><strong><br \/>Est-ce que ce sont des dessins sp\u00e9cialement faits pour le blog ?<\/strong><br \/>Absolument. De temps en temps il y a en a pour illustrer une note, pour excuser un retard, mais ils ne sont pas destin\u00e9s \u00e0 autre chose qu&#8217;\u00e0 accompagner le webcomics. <\/p>\n<p><strong>Avec quoi dessines-tu (crayons, pinceau, palette&#8230;) ?<\/strong><br \/>Au d\u00e9but, j&#8217;ai essay\u00e9 de varier les techniques pour trouver la meilleure combinaison. Ainsi, il est exclu que je redessine \u00e0 la tablette. Par contre, elle reste indispensable pour la couleur. J&#8217;utilise en g\u00e9n\u00e9ral un porte-mine pour les crayonn\u00e9s (parfois pour l&#8217;encrage), un &quot;Faber-Castell Pitt artist pen&quot; taille S pour l&#8217;encrage, le tout sur du papier Steinbach. <br \/><strong><br \/>Quelles sont tes influences graphiques ?<\/strong><br \/>Un peu de tout, beaucoup de rien. J&#8217;ai lu beaucoup de classiques (Tintin, Ast\u00e9rix, Lucky-Luke, Kid Ordinn,&#8230; ) dans mon enfance. Ado, je me suis int\u00e9ress\u00e9 aux mangas (Apple Seed, Gunnm, Caf\u00e9 Alpha, Dragon Ball, Ranma \u00bd,&#8230;) il en reste certainement quelques traces. Je suis plus comics maintenant, sans exc\u00e8s. <\/p>\n<p><strong>Combien de temps passes-tu sur les blogs des autres (par jour ? par mois ?) ?<\/strong><br \/>Je perds mes journ\u00e9es sur le net, je dois passer sans doute une heure ou deux chaque jour \u00e0 faire la tourn\u00e9e des blogs, toujours les m\u00eames: ceux de Boulet, Cha, Tanxxx, Jib\u00e9, Miss Gally, Obion, Martin Vidberg, P\u00e9n\u00e9lope, Herv\u00e9, Yllya, Soph&#8217;, Thorn, Lewis Trondheim, Shyle,&#8230; et d&#8217;autres quand un titre m&#8217;attire dans la liste de <a href=\"http:\/\/blogsbd.fr\/\">blogsbd.fr<\/a> <\/p>\n<p><strong>As-tu fait des rencontres gr\u00e2ce aux blogs ?<\/strong><br \/>Des rencontres virtuelles, absolument, c&#8217;est in\u00e9vitable. IRL, elles sont plus rares. <\/p>\n<p><strong>Es-tu sensible aux commentaires ?<\/strong><br \/>Pour l&#8217;instant, je n&#8217;ai pas \u00e0 me plaindre de commentaires violents ou d\u00e9plac\u00e9s. Un peu de spam, tout au plus. Pour le reste, je tiens compte des remarques concernant l&#8217;orthographe (c&#8217;est bien pratique, en fait). De temps en temps, il arrive aussi qu&#8217;un lecteur pointe quelque chose qui me laisse penser que je devrais modifier\/d\u00e9velopper un point du sc\u00e9nario. <\/p>\n<p><strong>Pour toi, quels sont les points forts du blog et de la BD en ligne ?<\/strong><br \/>La proximit\u00e9 avec les lecteurs, la quasi-gratuit\u00e9 du support. N&#8217;importe qui peut publier. <\/p>\n<p><strong>Et les points faibles ?<\/strong><br \/>La proximit\u00e9 avec les lecteurs, la quasi-gratuit\u00e9 du support. N&#8217;importe qui peut publier. <br \/><strong><br \/>Comment penses-tu que la blogosph\u00e8re BD va \u00e9voluer ?<\/strong><br \/>\u00c7a va \u00eatre l&#8217;heure des labels. <\/p>\n<p><strong>Penses-tu que les gens vont de plus en plus lire de BD en ligne ?<\/strong><br \/>J&#8217;y compte bien \ud83d\ude42 sur ordi, sur t\u00e9l\u00e9phone, sur d&#8217;autres supports,&#8230; C&#8217;est in\u00e9vitable, il suffit d&#8217;\u00eatre patient. <\/p>\n<p><strong>De mani\u00e8re g\u00e9n\u00e9rale, penses-tu que la BD num\u00e9rique (\u00e0 lire sur le web, sur iPhone, sur PSP&#8230;) pourrait nuire \u00e0 la BD papier ?<\/strong><br \/>Non, il y a trop de diff\u00e9rence entre les deux types de supports pour qu&#8217;ils soient concurrentiels. L&#8217;exp\u00e9rience n&#8217;est pas la m\u00eame. Au contraire, peut-\u00eatre que des lecteurs num\u00e9riques s&#8217;int\u00e9resseront davantage au papier, ou inversement, qui sait. <\/p>\n<p><a href=\"http:\/\/yannicklejeune.blogs.com\/photos\/uncategorized\/2008\/09\/01\/illus_folaweb2008_02.png\"><img decoding=\"async\" border=\"0\" src=\"https:\/\/www.wedobd.com\/wp-content\/uploads\/2008\/09\/illus_folaweb2008_02.png\" title=\"Illus_folaweb2008_02\" alt=\"Illus_folaweb2008_02\" class=\"image-full\" \/><\/a>\n<\/p>\n<p><strong><br \/>O\u00f9 peut-on voir ton travail en dehors des blogs ?<\/strong><br \/>J&#8217;ai une ancienne galerie sur <a href=\"http:\/\/drfolaweb.free.fr\/lecabinet\">http:\/\/drfolaweb.free.fr\/lecabinet<\/a> pour les archives bd, illus, 3d,&#8230; Je suis encore un peu actif sur <a href=\"http:\/\/www.bdamateur.com\/bda\/php\/index.php\">bdamateur.com<\/a> mais je passe tout mon temps sur <a href=\"http:\/\/www.webcomics.fr\/\">webcomics.fr<\/a> maintenant. <\/p>\n<p><strong>As-tu des albums ? Peux-tu nous les pr\u00e9senter ?<\/strong><br \/>Pas d&#8217;albums qui soient vraiment de moi, mais j&#8217;en ai mis en couleur pour les Humano\u00efdes Associ\u00e9s: Elias le maudit, Le monde d&#8217;Alef Thau, notamment. <\/p>\n<p><strong>Qu&#8217;attends-tu de ta venue au Festiblog ?<\/strong><br \/>Voir peut-\u00eatre certains de mes lecteurs en chair et en os ? Ce serait d\u00e9j\u00e0 pas mal. <br \/><strong><br \/>Parle-nous d&#8217;un truc qui n&#8217;a rien \u00e0 voir avec la BD et que tu aimes ?<\/strong><br \/>Le Tiramisu. C&#8217;est bon, mangez-en. <\/p>\n<p><strong>Un dernier mot ?<\/strong><br \/>Calfeutrer<\/p>\n","protected":false},"excerpt":{"rendered":"<p>Dr Folaweb est l&#8217;une des trois personnes \u00e0 l&#8217;origine du site Webcomics.fr , sur lequel il tient entre autre le webcomics Deo Ignito. C&#8217;est sa premi\u00e8re venue au Festiblog, bienvenue \u00e0 lui ! Qui es-tu ?Dr_Folaweb Comment as-tu commenc\u00e9 \u00e0 dessiner ?J&#8217;ai commenc\u00e9 comme tout le monde: quand j&#8217;\u00e9tais petit. Je ne me suis pas [&hellip;]<\/p>\n","protected":false},"author":4,"featured_media":0,"comment_status":"open","ping_status":"open","sticky":false,"template":"","format":"standard","meta":{"footnotes":""},"categories":[26,47],"tags":[],"class_list":["post-4993","post","type-post","status-publish","format-standard","hentry","category-02-le-festival-de-2005-a-2013","category-03-interviews-de-blogueurs-bd"],"_links":{"self":[{"href":"https:\/\/www.wedobd.com\/index.php?rest_route=\/wp\/v2\/posts\/4993","targetHints":{"allow":["GET"]}}],"collection":[{"href":"https:\/\/www.wedobd.com\/index.php?rest_route=\/wp\/v2\/posts"}],"about":[{"href":"https:\/\/www.wedobd.com\/index.php?rest_route=\/wp\/v2\/types\/post"}],"author":[{"embeddable":true,"href":"https:\/\/www.wedobd.com\/index.php?rest_route=\/wp\/v2\/users\/4"}],"replies":[{"embeddable":true,"href":"https:\/\/www.wedobd.com\/index.php?rest_route=%2Fwp%2Fv2%2Fcomments&post=4993"}],"version-history":[{"count":1,"href":"https:\/\/www.wedobd.com\/index.php?rest_route=\/wp\/v2\/posts\/4993\/revisions"}],"predecessor-version":[{"id":5876,"href":"https:\/\/www.wedobd.com\/index.php?rest_route=\/wp\/v2\/posts\/4993\/revisions\/5876"}],"wp:attachment":[{"href":"https:\/\/www.wedobd.com\/index.php?rest_route=%2Fwp%2Fv2%2Fmedia&parent=4993"}],"wp:term":[{"taxonomy":"category","embeddable":true,"href":"https:\/\/www.wedobd.com\/index.php?rest_route=%2Fwp%2Fv2%2Fcategories&post=4993"},{"taxonomy":"post_tag","embeddable":true,"href":"https:\/\/www.wedobd.com\/index.php?rest_route=%2Fwp%2Fv2%2Ftags&post=4993"}],"curies":[{"name":"wp","href":"https:\/\/api.w.org\/{rel}","templated":true}]}}