{"id":501,"date":"2010-09-20T14:21:36","date_gmt":"2010-09-20T12:21:36","guid":{"rendered":"https:\/\/www.wedobd.com\/?p=501"},"modified":"2025-09-29T14:40:32","modified_gmt":"2025-09-29T12:40:32","slug":"melle-lulu","status":"publish","type":"post","link":"https:\/\/www.wedobd.com\/?p=501","title":{"rendered":"Invit\u00e9e #88 : Melle Lulu"},"content":{"rendered":"<p><strong>Place \u00e0 une petite nouvelle au Festiblog ! Notre invit\u00e9e du jour vous d\u00e9voilera son vrai visage en septembre, en attendant nous vous invitons \u00e0 la d\u00e9couvrir au travers de son interview. Bienvenue \u00e0 <a class=\"vt-p\" href=\"http:\/\/luluinthesky.illustrateur.org\/\" target=\"_blank\">Melle Lulu<\/a> !<\/strong><\/p>\n<p style=\"text-align: center;\"><strong><br \/>\n<a class=\"vt-p\" href=\"http:\/\/yannicklejeune.blogs.com\/.a\/6a00d8341c501b53ef0133f464a35e970b-popup\" onclick=\"window.open( this.href, &#39;_blank&#39;, &#39;width=640,height=480,scrollbars=no,resizable=no,toolbar=no,directories=no,location=no,menubar=no,status=no,left=0,top=0&#39; ); return false\" style=\"display: inline;\"><img decoding=\"async\" alt=\"Lulu01\" class=\"asset asset-image at-xid-6a00d8341c501b53ef0133f464a35e970b \" src=\"https:\/\/www.wedobd.com\/wp-content\/uploads\/2010\/09\/6a00d8341c501b53ef0133f464a35e970b-500wi.jpg\" title=\"Lulu01\" \/><\/a> <br \/>&#0160;<br \/><\/strong><\/p>\n<p><strong>Qui es-tu ?<\/strong><\/p>\n<p>Je m\u2019appelle Lulu, j\u2019ai une chevelure blonde merveilleusement longue, un crapaud capricieux qui s\u2019appelle Albert et je d\u00e9teste le kiwi. <\/p>\n<p><\/p>\n<p><strong>Comment as-tu commenc\u00e9 \u00e0 dessiner ?<\/strong><\/p>\n<p>Petite, j\u2019avais un besoin fr\u00e9n\u00e9tique de dessiner des princesses et des princes&#8230; Moyenne, j\u2019avais un besoin fr\u00e9n\u00e9tique de trouver un prince&#8230; Grande, j\u2019ai eu un besoin fr\u00e9n\u00e9tique de d\u00e9plorer l\u2019existence de ce prince sur papier&#8230; et maintenant&#8230; je suis presque gu\u00e9rie! (quoi? comment \u00e7a je ne suis pas plausible?) <\/p>\n<p style=\"text-align: center;\">\n<a class=\"vt-p\" href=\"http:\/\/yannicklejeune.blogs.com\/.a\/6a00d8341c501b53ef013487849da1970c-popup\" onclick=\"window.open( this.href, &#39;_blank&#39;, &#39;width=640,height=480,scrollbars=no,resizable=no,toolbar=no,directories=no,location=no,menubar=no,status=no,left=0,top=0&#39; ); return false\" style=\"display: inline;\"><img decoding=\"async\" alt=\"Lulu02\" class=\"asset asset-image at-xid-6a00d8341c501b53ef013487849da1970c \" src=\"https:\/\/www.wedobd.com\/wp-content\/uploads\/2010\/09\/6a00d8341c501b53ef013487849da1970c-500wi.jpg\" title=\"Lulu02\" \/><\/a> <br \/>&#0160;<\/p>\n<p><strong>As-tu suivi une formation ?<\/strong><\/p>\n<p>Oui, pour me perfectionner j\u2019ai eu quelques ann\u00e9es d\u2019\u00e9tudes avec le profond soutien d\u2019un ours poilu, puis d\u2019un lion bleu et d\u2019une merveilleuse f\u00e9e. <\/p>\n<p><\/p>\n<p><strong>Peux-tu pr\u00e9senter ton blog ?<\/strong><\/p>\n<p>\u00abLulu in the sky with diamonds\u00bb est \u00e9videmment un clin d\u2019oeil au rock des ann\u00e9es 60-70 que j\u2019affectionne tr\u00e8s particuli\u00e8rement. Non pas que je puisse avoir une addiction aux hallucinog\u00e8nes comme le (non-)sugg\u00e8re la chanson des Beatles, mais les couleurs et l\u2019ambiance psych\u00e9d\u00e9lique de la chanson refl\u00e9tait bien l\u2019\u00e9tat d\u2019\u00e2me que j\u2019avais lors de la cr\u00e9ation de ce blog&#8230; aussi c\u2019est un blog qui parle de mon quotidien de \u00abgirl with kaleidoscope eyes\u00bb&#8230; <\/p>\n<p style=\"text-align: center;\">\n<a class=\"vt-p\" href=\"http:\/\/yannicklejeune.blogs.com\/.a\/6a00d8341c501b53ef0133f464a4cc970b-popup\" onclick=\"window.open( this.href, &#39;_blank&#39;, &#39;width=640,height=480,scrollbars=no,resizable=no,toolbar=no,directories=no,location=no,menubar=no,status=no,left=0,top=0&#39; ); return false\" style=\"display: inline;\"><img decoding=\"async\" alt=\"Lulu03\" class=\"asset asset-image at-xid-6a00d8341c501b53ef0133f464a4cc970b \" src=\"https:\/\/www.wedobd.com\/wp-content\/uploads\/2010\/09\/6a00d8341c501b53ef0133f464a4cc970b-500wi.jpg\" title=\"Lulu03\" \/><\/a> <br \/>&#0160;<\/p>\n<p><strong>Pourquoi as-tu commenc\u00e9 \u00e0 bloguer ?<\/strong><\/p>\n<p>Au d\u00e9part c\u2019\u00e9tait pour lancer LE grand casting du \u00abPrince Charming 2010\u00bb pour la Saint-Valentin, et \u00e9viter de me retrouver une \u00e9ni\u00e8me fois seule&#8230; une fois le casting r\u00e9alis\u00e9 aupr\u00e8s de tous ces hommes fougueux postulant au titre de \u00abPrince charming\u00bb, le blog a continu\u00e9 dans sa lanc\u00e9e et \u00e0 publier mes billets d\u2019humeurs. <\/p>\n<p><\/p>\n<p><strong>Quel public voulais-tu rencontrer ?<\/strong><\/p>\n<p>De beaux princes aux sourires enj\u00f4leurs&#8230; <\/p>\n<p><\/p>\n<p><strong>Et finalement qui sont tes lecteurs ?<\/strong><\/p>\n<p>Des nanas, des nanas et encore des nanas! Fl\u00fbte! <\/p>\n<p style=\"text-align: center;\">\n<a class=\"vt-p\" href=\"http:\/\/yannicklejeune.blogs.com\/.a\/6a00d8341c501b53ef01348784a043970c-popup\" onclick=\"window.open( this.href, &#39;_blank&#39;, &#39;width=640,height=480,scrollbars=no,resizable=no,toolbar=no,directories=no,location=no,menubar=no,status=no,left=0,top=0&#39; ); return false\" style=\"display: inline;\"><img decoding=\"async\" alt=\"Lulu04\" class=\"asset asset-image at-xid-6a00d8341c501b53ef01348784a043970c \" src=\"https:\/\/www.wedobd.com\/wp-content\/uploads\/2010\/09\/6a00d8341c501b53ef01348784a043970c-500wi.jpg\" title=\"Lulu04\" \/><\/a> <br \/>&#0160;<\/p>\n<p><strong>Combien de temps passes-tu en moyenne sur tes notes ?<\/strong><\/p>\n<p>Cela varie entre 1h et 4h&#8230; voire plus! <\/p>\n<p><\/p>\n<p><strong>Est-ce que ce sont des dessins sp\u00e9cialement faits pour le blog ?<\/strong><\/p>\n<p>Oui! Cela dit, je r\u00eave \u00e0 ce qu\u2019ils soient publi\u00e9s par la suite pour d\u2019autres projets&#8230;(ahem&#8230;) &#8230; <\/p>\n<p><\/p>\n<p><strong>Avec quoi dessines-tu ?<\/strong><\/p>\n<p>J\u2019utilise selon les humeurs de ma main droite : mon crayon de papier, mes crayons de couleurs, ma plume bien noire, un fid\u00e8le scanner et mon ins\u00e9parable tablette wacom! <\/p>\n<p><\/p>\n<p><strong><span style=\"font-weight: normal; \"><br \/>\n<a class=\"vt-p\" href=\"http:\/\/yannicklejeune.blogs.com\/.a\/6a00d8341c501b53ef01348784a2b5970c-popup\" onclick=\"window.open( this.href, &#39;_blank&#39;, &#39;width=640,height=480,scrollbars=no,resizable=no,toolbar=no,directories=no,location=no,menubar=no,status=no,left=0,top=0&#39; ); return false\" style=\"float: right;\"><img decoding=\"async\" alt=\"Lemurien002\" class=\"asset asset-image at-xid-6a00d8341c501b53ef01348784a2b5970c \" src=\"https:\/\/www.wedobd.com\/wp-content\/uploads\/2010\/09\/6a00d8341c501b53ef01348784a2b5970c-200wi.jpg\" style=\"width: 200px; margin: 0px 0px 5px 5px;\" title=\"Lemurien002\" \/><\/a><\/span>Quelles sont tes influences graphiques ?<\/strong><\/p>\n<p>Pour ce qui est de la bande dessin\u00e9e, le coup de crayon de couleur de <a class=\"vt-p\" href=\"http:\/\/bastienvives.blogspot.com\/\" target=\"_blank\">Bastien Viv\u00e8s<\/a> m&#39;\u00e9meut tr\u00e8s particuli\u00e8rement et le coup de plume d&#39;<a class=\"vt-p\" href=\"http:\/\/www.audepicault.com\/\" target=\"_blank\">Aude Picault<\/a>&#0160;m&#39;a laiss\u00e9 de tr\u00e8s belles images en t\u00eate! Cot\u00e9 illustration f\u00e9minine, j&#39;aime beaucoup <a class=\"vt-p\" href=\"http:\/\/www.margueritesauvage.com\/#blog\" target=\"_blank\">Marguerite Sauvage<\/a>, <a class=\"vt-p\" href=\"http:\/\/www.penelope-jolicoeur.com\/\" target=\"_blank\">P\u00e9n\u00e9lope<\/a> et <a class=\"vt-p\" href=\"http:\/\/margauxmotin.typepad.fr\/\" target=\"_blank\">Margaux Motin<\/a>. Ensuite, du cot\u00e9 des grands illustrateurs, j&#39;ai d\u00e9couvert il y a peu de temps le travail de Roland Topor qui m&#39;intrigue beaucoup, <a class=\"vt-p\" href=\"http:\/\/www.rebeccadautremer.com\/index\/accueil\" target=\"_blank\">R\u00e9becca Dautremer<\/a> qui est si douce et mon cher <a class=\"vt-p\" href=\"http:\/\/www.milomanara.it\/\" target=\"_blank\">Manara<\/a> pour ses femmes si belles et sensuelles. Pour les peintres, les premiers \u00e0 se bousculer dans ma t\u00eates sont Mucha, Klimt, Miro, Schiele&#8230; et bien d&#39;autres&#8230; A propos de la photo je n&#39;y connais pas grand chose, mais de ce que j&#39;ai vu les travaux surprenants de <a class=\"vt-p\" href=\"http:\/\/www.chemamadoz.com\" target=\"_blank\">Chema Madoz<\/a> sur l&#39;Objet m&#39;ont beaucoup plu&#8230; et il y a aussi une autre tr\u00e8s tr\u00e8s belle vision de l&#39;Objet et de l&#39;artisanat d&#39;art fait par ma ch\u00e8re <a class=\"vt-p\" href=\"http:\/\/www.berengeredesmettre.com\/\" target=\"_blank\">B\u00e9reng\u00e8re Desmettre<\/a>&#0160;et il y a le travail sur la mode de mon ami <a class=\"vt-p\" href=\"http:\/\/www.isshophoto.com\/\" target=\"_blank\">Isshogai<\/a>. Puis, les univers qui m&#39;emm\u00e8nent loin loin loin sont ceux de l&#39;\u00e9trange Tim Burton, Matthew Barney qui tr\u00e8s myst\u00e9rieux et d\u00e9rangeant, Louise Bourgeois et ses sculptures incroyables&#8230; enfin, voila un aper\u00e7u de ce qui compose le pot-pourri cr\u00e9atif grandissant de ma t\u00eate. <\/p>\n<p><\/p>\n<p><strong>Combien de temps passes-tu sur les blogs des autres ?<\/strong><\/p>\n<p>En moyenne je dirais environ approximatievement \u00e0 peu pr\u00e8s grosso modo 14,2min\/par jour. <\/p>\n<p><\/p>\n<p><strong>Quels sont ceux dont tu es fan ?<\/strong><\/p>\n<p>Disons plut\u00f4t les gens que j\u2019admire pour leur trait, leur audace, leur humour, leur personnalit\u00e9&#8230; facile, je les ai dessin\u00e9s dans l&#39;illustration de cette interview&#8230;! mais il y en a bien d\u2019autres&#8230; <\/p>\n<p><\/p>\n<p><strong>As-tu fait des rencontres gr\u00e2ce aux blogs ?<\/strong><\/p>\n<p>Oui, quelques unes&#8230; mais bordel o\u00f9 est mon foutu prince charming?? <\/p>\n<p style=\"text-align: center;\">\n<a class=\"vt-p\" href=\"http:\/\/yannicklejeune.blogs.com\/.a\/6a00d8341c501b53ef0133f464ad2c970b-popup\" onclick=\"window.open( this.href, &#39;_blank&#39;, &#39;width=640,height=480,scrollbars=no,resizable=no,toolbar=no,directories=no,location=no,menubar=no,status=no,left=0,top=0&#39; ); return false\" style=\"display: inline;\"><img decoding=\"async\" alt=\"02\" class=\"asset asset-image at-xid-6a00d8341c501b53ef0133f464ad2c970b \" src=\"https:\/\/www.wedobd.com\/wp-content\/uploads\/2010\/09\/6a00d8341c501b53ef0133f464ad2c970b-500wi.jpg\" title=\"02\" \/><\/a> <br \/>&#0160;<\/p>\n<p><strong>Es-tu sensible aux commentaires ?<\/strong><\/p>\n<p>je suis tr\u00e8\u00e8\u00e8\u00e8s sensible aux commentaires! \u00c9videmment! \u00e7a \u00e9vite de penser qu\u2019on dessine uniquement pour le vide infiniment \u00e9lectroniquement d\u00e9shumanisant de la toile internet&#8230; <\/p>\n<p><\/p>\n<p><strong>De mani\u00e8re g\u00e9n\u00e9rale, que penses-tu que la BD num\u00e9rique (\u00e0 lire sur le web, sur iPhone, sur PSP&#8230;) ?<\/strong><\/p>\n<p>Cela d\u00e9pend comment cela est men\u00e9. J\u2019adore les livres, le grain du papier, l\u2019impression de l\u2019encre dessus, l\u2019odeur d\u2019un livre, voir une belle biblioth\u00e8que&#8230; et tous les iPhone et autres tsoin-tsoin du monde ne pourront remplacer cela! Ce que je trouve int\u00e9ressant dans la BD num\u00e9rique, ce sont les caract\u00e9ristiques propre au num\u00e9rique pour en jouer et cr\u00e9er ainsi un genre de BD avec une lecture sp\u00e9cifique autre que de mettre b\u00eatement des planches de BD papier en jpg sur un \u00e9cran souvent ridiculement petit&#8230; Le blog BD est int\u00e9ressant dans son format illimit\u00e9 en longueur ou en largeur, c\u2019est un sens de lecture de haut en bas qui lui est particulier. Le num\u00e9rique permet aussi une interaction entre lecteur et blogueur, et l\u00e0, je trouve que \u00ab<a class=\"vt-p\" href=\"http:\/\/lebloggirlydemoon.blogspot.com\/\" target=\"_blank\">le blog girly de moon<\/a>\u00bb s\u2019en est remarquablement sorti, c\u2019est enfin une utilisation de flash ludique, intelligente et audacieuse! <\/p>\n<p><\/p>\n<p><strong>O\u00f9 peut-on voir ton travail en dehors des blogs ?<\/strong><\/p>\n<p>J\u2019ai un site pro \u00e0 pois roses&#8230; mais qui s\u2019enracine quelque peu h\u00e9las&#8230; <\/p>\n<p><\/p>\n<p><strong><span style=\"font-weight: normal; \"><br \/>\n<a class=\"vt-p\" href=\"http:\/\/yannicklejeune.blogs.com\/.a\/6a00d8341c501b53ef0133f464ae55970b-popup\" onclick=\"window.open( this.href, &#39;_blank&#39;, &#39;width=640,height=480,scrollbars=no,resizable=no,toolbar=no,directories=no,location=no,menubar=no,status=no,left=0,top=0&#39; ); return false\" style=\"float: right;\"><img decoding=\"async\" alt=\"21\" class=\"asset asset-image at-xid-6a00d8341c501b53ef0133f464ae55970b \" src=\"https:\/\/www.wedobd.com\/wp-content\/uploads\/2010\/09\/6a00d8341c501b53ef0133f464ae55970b-200wi.jpg\" style=\"width: 200px; margin: 0px 0px 5px 5px;\" title=\"21\" \/><\/a> &#0160;<\/span>As-tu des albums ? Peux-tu nous les pr\u00e9senter ?<\/strong><\/p>\n<p>Oui, j&#39;en ai sorti 12 actuellement, et 8 autres sont \u00e0 venir! Une tr\u00e8s belle collection! Ils sont beaux et dr\u00f4les, plein de charme, j&#39;ai m\u00eame entendu dire qu&#39;on se les arrachait \u00e0 la fnac!! Heureusement que je viens avec quelques petits cadeaux aux d\u00e9dicaces pour calmer les hyst\u00e9ries, les organisateurs me remercient bien souvent de cette attention d&#39;ailleurs! enfin&#8230; j&#39;ai oubli\u00e9 de pr\u00e9ciser&#8230; tout cela n&#39;est pr\u00e9vu que pour 2020! (sauf pour les petits cadeaux&#8230;) <\/p>\n<p><\/p>\n<p><strong>Qu&#39;attends-tu de ta venue au Festiblog ?<\/strong><\/p>\n<p>J\u2019esp\u00e8re de belles rencontres en tout genre, quelques croassements pour m&#39;encourager, des sourires inconnus et la gloire&#8230; tout simplement! <\/p>\n<p><\/p>\n<p><strong>Parle-nous d&#39;un truc qui n&#39;a rien \u00e0 voir avec la BD et que tu aimes ?<\/strong><\/p>\n<p>Le travail de <a class=\"vt-p\" href=\"http:\/\/www.pascalcolrat.fr\/\" target=\"_blank\">Pascal Colrat<\/a>. Cet artiste est un affichiste parisien qui fait \u00e0 mes yeux, les plus belles affiches de th\u00e9\u00e2tre de Paris. Son travail est \u00e0 la fois po\u00e9tique et politique, ses images d\u2019une grande finesse et toujours d\u2019une ing\u00e9niosit\u00e9 remarquable, s\u2019alignant parfaitement dans la descendance des affichistes polonais ayant travaill\u00e9 sur \u00able signe\u00bb. C\u2019est un travail que je vous incite vraiment \u00e0 d\u00e9couvrir sur son site internet, \u00e0 d\u00e9faut des affichages de colonnes Morris ou de m\u00e9tro \u00e0 Paris qui sont souvent bien trop rapides. Pour la petite anecdote, c\u2019est en partie gr\u00e2ce \u00e0 la d\u00e9couverte de son travail que je me suis orient\u00e9e vers l\u2019illustration&#8230; sinon j\u2019aurai pu \u00eatre m\u00e9decin, mais bof, le gant en latex c\u2019est moins dr\u00f4le quand m\u00eame&#8230; <\/p>\n<p style=\"text-align: center;\">\n<a class=\"vt-p\" href=\"http:\/\/yannicklejeune.blogs.com\/.a\/6a00d8341c501b53ef01348784adc1970c-popup\" onclick=\"window.open( this.href, &#39;_blank&#39;, &#39;width=640,height=480,scrollbars=no,resizable=no,toolbar=no,directories=no,location=no,menubar=no,status=no,left=0,top=0&#39; ); return false\" style=\"display: inline;\"><img decoding=\"async\" alt=\"23\" class=\"asset asset-image at-xid-6a00d8341c501b53ef01348784adc1970c \" src=\"https:\/\/www.wedobd.com\/wp-content\/uploads\/2010\/09\/6a00d8341c501b53ef01348784adc1970c-500wi.jpg\" title=\"23\" \/><\/a> <br \/>&#0160;<\/p>\n<p><strong>Un dernier mot ?<\/strong><\/p>\n<p>poke charming! <\/p>\n","protected":false},"excerpt":{"rendered":"<p>Place \u00e0 une petite nouvelle au Festiblog ! Notre invit\u00e9e du jour vous d\u00e9voilera son vrai visage en septembre, en attendant nous vous invitons \u00e0 la d\u00e9couvrir au travers de son interview. Bienvenue \u00e0 Melle Lulu !<\/p>\n","protected":false},"author":3,"featured_media":0,"comment_status":"open","ping_status":"open","sticky":false,"template":"","format":"standard","meta":{"footnotes":""},"categories":[26,47],"tags":[403],"class_list":["post-501","post","type-post","status-publish","format-standard","hentry","category-02-le-festival-de-2005-a-2013","category-03-interviews-de-blogueurs-bd","tag-melle-lulu"],"_links":{"self":[{"href":"https:\/\/www.wedobd.com\/index.php?rest_route=\/wp\/v2\/posts\/501","targetHints":{"allow":["GET"]}}],"collection":[{"href":"https:\/\/www.wedobd.com\/index.php?rest_route=\/wp\/v2\/posts"}],"about":[{"href":"https:\/\/www.wedobd.com\/index.php?rest_route=\/wp\/v2\/types\/post"}],"author":[{"embeddable":true,"href":"https:\/\/www.wedobd.com\/index.php?rest_route=\/wp\/v2\/users\/3"}],"replies":[{"embeddable":true,"href":"https:\/\/www.wedobd.com\/index.php?rest_route=%2Fwp%2Fv2%2Fcomments&post=501"}],"version-history":[{"count":1,"href":"https:\/\/www.wedobd.com\/index.php?rest_route=\/wp\/v2\/posts\/501\/revisions"}],"predecessor-version":[{"id":3453,"href":"https:\/\/www.wedobd.com\/index.php?rest_route=\/wp\/v2\/posts\/501\/revisions\/3453"}],"wp:attachment":[{"href":"https:\/\/www.wedobd.com\/index.php?rest_route=%2Fwp%2Fv2%2Fmedia&parent=501"}],"wp:term":[{"taxonomy":"category","embeddable":true,"href":"https:\/\/www.wedobd.com\/index.php?rest_route=%2Fwp%2Fv2%2Fcategories&post=501"},{"taxonomy":"post_tag","embeddable":true,"href":"https:\/\/www.wedobd.com\/index.php?rest_route=%2Fwp%2Fv2%2Ftags&post=501"}],"curies":[{"name":"wp","href":"https:\/\/api.w.org\/{rel}","templated":true}]}}