{"id":5025,"date":"2008-08-15T08:00:00","date_gmt":"2008-08-15T06:00:00","guid":{"rendered":"https:\/\/www.wedobd.com\/?p=5025"},"modified":"2025-09-29T15:53:30","modified_gmt":"2025-09-29T13:53:30","slug":"thorn-invite-20","status":"publish","type":"post","link":"https:\/\/www.wedobd.com\/?p=5025","title":{"rendered":"Thorn, invit\u00e9e 2008 #12"},"content":{"rendered":"<p><span style=\"font-weight: bold;\">Notre 12\u00e8me invit\u00e9e est la tr\u00e8s talentueuse Thorn du <a href=\"http:\/\/blog.bulledair.com\/\">Bulleblog<\/a>. On s&#8217;excuse pour l&#8217;interview, elle a re\u00e7u la version courte des habitu\u00e9s alors que c&#8217;est sa premi\u00e8re participation. Mais \u00e7a ne l&#8217;a pas perturb\u00e9e, on sent d\u00e9j\u00e0 que c&#8217;est une vraie pro.<\/span> \ud83d\ude09<\/p>\n<p><strong><img decoding=\"async\" border=\"0\" alt=\"Thorn_illus_interview2008_2\" title=\"Thorn_illus_interview2008_2\" src=\"https:\/\/www.wedobd.com\/wp-content\/uploads\/2008\/08\/thorn_illus_interview2008_2.jpg\" style=\"margin: 0px 5px 5px 0px; float: left;\" \/><br \/>Qui es-tu ?<\/strong><br \/>Thorn <br \/><strong><br \/>Quoi de neuf depuis le dernier Festiblog ?<\/strong><br \/>Mon blog \u00e0 moi toute seule (le <a href=\"http:\/\/blog.bulledair.com\/\">Bulleblog<\/a>) s&#8217;est \u00e9toff\u00e9, il y a un peu plus de gens qui connaissent mon boulot&#8230; Parall\u00e8lement \u00e0 \u00e7a, j&#8217;ai ouvert <a href=\"http:\/\/strip-loup.over-blog.com\/\">un autre blog<\/a> avec Moatthieu (lui au dessin, moi au sc\u00e9nario et couleurs), pour lequel je suis invit\u00e9e \u00e0 d\u00e9dicacer. Enfin, \u00e0 \u00eatre assise \u00e0 une table avec un crayon et deux ou trois gommes, et peut-\u00eatre qu&#8217;il y a des gens qui s&#8217;\u00e9gareront jusque l\u00e0 (les fous !). Au pire, j&#8217;essayerai d&#8217;en profiter pour prendre de l&#8217;avance sur mes notes de blog&#8230; <\/p>\n<p><strong>A ton avis, la blogosph\u00e8re BD a-t-elle chang\u00e9 cette ann\u00e9e ?<\/strong><br \/>Je pourrais dire, sans trop me mouiller, qu&#8217;elle a \u00e9volu\u00e9&#8230; des blogs qui arrivent, d&#8217;autres qui partent, des piliers qui le restent, des blogs encore peu connus qui auront \u00e9merg\u00e9 du lot&#8230; s\u00fbrement pas de quoi s&#8217;en relever la nuit&#8230; <\/p>\n<p><strong>Quel est ton point de vue sur la BD num\u00e9rique ?<\/strong><br \/>Que c&#8217;est comme la bd pas num\u00e9rique : il y a du bon, du moins bon (et aussi de l&#8217;excellent). Si l&#8217;outil faisait le talent, \u00e7a se saurait ! <br \/><strong><br \/>A ce propos, pour toi quel est l&#8217;avantage de la BD en ligne ?<\/strong><br \/>Pouvoir exp\u00e9rimenter sans trop de pression. <\/p>\n<p><strong>As-tu des chouchous en blogs BD ou en webcomics ?<\/strong><br \/>Principalement des copains, donc c&#8217;est pas trop objectif. Pour le reste, \u00e0 part <a href=\"http:\/\/www.bouletcorp.com\/blog\/\">Boulet<\/a> (mais l\u00e0, je suis pas originale), je n&#8217;ai pas de noms qui me viennent, de prime abord&#8230; peut-\u00eatre qu&#8217;il y en a trop. <\/p>\n<p><strong>Un mot pour ceux qui viennent ?<\/strong><br \/>Si Moatthieu dit des b\u00e9tises, je suis pas responsable. <\/p>\n<p><strong>Parle-nous d&#8217;un truc qui te plait mais qui n&#8217;a rien \u00e0 voir avec la BD ?<\/strong><br \/>Je vous ai d\u00e9j\u00e0 parl\u00e9 de mon chat ? <\/p>\n<p><strong>Un dernier mot ?<\/strong><br \/>kamoulox.<\/p>\n","protected":false},"excerpt":{"rendered":"<p>Notre 12\u00e8me invit\u00e9e est la tr\u00e8s talentueuse Thorn du Bulleblog. On s&#8217;excuse pour l&#8217;interview, elle a re\u00e7u la version courte des habitu\u00e9s alors que c&#8217;est sa premi\u00e8re participation. Mais \u00e7a ne l&#8217;a pas perturb\u00e9e, on sent d\u00e9j\u00e0 que c&#8217;est une vraie pro. \ud83d\ude09 Qui es-tu ?Thorn Quoi de neuf depuis le dernier Festiblog ?Mon blog [&hellip;]<\/p>\n","protected":false},"author":4,"featured_media":0,"comment_status":"open","ping_status":"open","sticky":false,"template":"","format":"standard","meta":{"footnotes":""},"categories":[26,47],"tags":[],"class_list":["post-5025","post","type-post","status-publish","format-standard","hentry","category-02-le-festival-de-2005-a-2013","category-03-interviews-de-blogueurs-bd"],"_links":{"self":[{"href":"https:\/\/www.wedobd.com\/index.php?rest_route=\/wp\/v2\/posts\/5025","targetHints":{"allow":["GET"]}}],"collection":[{"href":"https:\/\/www.wedobd.com\/index.php?rest_route=\/wp\/v2\/posts"}],"about":[{"href":"https:\/\/www.wedobd.com\/index.php?rest_route=\/wp\/v2\/types\/post"}],"author":[{"embeddable":true,"href":"https:\/\/www.wedobd.com\/index.php?rest_route=\/wp\/v2\/users\/4"}],"replies":[{"embeddable":true,"href":"https:\/\/www.wedobd.com\/index.php?rest_route=%2Fwp%2Fv2%2Fcomments&post=5025"}],"version-history":[{"count":1,"href":"https:\/\/www.wedobd.com\/index.php?rest_route=\/wp\/v2\/posts\/5025\/revisions"}],"predecessor-version":[{"id":5989,"href":"https:\/\/www.wedobd.com\/index.php?rest_route=\/wp\/v2\/posts\/5025\/revisions\/5989"}],"wp:attachment":[{"href":"https:\/\/www.wedobd.com\/index.php?rest_route=%2Fwp%2Fv2%2Fmedia&parent=5025"}],"wp:term":[{"taxonomy":"category","embeddable":true,"href":"https:\/\/www.wedobd.com\/index.php?rest_route=%2Fwp%2Fv2%2Fcategories&post=5025"},{"taxonomy":"post_tag","embeddable":true,"href":"https:\/\/www.wedobd.com\/index.php?rest_route=%2Fwp%2Fv2%2Ftags&post=5025"}],"curies":[{"name":"wp","href":"https:\/\/api.w.org\/{rel}","templated":true}]}}