{"id":5031,"date":"2008-08-06T19:11:37","date_gmt":"2008-08-06T17:11:37","guid":{"rendered":"https:\/\/www.wedobd.com\/?p=5031"},"modified":"2025-09-29T15:53:46","modified_gmt":"2025-09-29T13:53:46","slug":"lychen-invit-20","status":"publish","type":"post","link":"https:\/\/www.wedobd.com\/?p=5031","title":{"rendered":"Lychen, Invit\u00e9 2008 #8"},"content":{"rendered":"<p><a onclick=\"window.open(this.href, '_blank', 'width=483,height=1195,scrollbars=no,resizable=no,toolbar=no,directories=no,location=no,menubar=no,status=no,left=0,top=0'); return false\" href=\"http:\/\/yannicklejeune.blogs.com\/.shared\/image.html?\/photos\/uncategorized\/2008\/08\/06\/ikea.jpg\"><\/a>Son bonhomme vert est apparu bien avant celui d&#8217;un organisme de cr\u00e9dit que nous citerons pas (mais apr\u00e8s le g\u00e9ant vert), cette ann\u00e9e <a href=\"http:\/\/www.lychenblog.com\/\">Lychen sera des n\u00f4tres<\/a>. <\/p>\n<p align=\"center\"><a href=\"http:\/\/yannicklejeune.blogs.com\/photos\/uncategorized\/2008\/08\/06\/lychenfestiblog.jpg\"><img loading=\"lazy\" decoding=\"async\" title=\"Lychenfestiblog\" border=\"0\" alt=\"Lychenfestiblog\" src=\"https:\/\/www.wedobd.com\/wp-content\/uploads\/2008\/08\/lychenfestiblog.jpg\" width=\"450\" height=\"515\" \/><\/a> <\/p>\n<p><strong>Comment as-tu commenc\u00e9 \u00e0 dessiner ?<\/strong><br \/><span id=\"FormView1_DebutDessinLabel\"><br \/>Comme beaucoup de dessinateurs, quand j&#8217;\u00e9tais tout petit. D\u00e8s que j&#8217;ai pu tenir un crayon dans ma main, j&#8217;ai commenc\u00e9 \u00e0 recopier les dessins d&#8217;Asterix, de Lucky Luke et de Gaston Lagaffe. Comme tous mes proches me disaient que c&#8217;\u00e9tait bien, \u00e7a m&#8217;a encourag\u00e9 \u00e0 continuer!<\/span> <\/p>\n<p><strong><a onclick=\"window.open(this.href, '_blank', 'width=483,height=831,scrollbars=no,resizable=no,toolbar=no,directories=no,location=no,menubar=no,status=no,left=0,top=0'); return false\" href=\"http:\/\/yannicklejeune.blogs.com\/.shared\/image.html?\/photos\/uncategorized\/2008\/08\/06\/festibloglychen.jpg\"><img loading=\"lazy\" decoding=\"async\" title=\"Festibloglychen\" border=\"0\" alt=\"Festibloglychen\" src=\"https:\/\/www.wedobd.com\/wp-content\/uploads\/2008\/08\/festibloglychen.jpg\" width=\"225\" height=\"387\" style=\"FLOAT: left; MARGIN: 0px 5px 5px 0px\" \/><\/a>As-tu suivi une formation ?<\/strong><\/p>\n<p>Apr\u00e8s mon bac j&#8217;ai fait les arts appliqu\u00e9s pour m&#8217;orienter dans le graphisme, je me suis ensuite sp\u00e9cialis\u00e9 dans le multim\u00e9dia. <\/p>\n<p><strong>Peux-tu pr\u00e9senter ton blog ?<\/strong><\/p>\n<p><span id=\"FormView1_PresentationBlogLabel\">Il s&#8217;agit de r\u00e9cits de la vie quotidienne sous la forme de strips, et plus particuli\u00e8rement de la vie d&#8217;un petit extra terrestre poilu et vert qui n&#8217;est autre que moi. <\/span><\/p>\n<p><strong>Pourquoi as-tu commenc\u00e9 \u00e0 bloguer ?<\/strong><\/p>\n<p><span id=\"FormView1_PourquoiBlogLabel\">Au tout d\u00e9part, le but de mon blog \u00e9tait d&#8217;\u00eatre un espace un peu fourre-tout. J&#8217;y mettais beaucoup de croquis. c&#8217;etait un moyen de ne pas laisser trainer le contenu de mes carnets au fond d&#8217;un placard o\u00f9 personne ne les voyait. Et puis au fur et \u00e0 mesure, avec le temps, il est devenu ce qu&#8217;il est aujourd&#8217;hui. <\/span><\/p>\n<p><strong>Quel public voulais-tu rencontrer ?<\/strong><\/p>\n<p><span id=\"FormView1_PublicRencontreLabel\">Je n&#8217;avais vraiment pas vis\u00e9 de public en particulier. Mais je dois avouer que j&#8217;ai de la chance, je n&#8217;ai jamais attir\u00e9 de trolls, j&#8217;ai des lecteurs geniaux \ud83d\ude42 (c&#8217;est bon \u00e7a fait pas trop l\u00e8che cul?)<\/span> <\/p>\n<p><strong>Et finalement qui sont tes lecteurs ?<\/strong><\/p>\n<p><span id=\"FormView1_QuiSontLecteursLabel\">Difficile \u00e0 dire, je ne pense pas avoir un type de lecteur particulier&#8230; je sais juste que les quelques lecteurs que j&#8217;ai pu rencontr\u00e9 ont toujours \u00e9t\u00e9 tres sympathiques et c&#8217;est toujours avec plaisir que je fais leur connaissance.<\/span> <\/p>\n<p><strong>C<a onclick=\"window.open(this.href, '_blank', 'width=483,height=1217,scrollbars=no,resizable=no,toolbar=no,directories=no,location=no,menubar=no,status=no,left=0,top=0'); return false\" href=\"http:\/\/yannicklejeune.blogs.com\/.shared\/image.html?\/photos\/uncategorized\/2008\/08\/06\/lychensoleil.jpg\"><img loading=\"lazy\" decoding=\"async\" title=\"Lychensoleil\" border=\"0\" alt=\"Lychensoleil\" src=\"https:\/\/www.wedobd.com\/wp-content\/uploads\/2008\/08\/lychensoleil.jpg\" width=\"225\" height=\"566\" style=\"FLOAT: right; MARGIN: 0px 0px 5px 5px\" \/><\/a>ombien de temps passes-tu en moyenne sur tes notes ?<\/strong><\/p>\n<p><span id=\"FormView1_CombienDeTempsParNoteLabel\">C&#8217;est tr\u00e8s variable, ca d\u00e9pend de la longueur de la note et donc de la motivation du jour. En moyenne, je dirais entre 2h et 4h. <\/span><\/p>\n<p><strong>Est-ce que ce sont des dessins specialement faits pour le blog ?<\/strong><\/p>\n<p><span id=\"FormView1_FaitExpresPourBlogLabel\">Absolument.<\/span> <\/p>\n<p><strong>Avec quoi dessines-tu (crayons, pinceau, palette&#8230;) ?<\/strong><\/p>\n<p><span id=\"FormView1_QuelsOutilsLabel\">Je dessine au crit\u00e9rium avec des mines de couleurs bleues ou rouges. J&#8217;utilise ensuite un feutre pinceau pentel pour l&#8217;encrage puis je scanne mon dessin et fais principalement mes mises en couleur sous photoshop \u00e0 l&#8217;aide d&#8217;une tablette graphique. <\/span><\/p>\n<p><strong>Quelles sont tes influences graphiques ?<\/strong><\/p>\n<p><span id=\"FormView1_InfluencesGraphiquesLabel\">Depuis que je dessine je suis pass\u00e9 par une multitude d&#8217;influences diff\u00e9rentes. Si j&#8217;ai commenc\u00e9 par copier les stars de l&#8217;\u00e9cole franco-belge quand j&#8217;\u00e9tais enfant, j&#8217;ai pass\u00e9 mon adolescence \u00e0 m&#8217;inspirer du manga et des s\u00e9ries d&#8217;animation japonaises qui passaient \u00e0 la tv. Un peu plus tard, j&#8217;ai decouvert la bande dessin\u00e9e plus adulte avec des auteurs comme Loisel, Yslaire et Bilal. Aujourd&#8217;hui c&#8217;est plus des artistes comme Larcenet qui me fascinent. Sans oublier les blogs bd qui sont devenus, je pense, une \u00e9norme r\u00e9f\u00e9rence pour beaucoup de jeunes dessinateurs aujourd&#8217;hui. <\/span><\/p>\n<p><strong>Combien de temps passes-tu sur les blogs des autres (par jour ? par mois ?) ?<\/strong><\/p>\n<p><span id=\"FormView1_CombienDeTempsParBlogLabel\">C&#8217;est tr\u00e8s variable. Ca d\u00e9pend des periodes. D&#8217;ailleurs il est assez amusant de constater que les p\u00e9riodes o\u00f9 je suis le plus productif sur mon blog sont \u00e9galement celles ou je suis le plus assidument l&#8217;actualit\u00e9 des blogs bd. En moyenne je dirais que je passe entre 10 et 30 minutes par jours sur les blogs des autres. <\/span><\/p>\n<p><strong><a onclick=\"window.open(this.href, '_blank', 'width=483,height=664,scrollbars=no,resizable=no,toolbar=no,directories=no,location=no,menubar=no,status=no,left=0,top=0'); return false\" href=\"http:\/\/yannicklejeune.blogs.com\/.shared\/image.html?\/photos\/uncategorized\/2008\/08\/06\/lychenbloggers.jpg\"><img loading=\"lazy\" decoding=\"async\" title=\"Lychenbloggers\" border=\"0\" alt=\"Lychenbloggers\" src=\"https:\/\/www.wedobd.com\/wp-content\/uploads\/2008\/08\/lychenbloggers.jpg\" width=\"225\" height=\"309\" style=\"FLOAT: left; MARGIN: 0px 5px 5px 0px\" \/><\/a> Quels sont ceux dont tu es fan ?<\/strong><\/p>\n<p><span id=\"FormView1_CeuxDontTuEsFanLabel\">Parmi ceux que j&#8217;admire le plus il y a bien entendu la star Boulet, Obion aussi qui a un talent incroyable. J&#8217;aime beaucoup ce que fait Delfine, m\u00eame si elle a mis un peu son blog de cot\u00e9 derni\u00e8rement. J&#8217;aime beaucoup l&#8217;univers po\u00e9tique de Raphael B. Et tout r\u00e9cement, j&#8217;ai d\u00e9couvert le blog de Diglee dont j&#8217;adore le style. <\/span><\/p>\n<p><strong>As-tu fait des rencontres gr\u00e0ce aux blogs ?<\/strong><\/p>\n<p><span id=\"FormView1_RencontreGraceBlogsLabel\">Beaucoup, que ce soit lors de festivals ou lors d&#8217;irl&#8230; J&#8217;ai pu faire la connaissance de nombreux lecteurs, de personnes qui sont devenus des lecteurs mais \u00e9galement de beaucoup d&#8217;autres blogueurs! Et \u00e0 chaque fois ca a \u00e9t\u00e9 de superbes d\u00e9couvertes. <\/span><\/p>\n<p><strong>Es-tu sensible aux commentaires ?<\/strong><\/p>\n<p><span id=\"FormView1_SensibleCommentaireLabel\">Oui, c&#8217;est vite devenu une drogue en fait lol <\/span><\/p>\n<p><strong>Pour toi, quels sont les points forts du blog et de la BD en ligne ?<\/strong><\/p>\n<p><span id=\"FormView1_LesPlusDesBlogsLabel\">Le plus gros point fort des blogs, c&#8217;est biensur la proximit\u00e9 avec le public, les echanges qu&#8217;il peut y avoir et l&#8217;ambiance convivial de cette grande famille. <\/span><\/p>\n<p><strong><a onclick=\"window.open(this.href, '_blank', 'width=483,height=654,scrollbars=no,resizable=no,toolbar=no,directories=no,location=no,menubar=no,status=no,left=0,top=0'); return false\" href=\"http:\/\/yannicklejeune.blogs.com\/.shared\/image.html?\/photos\/uncategorized\/2008\/08\/06\/calanque.jpg\"><img loading=\"lazy\" decoding=\"async\" title=\"Calanque\" border=\"0\" alt=\"Calanque\" src=\"https:\/\/www.wedobd.com\/wp-content\/uploads\/2008\/08\/calanque.jpg\" width=\"225\" height=\"304\" style=\"FLOAT: right; MARGIN: 0px 0px 5px 5px\" \/><\/a> Et les points faibles ?<\/strong><\/p>\n<p><span id=\"FormView1_LesMoinsDesBlogsLabel\">Le temps que ca prend peut \u00eatre, la culpabilit\u00e9 qu&#8217;on peut ressentir d\u00e8s qu&#8217;on l&#8217;abandonne quelques jours&#8230;<\/span> <\/p>\n<p><strong>Comment penses-tu que la blogosph\u00e8re BD va \u00e9voluer ?<\/strong><\/p>\n<p><span id=\"FormView1_AvenirDesBlogsLabel\">Elle va sans doute continuer \u00e0 se d\u00e9velopper de plus en plus. Je pense que \u00e7a va \u00eatre assez vite difficile de s&#8217;y retrouver, il y a d\u00e9j\u00e0 tellement de blogueurs bd aujourd&#8217;hui! Ca va vraiment \u00eatre difficile de se d\u00e9marquer!<\/span> <\/p>\n<p><strong>Penses-tu que les gens vont de plus en plus lire de BD en ligne ?<\/strong><\/p>\n<p><span id=\"FormView1_AvenirWebComicsLabel\">Sans doute. Beaucoup de lecteurs de bandes dessin\u00e9es ne connaissent pas encore le monde de la bd en ligne et les blogs bd. Quand ils d\u00e9couvrent cet univers, ils sont vite s\u00e9duits par sa diversit\u00e9. Et la lecture d&#8217;un bon blog BD, ca reste toujours un bon moyen de commencer une journee de travail au bureau avec le sourire !<\/span> <\/p>\n<p><strong>De mani\u00e8re g\u00e9n\u00e9rale, penses-tu que la BD num\u00e9rique (\u00e0 lire sur le web, sur iPhone, sur PSP&#8230;) pourrait nuire \u00e0 la BD papier ?<\/strong><\/p>\n<p><span id=\"FormView1_EtLaBDNumeriqueLabel\"><a onclick=\"window.open(this.href, '_blank', 'width=483,height=1195,scrollbars=no,resizable=no,toolbar=no,directories=no,location=no,menubar=no,status=no,left=0,top=0'); return false\" href=\"http:\/\/yannicklejeune.blogs.com\/.shared\/image.html?\/photos\/uncategorized\/2008\/08\/06\/ikea.jpg\"><img loading=\"lazy\" decoding=\"async\" title=\"Ikea\" border=\"0\" alt=\"Ikea\" src=\"https:\/\/www.wedobd.com\/wp-content\/uploads\/2008\/08\/ikea.jpg\" width=\"225\" height=\"556\" style=\"FLOAT: left; MARGIN: 0px 5px 5px 0px\" \/><\/a>Je ne pense pas. On ne lit pas une bd sur le web comme on lit un album. Un blog bd ca se lit un peu comme le strip qu&#8217;on d\u00e9couvre dans le journal le matin avant le boulot. D&#8217;ailleurs je ne pense pas que le blog bd soit un bon media pour diffuser une histoire \u00e0 suivre.<\/span> <\/p>\n<p><strong>O\u00f9 peut-on voir ton travail en dehors des blogs ?<\/strong><\/p>\n<p><span id=\"FormView1_EnDehorsDesBlogsLabel\">A part sur mon blog, je fais quelques planches pour le site <a href=\"http:\/\/www.30joursdebd.com\/\">www.30joursdebd.com<\/a>. Quelques unes de ces planches ont d&#8217;ailleurs \u00e9t\u00e9es publi\u00e9es dans un mini album collectif chez Makaka Editions.<\/span> <\/p>\n<p><strong>As-tu des albums ? Peux-tu nous les pr\u00e9senter ?<\/strong><\/p>\n<p><span id=\"FormView1_AlbumDesBlogsLabel\">Juste un mini album collectif aux editions makaka.<\/span> <\/p>\n<p><strong>Qu&#8217;attends-tu de ta venue au Festiblog ?<\/strong><\/p>\n<p><span id=\"FormView1_AttentesFestiblogLabel\">Rencontrer beaucoup de monde! Discuter avec certains de mes lecteurs, en revoir certains dont j&#8217;avais fait la connaissance l&#8217;ann\u00e9e derni\u00e8re, corrompre certains visiteurs \u00e0 devenir des futurs lecteurs et biensur, revoir et faire la connaissance des blogueurs bd.<\/span> <\/p>\n<p><strong>Parle-nous d&#8217;un truc qui n&#8217;a rien \u00e0 voir avec la BD et que tu aimes ?<\/strong><\/p>\n<p><span id=\"FormView1_ParleRienAVoirLabel\">Le cin\u00e9ma, je suis un grand fan du 7\u00e8me art. D&#8217;ailleurs je r\u00eaverai de pouvoir tourner un sc\u00e9nario que j&#8217;ai \u00e9crit. On peut r\u00eaver :p<\/span> <\/p>\n<p><strong>Un dernier mot ?<\/strong><\/p>\n<p><span id=\"FormView1_DernierMotLabel\">Vivement&#8230;<\/span> <\/p>\n","protected":false},"excerpt":{"rendered":"<p>Son bonhomme vert est apparu bien avant celui d&#8217;un organisme de cr\u00e9dit que nous citerons pas (mais apr\u00e8s le g\u00e9ant vert), cette ann\u00e9e Lychen sera des n\u00f4tres. Comment as-tu commenc\u00e9 \u00e0 dessiner ?Comme beaucoup de dessinateurs, quand j&#8217;\u00e9tais tout petit. D\u00e8s que j&#8217;ai pu tenir un crayon dans ma main, j&#8217;ai commenc\u00e9 \u00e0 recopier les [&hellip;]<\/p>\n","protected":false},"author":4,"featured_media":0,"comment_status":"open","ping_status":"open","sticky":false,"template":"","format":"standard","meta":{"footnotes":""},"categories":[26,47],"tags":[273,373],"class_list":["post-5031","post","type-post","status-publish","format-standard","hentry","category-02-le-festival-de-2005-a-2013","category-03-interviews-de-blogueurs-bd","tag-blogs-bd","tag-lychen"],"_links":{"self":[{"href":"https:\/\/www.wedobd.com\/index.php?rest_route=\/wp\/v2\/posts\/5031","targetHints":{"allow":["GET"]}}],"collection":[{"href":"https:\/\/www.wedobd.com\/index.php?rest_route=\/wp\/v2\/posts"}],"about":[{"href":"https:\/\/www.wedobd.com\/index.php?rest_route=\/wp\/v2\/types\/post"}],"author":[{"embeddable":true,"href":"https:\/\/www.wedobd.com\/index.php?rest_route=\/wp\/v2\/users\/4"}],"replies":[{"embeddable":true,"href":"https:\/\/www.wedobd.com\/index.php?rest_route=%2Fwp%2Fv2%2Fcomments&post=5031"}],"version-history":[{"count":1,"href":"https:\/\/www.wedobd.com\/index.php?rest_route=\/wp\/v2\/posts\/5031\/revisions"}],"predecessor-version":[{"id":6005,"href":"https:\/\/www.wedobd.com\/index.php?rest_route=\/wp\/v2\/posts\/5031\/revisions\/6005"}],"wp:attachment":[{"href":"https:\/\/www.wedobd.com\/index.php?rest_route=%2Fwp%2Fv2%2Fmedia&parent=5031"}],"wp:term":[{"taxonomy":"category","embeddable":true,"href":"https:\/\/www.wedobd.com\/index.php?rest_route=%2Fwp%2Fv2%2Fcategories&post=5031"},{"taxonomy":"post_tag","embeddable":true,"href":"https:\/\/www.wedobd.com\/index.php?rest_route=%2Fwp%2Fv2%2Ftags&post=5031"}],"curies":[{"name":"wp","href":"https:\/\/api.w.org\/{rel}","templated":true}]}}