{"id":5035,"date":"2008-08-03T16:00:03","date_gmt":"2008-08-03T14:00:03","guid":{"rendered":"https:\/\/www.wedobd.com\/?p=5035"},"modified":"2008-08-03T16:00:03","modified_gmt":"2008-08-03T14:00:03","slug":"double-p-invit","status":"publish","type":"post","link":"https:\/\/www.wedobd.com\/?p=5035","title":{"rendered":"Double P, invit\u00e9 2008 #5"},"content":{"rendered":"<p><strong>L&#8217;invit\u00e9 num\u00e9ro 4 nous vient aussi de Belgique, plus pr\u00e9cis\u00e9ment nous revient de Belgique puisqu&#8217;il faisait d\u00e9j\u00e0 partie des n\u00f4tres l&#8217;ann\u00e9e derni\u00e8re pour le plus grand plaisir des fid\u00e8les de ses aventures familiales de <a href=\"http:\/\/placeman.canalblog.com\/\">Trentenaire, mari\u00e9, 2 enfants<\/a>, revoici donc Double P, \u00e9galement cr\u00e9ateur de <a href=\"http:\/\/lachainedesblogs.canalblog.com\/\">la chaine des Blogb\u00e9d\u00e9istes<\/a>.<\/strong><\/p>\n<p align=\"center\"><object height=\"300\" width=\"450\" data=\"http:\/\/storage.canalblog.com\/20\/52\/79187\/28254889.swf\" type=\"application\/x-shockwave-flash\"><param name=\"wmode\" value=\"false\" \/><param value=\"http:\/\/storage.canalblog.com\/20\/52\/79187\/28254889.swf\" name=\"movie\" \/><img decoding=\"async\" alt=\"Pas encore de plugin flash ?\" src=\"noflash.gif\" \/><\/object><\/p>\n<p><strong> Qui es-tu ? <\/strong><\/p>\n<p>Double P \n<\/p>\n<p>\n<strong> Quoi de neuf depuis ta derni\u00e8re venue au Festival des Blogs BD et du Webcomics ? <\/strong>\n<\/p>\n<p>Au niveau du blog pas grand chose. Par-contre je vis de plus en plus de mes dessins, je r\u00e9alise des illustrations et des animations pour le web, la pub, les entreprises et la t\u00e9l\u00e9. \n<\/p>\n<p>\n<strong> Ton blog a-t-il \u00e9volu\u00e9 entre-temps ? <\/strong>\n<\/p>\n<p>Non, il suit gentiment son petit bonhomme de chemin sans s&#8217;essouffler. \n<\/p>\n<p>\n<strong> Le Festiblog s&#8217;ouvre au webcomics au sens large, qu&#8217;en penses-tu et que penses-tu de la BD num\u00e9rique ? <\/strong>\n<\/p>\n<p>La bande dessin\u00e9e est un support, un format et internet un contenant. Fusionner les deux c&#8217;est comme mettre une tasse dans un verre. Internet est une bonne vitrine pour la bd au jour le jour, mais il suffit de voir mes yeux rougis par les \u00e9crans pour comprendre que lire une bd en ligne n&#8217;est pas une bonne solution. Et puis c&#8217;est tellement agr\u00e9able de s&#8217;asseoir confortablement sur un fauteuil avec une Bande dessin\u00e9e en main, d&#8217;\u00e9couter le frottement des pages, de sentir l&#8217;odeur de l&#8217;encre d&#8217;imprimerie. Ces deux m\u00e9dias ne sont pas incompatibles pour autant. C&#8217;est agr\u00e9able d&#8217;aller sur internet pour prolonger la d\u00e9couverte d&#8217;une nouvelle bande dessin\u00e9e. En ce moment je suis perdu quand je rentre dans un magasin de BD, il y a trop de nouveaut\u00e9s, internet est un bon moyen de d\u00e9couvrir avant d&#8217;acheter. En gros il faut accentuer l&#8217;interaction entre les deux m\u00e9dias. On y est pas encore mais \u00e7a viendra. \n<\/p>\n<p>\n<strong> Dans les BD en ligne que tu lis, qui sont tes chouchous ? <\/strong><\/p>\n<p>\nToujours fid\u00e8le \u00e0 mes chouchous, Fortu, Ucciani, la grande chose &#8230; j&#8217;en ai d\u00e9couvert de nouveaux : mamlynda, &quot;petit pr\u00e9cis de grumeautique&quot; et Mic, on peut tous les retrouver dans les liens de mon blog. \n<\/p>\n<p>\n<strong> Revenons au Festiblog, quel est ton meilleur souvenir des pr\u00e9c\u00e9dents ? <\/strong>\n<\/p>\n<p>C&#8217;\u00e9tait court mais intense, je ne savais pas ou donner de la t\u00eate. Ce nouveau festival va peut-\u00eatre me permettre d&#8217;avoir la t\u00eate plus froide et d&#8217;appr\u00e9cier l&#8217;instant pr\u00e9sent. \n<\/p>\n<p>\n<strong> Un petit mot pour ceux qui vont venir te voir ? <\/strong>\n<\/p>\n<p>Je serai ravis de vous rencontrer ou de vous revoir. \n<\/p>\n<p>\n<strong> Pour finir, parle-nous d&#8217;un truc qui n&#8217;a rien \u00e0 voir avec les Blogs BD&#8230; <\/strong>\n<\/p>\n<p>Pourquoi, il y a autre chose \u00e0 part \u00e7a ? \n<\/p>\n<p>\n<strong> Un dernier mot ? <\/strong><\/p>\n<p>\n\u00e0 suivre&#8230;<\/p>\n","protected":false},"excerpt":{"rendered":"<p>L&#8217;invit\u00e9 num\u00e9ro 4 nous vient aussi de Belgique, plus pr\u00e9cis\u00e9ment nous revient de Belgique puisqu&#8217;il faisait d\u00e9j\u00e0 partie des n\u00f4tres l&#8217;ann\u00e9e derni\u00e8re pour le plus grand plaisir des fid\u00e8les de ses aventures familiales de Trentenaire, mari\u00e9, 2 enfants, revoici donc Double P, \u00e9galement cr\u00e9ateur de la chaine des Blogb\u00e9d\u00e9istes. Qui es-tu ? Double P Quoi [&hellip;]<\/p>\n","protected":false},"author":4,"featured_media":0,"comment_status":"open","ping_status":"open","sticky":false,"template":"","format":"standard","meta":{"footnotes":""},"categories":[26,47],"tags":[424,599],"class_list":["post-5035","post","type-post","status-publish","format-standard","hentry","category-02-le-festival-de-2005-a-2013","category-03-interviews-de-blogueurs-bd","tag-double-p","tag-pascal-placeman"],"_links":{"self":[{"href":"https:\/\/www.wedobd.com\/index.php?rest_route=\/wp\/v2\/posts\/5035","targetHints":{"allow":["GET"]}}],"collection":[{"href":"https:\/\/www.wedobd.com\/index.php?rest_route=\/wp\/v2\/posts"}],"about":[{"href":"https:\/\/www.wedobd.com\/index.php?rest_route=\/wp\/v2\/types\/post"}],"author":[{"embeddable":true,"href":"https:\/\/www.wedobd.com\/index.php?rest_route=\/wp\/v2\/users\/4"}],"replies":[{"embeddable":true,"href":"https:\/\/www.wedobd.com\/index.php?rest_route=%2Fwp%2Fv2%2Fcomments&post=5035"}],"version-history":[{"count":0,"href":"https:\/\/www.wedobd.com\/index.php?rest_route=\/wp\/v2\/posts\/5035\/revisions"}],"wp:attachment":[{"href":"https:\/\/www.wedobd.com\/index.php?rest_route=%2Fwp%2Fv2%2Fmedia&parent=5035"}],"wp:term":[{"taxonomy":"category","embeddable":true,"href":"https:\/\/www.wedobd.com\/index.php?rest_route=%2Fwp%2Fv2%2Fcategories&post=5035"},{"taxonomy":"post_tag","embeddable":true,"href":"https:\/\/www.wedobd.com\/index.php?rest_route=%2Fwp%2Fv2%2Ftags&post=5035"}],"curies":[{"name":"wp","href":"https:\/\/api.w.org\/{rel}","templated":true}]}}