{"id":5038,"date":"2008-08-01T17:00:00","date_gmt":"2008-08-01T15:00:00","guid":{"rendered":"https:\/\/www.wedobd.com\/?p=5038"},"modified":"2025-09-29T15:54:10","modified_gmt":"2025-09-29T13:54:10","slug":"cat-invite-2008","status":"publish","type":"post","link":"https:\/\/www.wedobd.com\/?p=5038","title":{"rendered":"C\u00e4at, Invit\u00e9e 2008 #2"},"content":{"rendered":"<p><strong>La deuxi\u00e8me invit\u00e9e nous vient de Belgique et a \u00e9t\u00e9 sp\u00e9cialement choisie par la marraine du Festiblog, voici l&#8217;interview de <a href=\"http:\/\/cfradier.free.fr\/bloog\/\">C\u00e4at<\/a>, l&#8217;auteur de &quot;la honte et la frime en m\u00eame temps, un art de vivre au quotidien&quot; (pour les petites illustrations, cliquez-dessus pour les afficher en plus gros).<\/p>\n<p align=\"center\"><a href=\"http:\/\/yannicklejeune.blogs.com\/photos\/uncategorized\/2008\/08\/02\/festiblog.jpg\"><img loading=\"lazy\" decoding=\"async\" height=\"337\" border=\"0\" width=\"450\" src=\"https:\/\/www.wedobd.com\/wp-content\/uploads\/2008\/08\/festiblog.jpg\" title=\"Festiblog\" alt=\"Festiblog\" \/><\/a>\n<\/p>\n<p>Salut, comment as-tu commenc\u00e9 \u00e0 dessiner ?<\/strong><\/p>\n<p>Je ne m&#8217;en souviens pas.<\/p>\n<p><strong>As-tu suivi une formation ?<\/strong><\/p>\n<p>J&#8217;ai suivi des cours de dessin en tous genres depuis toute gamine, j&#8217;ai atterri plus tard dans l&#8217;enseignement artistique et ensuite j&#8217;ai fait les Beaux-Arts de Bruxelles en illustration et bande dessin\u00e9e.<\/p>\n<p><strong>Peux-tu pr\u00e9senter ton blog ?<\/strong><\/p>\n<p>&quot;<a href=\"http:\/\/cfradier.free.fr\/bloog\/\">la honte et la frime en m\u00eame temps, un art de vivre au quotidien<\/a>&quot; \u00e7a dit tout, non? <br \/>En gros ce sont des anecdotes de ma b\u00eate vie avec mon vilain chat Crevette qui parle mal, je raconte mes voyages, mes lendemains de veille douloureux, mes projets en cours, mes moments de louze et mes moments de frime, le tout sur fond de belgitude.<\/p>\n<p><strong>Pourquoi as-tu commenc\u00e9 \u00e0 bloguer ?<\/strong><\/p>\n<p>D&#8217;une part, pour raconter des trucs et m&#8217;obliger \u00e0 faire r\u00e9guli\u00e8rement des planches.<br \/>D&#8217;autre part pour avoir un aide-m\u00e9moire quand j&#8217;essaye de me rappeler la derni\u00e8re fois que j&#8217;ai \u00e9t\u00e9 chez le dentiste, par exemple.<\/p>\n<p><strong>Quel public voulais-tu rencontrer ?<\/strong><\/p>\n<p>Des jolis gar\u00e7ons, des riches m\u00e9c\u00e8nes et des \u00e9diteurs g\u00e9n\u00e9reux<\/p>\n<p><strong>Et finalement qui sont tes lecteurs ?<\/strong><\/p>\n<p>Et bien des jolis gar\u00e7ons, des riches m\u00e9c\u00e8nes et des \u00e9diteurs g\u00e9n\u00e9reux.<br \/>Hum&#8230; En tous cas des gens d&#8217;un peu partout, des b\u00e9d\u00e9teux ou des artistes souvent, des gens s\u00e9rieux qui me donnent du boulot parfois ou encore des potes qui voyagent et qui ont un le mal du pays.<\/p>\n<p align=\"center\"><a href=\"http:\/\/yannicklejeune.blogs.com\/photos\/uncategorized\/2008\/08\/02\/lune.jpg\"><img loading=\"lazy\" decoding=\"async\" height=\"325\" border=\"0\" width=\"450\" src=\"https:\/\/www.wedobd.com\/wp-content\/uploads\/2008\/08\/lune.jpg\" title=\"Lune\" alt=\"Lune\" \/><\/a>\n<\/p>\n<p><strong>Combien de temps passes-tu en moyenne sur tes notes ?<\/strong><\/p>\n<p>Je n&#8217;ai aucune notion du temps quand je dessine. <\/p>\n<p><strong>Est-ce que ce sont des dessins specialement faits pour le blog ?<\/strong><\/p>\n<p>oui <\/p>\n<p><strong>Avec quoi dessines-tu (crayons, pinceau, palette&#8230;) ?<\/strong><\/p>\n<p>je dessine au bic bleu atlantis, je scanne et je mets en couleurs dans photoshop <\/p>\n<p><strong><a href=\"http:\/\/yannicklejeune.blogs.com\/.shared\/image.html?\/photos\/uncategorized\/2008\/08\/02\/fourire.jpg\" onclick=\"window.open(this.href, '_blank', 'width=550,height=1728,scrollbars=no,resizable=no,toolbar=no,directories=no,location=no,menubar=no,status=no,left=0,top=0'); return false\"><img loading=\"lazy\" decoding=\"async\" height=\"706\" border=\"0\" width=\"225\" alt=\"Fourire\" title=\"Fourire\" src=\"https:\/\/www.wedobd.com\/wp-content\/uploads\/2008\/08\/fourire.jpg\" style=\"margin: 0px 0px 5px 5px; float: right;\" \/><\/a><br \/>\nQuelles sont tes influences graphiques ?<\/strong><\/p>\n<p>Des tas de gens mais j&#8217;ai une tr\u00e8s mauvaise m\u00e9moire des noms et je n&#8217;ai pas de grand ma\u00eetre en particulier. <\/p>\n<p><strong>Combien de temps passes-tu sur les blogs des autres (par jour ? par mois ?) ?<\/strong><\/p>\n<p>Tr\u00e8s peu de temps en fait, de moins en moins chaque jour&#8230; <\/p>\n<p><strong>Quels sont ceux dont tu es fan ?<\/strong><\/p>\n<p>J&#8217;aime bien le caf\u00e9 du petit dej&#8217;, les chats et les histoires de louzeurs alors je citerai <a href=\"http:\/\/petit-dejeuner-chez-nicoz.typepad.com\/petitdjeuner_chez_nicoz\/\">Nicoz<\/a>, <a href=\"http:\/\/louisbertranddevaud.20six.fr\/\">Louis Bertrand Devaux<\/a> et <a href=\"http:\/\/triplekifff.canalblog.com\/\">Triple Kiff<\/a>.<\/p>\n<p><strong>As-tu fait des rencontres gr\u00e0ce aux blogs ?<\/strong><\/p>\n<p>Oui, des vertes et des pas m\u00fbres&#8230; mais surtout plein de gens bien dont certains sont devenus des amis.<\/p>\n<p><strong>Es-tu sensible aux commentaires ?<\/strong><\/p>\n<p>Oui un peu \u00e9videmment mais la plupart de mes lecteurs sont taiseux alors jusqu&#8217;ici \u00e7a reste g\u00e9rable. <\/p>\n<p><strong>Pour toi, quels sont les points forts du blog et de la BD en ligne ?<\/strong><\/p>\n<p>Sur papier j&#8217;ai jamais trop aim\u00e9 les histoires &quot;\u00e0 suivre&quot; mais sur un blog \u00e7a marche bien, on doit attendre moins longtemps pour la suite aussi&#8230; Et les auteurs se l\u00e2chent plus et essayent moins d&#8217;\u00e9pater la galerie avec des jolis dessins et en plus, faut-il le pr\u00e9ciser?, c&#8217;est gratuit.<\/p>\n<p><strong>Et les points faibles ?<\/strong><\/p>\n<p>Y a beaucoup de trucs pourris mais on est pas oblig\u00e9s de les lire alors c&#8217;est pas grave.<\/p>\n<p><strong>Comment penses-tu que la blogosph\u00e8re BD va \u00e9voluer ?<\/strong><\/p>\n<p>j&#8217;sais pas, on verra<\/p>\n<p><strong>Penses-tu que les gens vont de plus en plus lire de BD en ligne ?<\/strong><\/p>\n<p>j&#8217;sais pas, probablement oui.<\/p>\n<p><strong>De mani\u00e8re g\u00e9n\u00e9rale, penses-tu que la BD num\u00e9rique (\u00e0 lire sur le web, sur iPhone, sur PSP&#8230;) pourrait nuire \u00e0 la BD papier ?<\/strong><\/p>\n<p>Non&#8230; quand on aime l&#8217;objet &quot;livre&quot; on continue d&#8217;en acheter mais on lit plus de trucs et on d\u00e9couvre plus d&#8217;auteurs gr\u00e2ce aux blogs bd.<\/p>\n<p><strong><a href=\"http:\/\/yannicklejeune.blogs.com\/.shared\/image.html?\/photos\/uncategorized\/2008\/08\/02\/armee.jpg\" onclick=\"window.open(this.href, '_blank', 'width=650,height=1245,scrollbars=no,resizable=no,toolbar=no,directories=no,location=no,menubar=no,status=no,left=0,top=0'); return false\"><img loading=\"lazy\" decoding=\"async\" height=\"430\" border=\"0\" width=\"225\" alt=\"Armee\" title=\"Armee\" src=\"https:\/\/www.wedobd.com\/wp-content\/uploads\/2008\/08\/armee.jpg\" style=\"margin: 0px 10px 5px 0px; float: left;\" \/><\/a><br \/>\nO\u00f9 peut-on voir ton travail en dehors des blogs ?<\/strong><\/p>\n<ul>\n<li>dans des livres,<\/li>\n<li>dans des magazines -Victoire (be), bient\u00f4t dans le Lou (be), bient\u00f4t dans Comic Strip (fr)-<\/li>\n<li>sur des murs et dans des caf\u00e9s \u00e0 Bruxelles (fresques)<\/li>\n<li>sur des gens (tee-shirts)<\/li>\n<li><a href=\"http:\/\/www.caat.be\">sur mon site<\/a><\/li>\n<li>sur d&#8217;autres sites -grand papier, numo, desseins<\/li>\n<li>dans des galeries de temps en temps <\/li>\n<li>et dans certains magasins aussi (peluches)&#8230;<\/li>\n<\/ul>\n<p><strong>As-tu des albums ? Peux-tu nous les pr\u00e9senter ?<\/strong><\/p>\n<p>Oui plusieurs albums jeunesse dont 4 en tant qu&#8217;auteur\/illustratrice chez Alice jeunesse (le petit \u00e2ne au bord de l&#8217;eau, la course \u00e0 la poule, une lettre rien que pour toi, les amis du bout du monde) mais actuellement je m&#8217;\u00e9loigne de plus en plus de la jeunesse. <\/p>\n<p>En bd, il y a mon carnet de voyage \u00e0 Cuba dans &quot;40075km comics&quot; paru \u00e0 l&#8217;Employ\u00e9 du Moi, j&#8217;ai \u00e9galement publi\u00e9 dans divers fanzines comme onapratut ou zeke bazaar (laur\u00e9at du festival de lausanne 07) et la bonne nouvelle c&#8217;est que je viens de terminer un vrai album bd &quot;Head Company&quot; qui sortira en novembre aux \u00e9ditions Diantre!&nbsp; <\/p>\n<p><strong>Un dernier mot ?<\/strong><\/p>\n<p>non merci<\/p>\n","protected":false},"excerpt":{"rendered":"<p>La deuxi\u00e8me invit\u00e9e nous vient de Belgique et a \u00e9t\u00e9 sp\u00e9cialement choisie par la marraine du Festiblog, voici l&#8217;interview de C\u00e4at, l&#8217;auteur de &quot;la honte et la frime en m\u00eame temps, un art de vivre au quotidien&quot; (pour les petites illustrations, cliquez-dessus pour les afficher en plus gros). Salut, comment as-tu commenc\u00e9 \u00e0 dessiner ? [&hellip;]<\/p>\n","protected":false},"author":4,"featured_media":0,"comment_status":"open","ping_status":"open","sticky":false,"template":"","format":"standard","meta":{"footnotes":""},"categories":[26,47],"tags":[607],"class_list":["post-5038","post","type-post","status-publish","format-standard","hentry","category-02-le-festival-de-2005-a-2013","category-03-interviews-de-blogueurs-bd","tag-caat"],"_links":{"self":[{"href":"https:\/\/www.wedobd.com\/index.php?rest_route=\/wp\/v2\/posts\/5038","targetHints":{"allow":["GET"]}}],"collection":[{"href":"https:\/\/www.wedobd.com\/index.php?rest_route=\/wp\/v2\/posts"}],"about":[{"href":"https:\/\/www.wedobd.com\/index.php?rest_route=\/wp\/v2\/types\/post"}],"author":[{"embeddable":true,"href":"https:\/\/www.wedobd.com\/index.php?rest_route=\/wp\/v2\/users\/4"}],"replies":[{"embeddable":true,"href":"https:\/\/www.wedobd.com\/index.php?rest_route=%2Fwp%2Fv2%2Fcomments&post=5038"}],"version-history":[{"count":1,"href":"https:\/\/www.wedobd.com\/index.php?rest_route=\/wp\/v2\/posts\/5038\/revisions"}],"predecessor-version":[{"id":6027,"href":"https:\/\/www.wedobd.com\/index.php?rest_route=\/wp\/v2\/posts\/5038\/revisions\/6027"}],"wp:attachment":[{"href":"https:\/\/www.wedobd.com\/index.php?rest_route=%2Fwp%2Fv2%2Fmedia&parent=5038"}],"wp:term":[{"taxonomy":"category","embeddable":true,"href":"https:\/\/www.wedobd.com\/index.php?rest_route=%2Fwp%2Fv2%2Fcategories&post=5038"},{"taxonomy":"post_tag","embeddable":true,"href":"https:\/\/www.wedobd.com\/index.php?rest_route=%2Fwp%2Fv2%2Ftags&post=5038"}],"curies":[{"name":"wp","href":"https:\/\/api.w.org\/{rel}","templated":true}]}}