{"id":5042,"date":"2008-06-18T16:45:06","date_gmt":"2008-06-18T14:45:06","guid":{"rendered":"https:\/\/www.wedobd.com\/?p=5042"},"modified":"2025-09-29T15:54:21","modified_gmt":"2025-09-29T13:54:21","slug":"ddicace-de-fred","status":"publish","type":"post","link":"https:\/\/www.wedobd.com\/?p=5042","title":{"rendered":"D\u00e9dicace de Fred Neidhardt (Fleurblog) le 20 juin 2008"},"content":{"rendered":"<p> Le 20 juin 2008, retrouvez, de 15h \u00e0 19h , Fred Neidhardt du <a href=\"http:\/\/www.fleurblog.com\/\">Fleurblog<\/a> qui viendra d\u00e9dicacer son dernier album chez <a href=\"http:\/\/www.univers-bd.fr\/\">Univers BD<\/a>, <span style=\"font-size: 0.6em;\">39, Boulevard St. Martin<span style=\"font-weight: bold;\">, <\/span>75003 Paris<\/span> <strong>Pattes d&#8217;Eph et col roul\u00e9<\/strong> paru chez Delcourt dans la collection Shampooing.<\/p>\n<p>Pour participer \u00e0 cette s\u00e9ance de d\u00e9dicace dans<br \/>\nles meilleures conditions, <strong>pensez \u00e0 appeler pour vous inscrire<br \/>\nau 01 40 27 88 63<\/strong>&#8230; <\/p>\n<p><a href=\"http:\/\/yannicklejeune.blogs.com\/.shared\/image.html?\/photos\/uncategorized\/2008\/06\/18\/fredneidhardt.jpg\" onclick=\"window.open(this.href, '_blank', 'width=355,height=498,scrollbars=no,resizable=no,toolbar=no,directories=no,location=no,menubar=no,status=no,left=0,top=0'); return false\"><img decoding=\"async\" border=\"0\" alt=\"Fredneidhardt\" title=\"Fredneidhardt\" src=\"https:\/\/www.wedobd.com\/wp-content\/uploads\/2008\/06\/fredneidhardt.jpg\" style=\"margin: 0px 5px 5px 0px; float: left; width: 167px; height: 235px;\" \/><\/a><strong>Pr\u00e9sentation de l&#8217;album par l&#8217;\u00e9diteur :<\/strong><\/p>\n<p>\nFin des ann\u00e9es 70. Fred chourave les bonbecs, fait des bombes atomiques<br \/>\n\u00e0 la pistache, participe \u00e0 un voyage scolaire au pays des \u201cbouffeurs de<br \/>\nsaucisses froides\u201d, en Allemagne de l\u2019Ouest\u2026 <br \/>Essentiellement, Fred<br \/>\nfantasme sur les filles de papier glac\u00e9, la voisine, la petite culotte<br \/>\nde Purdey dans \u00ab Chapeau melon et bottes de cui \u00bbr et les nichons de<br \/>\nMarl\u00e8ne Jobert\u2026 <br \/>\nBref, Fred est un jeune puceau cr\u00e9tin et maladroit. R\u00e9cit d\u2019une jeunesse o\u00f9 tout peut arriver, m\u00eame les drames.<\/p>\n<p><\/p>\n<p><strong>Et hop, interview\u00e9e d\u00e9cal\u00e9e de l&#8217;auteur par <a href=\"http:\/\/besancon.20minutes-blogs.fr\"><u>20 minutes Besan\u00e7on<\/u><\/a>:<\/strong><\/p>\n<div><object width=\"420\" height=\"336\"><param value=\"http:\/\/www.dailymotion.com\/swf\/x5rq87&amp;related=1\" name=\"movie\" \/><param value=\"true\" name=\"allowFullScreen\" \/><param value=\"always\" name=\"allowScriptAccess\" \/><embed width=\"420\" height=\"336\" allowscriptaccess=\"always\" allowfullscreen=\"true\" type=\"application\/x-shockwave-flash\" src=\"http:\/\/www.dailymotion.com\/swf\/x5rq87&amp;related=1\"><\/embed><\/object><br \/><strong><a href=\"http:\/\/www.dailymotion.com\/video\/x5rq87_interview-fred-neidhart-raconte-une_fun\">Interview: Fred Neidhart raconte une partie de sa vie<\/a><\/strong><br \/><em>envoy\u00e9 par <a href=\"http:\/\/www.dailymotion.com\/besanconblog\">besanconblog<\/a><\/em><\/div>\n","protected":false},"excerpt":{"rendered":"<p>Le 20 juin 2008, retrouvez, de 15h \u00e0 19h , Fred Neidhardt du Fleurblog qui viendra d\u00e9dicacer son dernier album chez Univers BD, 39, Boulevard St. Martin, 75003 Paris Pattes d&#8217;Eph et col roul\u00e9 paru chez Delcourt dans la collection Shampooing. Pour participer \u00e0 cette s\u00e9ance de d\u00e9dicace dans les meilleures conditions, pensez \u00e0 appeler [&hellip;]<\/p>\n","protected":false},"author":4,"featured_media":0,"comment_status":"open","ping_status":"open","sticky":false,"template":"","format":"standard","meta":{"footnotes":""},"categories":[2],"tags":[590,612,613,611],"class_list":["post-5042","post","type-post","status-publish","format-standard","hentry","category-04-actualite-blogs-et-bd","tag-blog-bd","tag-fleurblog","tag-fred-neidhardt","tag-univers-bd"],"_links":{"self":[{"href":"https:\/\/www.wedobd.com\/index.php?rest_route=\/wp\/v2\/posts\/5042","targetHints":{"allow":["GET"]}}],"collection":[{"href":"https:\/\/www.wedobd.com\/index.php?rest_route=\/wp\/v2\/posts"}],"about":[{"href":"https:\/\/www.wedobd.com\/index.php?rest_route=\/wp\/v2\/types\/post"}],"author":[{"embeddable":true,"href":"https:\/\/www.wedobd.com\/index.php?rest_route=\/wp\/v2\/users\/4"}],"replies":[{"embeddable":true,"href":"https:\/\/www.wedobd.com\/index.php?rest_route=%2Fwp%2Fv2%2Fcomments&post=5042"}],"version-history":[{"count":1,"href":"https:\/\/www.wedobd.com\/index.php?rest_route=\/wp\/v2\/posts\/5042\/revisions"}],"predecessor-version":[{"id":6035,"href":"https:\/\/www.wedobd.com\/index.php?rest_route=\/wp\/v2\/posts\/5042\/revisions\/6035"}],"wp:attachment":[{"href":"https:\/\/www.wedobd.com\/index.php?rest_route=%2Fwp%2Fv2%2Fmedia&parent=5042"}],"wp:term":[{"taxonomy":"category","embeddable":true,"href":"https:\/\/www.wedobd.com\/index.php?rest_route=%2Fwp%2Fv2%2Fcategories&post=5042"},{"taxonomy":"post_tag","embeddable":true,"href":"https:\/\/www.wedobd.com\/index.php?rest_route=%2Fwp%2Fv2%2Ftags&post=5042"}],"curies":[{"name":"wp","href":"https:\/\/api.w.org\/{rel}","templated":true}]}}