{"id":5070,"date":"2008-01-13T21:37:05","date_gmt":"2008-01-13T20:37:05","guid":{"rendered":"https:\/\/www.wedobd.com\/?p=5070"},"modified":"2025-09-29T15:55:24","modified_gmt":"2025-09-29T13:55:24","slug":"wouzit","status":"publish","type":"post","link":"https:\/\/www.wedobd.com\/?p=5070","title":{"rendered":"R\u00e9v\u00e9lation Blog : Wouzit"},"content":{"rendered":"<p><strong><img decoding=\"async\" border=\"0\" src=\"https:\/\/www.wedobd.com\/wp-content\/uploads\/2008\/01\/wouzit4.jpg\" title=\"Wouzit4\" alt=\"Wouzit4\" style=\"margin: 0px 5px 5px 0px; float: left;\" \/><br \/>\nSerait il possible (In god we trust) que tu te pr\u00e9sentes en une phrase tr\u00e8s courte ?<\/strong><\/p>\n<p>Je m\u2019appelle Wouzit, j\u2019ai 24 ans et je vis \u00e0 Toulouse ou je fais des \u00e9tudes d\u2019histoire. Je suis blond v\u00e9nitien et non roux comme dise la plupart des gens, je fais 1m75, et je suis maigrichon, mais attention je le porte bien. J\u2019aime les pommes de terre, et les gens. Au r\u00e9veil, des fois, je suis un peu grognon, mais y\u2019a peu de chance pour que je me r\u00e9veille un jour \u00e0 cot\u00e9 de vous, les filles, mis \u00e0 part si vous votez pour moi ( cling cling : clin d\u2019\u0153il). Mes centres d\u2019int\u00e9r\u00eat se focalisent essentiellement sur l\u2019art. En priorit\u00e9 la bd, puis la peinture, sculpture, installations, ensuite le cin\u00e9ma, la musique\u2026pour ce qui est de la litt\u00e9rature, je m\u2019y mettrai demain.<\/p>\n<p><strong>En faisant court, parle nous de tes d\u00e9buts&#8230;<br \/>\n<\/strong><\/p>\n<p>J\u2019ai toujours aim\u00e9 dessin\u00e9 depuis ma tendre enfance mais ce qui a \u00e9t\u00e9 l\u2019\u00e9l\u00e9ment d\u00e9clencheur est du \u00e0 un prof d\u2019arts plastiques en 4eme. Il nous a emmen\u00e9, dans le cadre d\u2019une sortie p\u00e9dagogique, bien s\u00fbr, \u00e0 Angoul\u00eame. C\u2019\u00e9tait ma premi\u00e8re fois. A partir de ce jour, je me suis jur\u00e9 que je serai auteur de bd, j\u2019attends toujours\u2026<\/p>\n<p><strong>Si tu t&#8217;\u00e9tends pas trop trop, tu pourrais nous parler de ton blog ?<\/strong><strong><a onclick=\"window.open(this.href, '_blank', 'width=595,height=743,scrollbars=no,resizable=no,toolbar=no,directories=no,location=no,menubar=no,status=no,left=0,top=0'); return false\" href=\"http:\/\/yannicklejeune.blogs.com\/.shared\/image.html?\/photos\/uncategorized\/2008\/01\/13\/wouzit3.jpg\"><img loading=\"lazy\" decoding=\"async\" width=\"250\" height=\"312\" border=\"0\" src=\"https:\/\/www.wedobd.com\/wp-content\/uploads\/2008\/01\/wouzit3.jpg\" title=\"Wouzit3\" alt=\"Wouzit3\" style=\"margin: 0px 0px 5px 5px; float: right;\" \/><\/a><\/strong><\/p>\n<p>Il est d\u00e9licat de pr\u00e9senter mon blog ou de le d\u00e9finir en quelques mots. C\u2019est une fen\u00eatre ouverte sur mon esprit et sur ma vie. De ce fait, le contenue bouge, selon mes humeurs et d\u00e9sirs, un cocktail h\u00e9t\u00e9rog\u00e8ne de cr\u00e9ativit\u00e9 \u00e0 la valeur, elle aussi, variable. Je suis capable du pire comme du mieux. <\/p>\n<p><strong>En deux phrases, parle nous du premier jour de ta vie de blogueur : quand o\u00f9 comment ?<\/strong><\/p>\n<p>J\u2019en suis venu \u00e0 blogger comme un ouf, car un jour de mai 2006, j\u2019ai eu internet. Habitant dans une ville plus ou moins herm\u00e9tique \u00e0 la bande dessin\u00e9e (\u00e0 l\u2019\u00e9poque \u00e0 PAU, la vie r\u00eav\u00e9e des villes) et d\u00e9sireux de faire partager mes productions, je me suis tourn\u00e9 vers le blog naturellement.<\/p>\n<p><strong>Sans en tartiner des tonnes, tu pourrais citer quelques personnes qui t&#8217;inspirent ?<\/strong><\/p>\n<p>Mon dessin est un brassage d\u2019inspiration qui s\u2019\u00e9tale sur plusieurs ann\u00e9es. Il y a eu Margerin, Trondheim, Gary Larson, et Le grand Matt Groening. Apr\u00e8s bien entendu, je suis sensible \u00e0 tous ce que je vois, et je m\u2019en inspire souvent malgr\u00e9 moi. Je suis donc influenc\u00e9 par le monde de la bd mais aussi par celui du dessin anim\u00e9, des nombreux films visionn\u00e9s, des peintures\u2026<\/p>\n<p><strong><img decoding=\"async\" border=\"0\" src=\"https:\/\/www.wedobd.com\/wp-content\/uploads\/2008\/01\/wouzit1_2.jpg\" title=\"Wouzit1_2\" alt=\"Wouzit1_2\" style=\"margin: 0px 5px 5px 0px; float: left;\" \/><\/strong><strong>Ce qui serait cool, c&#8217;est que, rapido presto, tu nous parle du c\u00f4t&quot; obscur de la force blog : le lecteur.<\/strong><\/p>\n<p> A\u00efe la question qui d\u00e9range. Internet est pour moi comme double face dans batman. J\u2019occulterai le c\u00f4t\u00e9 sombre pour me concentr\u00e9 sur celui \u00e9clair\u00e9. Honn\u00eatement, je ne sais quelle position adopter face \u00e0 eux. Ils sont si fictifs, et ne sont repr\u00e9sent\u00e9 bien souvent que par des chiffres de statistique. J\u2019ignore tout d\u2019eux. Alors je ne sais comment me comporter, ni comment les aborder. Je parle comme si j\u2019\u00e9tais seul mais que je me savais regarder. Pour ce qui est des commentaires, j\u2019en suis sensible dans la mesure ou il me donne des indices sur qui sont \u00ab mes lecteurs \u00bb. De plus, j\u2019ai pu rencontrer de nombreuses personnes issues d\u2019Internet avec qui je garde un tr\u00e8s bon contact, je pense \u00e0 Lilla (aussi en comp\u00e9tition), Tifenn, Dromadaire Bleu, Michael Loze\u2026et bien d\u2019autres.<\/p>\n<p><strong> Raconte nous un truc scabreux en rapport avec le monde du blog. L\u00e0 en revanche, tu peux y aller, prend ton temps, l\u00e2che nous plein de trucs, tu as toute latitude.<\/strong><\/p>\n<p>A vrai dire non. Mis \u00e0 part, que chaque jour j\u2019ai deux \u00e0 trois personnes qui arrivent sur mon blog en ayant cherch\u00e9 des filles nues&#8230; Ils doivent \u00eatre d\u00e9\u00e7us.<\/p>\n<p><strong>Pfff, super&#8230; D&#8217;autre endroits o\u00f9, si on a le temps, on peut te lire ?<\/strong><\/p>\n<p>On peut voir mon travail dans plusieurs fanzine (B\u00e9vue, Delirium trait mince, 100 brouillons,\u2026) ainsi que sur 30 jours de bd.com, et sur justeunhomme.com<\/p>\n<p><strong>Si tu pouvais la faire courte tout en parlant du festival d&#8217;Angoul\u00eame et du prix jeune Talent \u00e0 la fois, ce serait bien.<\/strong><\/p>\n<p>Le festival d\u2019Angoul\u00eame, hein ?<strong><a onclick=\"window.open(this.href, '_blank', 'width=586,height=501,scrollbars=no,resizable=no,toolbar=no,directories=no,location=no,menubar=no,status=no,left=0,top=0'); return false\" href=\"http:\/\/yannicklejeune.blogs.com\/.shared\/image.html?\/photos\/uncategorized\/2008\/01\/13\/wouzit2.jpg\"><img loading=\"lazy\" decoding=\"async\" width=\"250\" height=\"213\" border=\"0\" src=\"https:\/\/www.wedobd.com\/wp-content\/uploads\/2008\/01\/wouzit2.jpg\" title=\"Wouzit2\" alt=\"Wouzit2\" style=\"margin: 0px 0px 5px 5px; float: right;\" \/><\/a><\/strong><br \/>J\u2019y suis all\u00e9 environ dix fois, j\u2019connais bien. En revanche, je n\u2019ai jamais particip\u00e9 aux concours jeunes talents, mais \u00e0 celui interscolaire, ou j\u2019avais \u00e9t\u00e9 pr\u00e9s\u00e9lectionn\u00e9 et j\u2019avais gagn\u00e9 une montre Semp\u00e9. Ca fait 9 ans maintenant\u2026<\/p>\n<p><strong>Bon on presque plus le temps, mais dis nous fissa si tu as des projets bd digne de ce nom et apr\u00e8s on file parce que c&#8217;est pas tout \u00e7a mais&#8230;<\/strong><\/p>\n<p>Des projets, j\u2019en ai plein la t\u00eate. Il y a Super Lapin que je fais avec Monsieur Barzou, les Inspir\u00e9 de Faits R\u00e9els, puis plein de bd annexe. En ce moment je me concentre sur une bd sur ma grand-m\u00e8re (\u00e7a donne envie, non ?). J\u2019ai aussi un projet en stand-by avec J-F Kierzkowsky au sc\u00e9nario.<\/p>\n<p><strong>Ah ben je croyais que \u00e7a durerait plus longtemps que \u00e7a, cette interview. On m&#8217;avait dit que t&#8217;\u00e9tais un bavard imp\u00e9nitent, mais, finalement, quand on te cadre, \u00e7a va. Tu es m\u00eame bigrement sympathique, presque autant que <a href=\"http:\/\/wouzitcompagnie.canalblog.com\/\">ton blog qu&#8217;il faut lire<\/a>. \u00e7a donne dr\u00f4lement envie <a href=\"http:\/\/www.prixdublog.com\/votes.html\">de voter pour toi !<\/a> Mais vite fait, hein&#8230;<\/strong> <\/p>\n","protected":false},"excerpt":{"rendered":"<p>Serait il possible (In god we trust) que tu te pr\u00e9sentes en une phrase tr\u00e8s courte ? Je m\u2019appelle Wouzit, j\u2019ai 24 ans et je vis \u00e0 Toulouse ou je fais des \u00e9tudes d\u2019histoire. Je suis blond v\u00e9nitien et non roux comme dise la plupart des gens, je fais 1m75, et je suis maigrichon, mais [&hellip;]<\/p>\n","protected":false},"author":3,"featured_media":0,"comment_status":"open","ping_status":"open","sticky":false,"template":"","format":"standard","meta":{"footnotes":""},"categories":[47,2],"tags":[],"class_list":["post-5070","post","type-post","status-publish","format-standard","hentry","category-03-interviews-de-blogueurs-bd","category-04-actualite-blogs-et-bd"],"_links":{"self":[{"href":"https:\/\/www.wedobd.com\/index.php?rest_route=\/wp\/v2\/posts\/5070","targetHints":{"allow":["GET"]}}],"collection":[{"href":"https:\/\/www.wedobd.com\/index.php?rest_route=\/wp\/v2\/posts"}],"about":[{"href":"https:\/\/www.wedobd.com\/index.php?rest_route=\/wp\/v2\/types\/post"}],"author":[{"embeddable":true,"href":"https:\/\/www.wedobd.com\/index.php?rest_route=\/wp\/v2\/users\/3"}],"replies":[{"embeddable":true,"href":"https:\/\/www.wedobd.com\/index.php?rest_route=%2Fwp%2Fv2%2Fcomments&post=5070"}],"version-history":[{"count":1,"href":"https:\/\/www.wedobd.com\/index.php?rest_route=\/wp\/v2\/posts\/5070\/revisions"}],"predecessor-version":[{"id":6095,"href":"https:\/\/www.wedobd.com\/index.php?rest_route=\/wp\/v2\/posts\/5070\/revisions\/6095"}],"wp:attachment":[{"href":"https:\/\/www.wedobd.com\/index.php?rest_route=%2Fwp%2Fv2%2Fmedia&parent=5070"}],"wp:term":[{"taxonomy":"category","embeddable":true,"href":"https:\/\/www.wedobd.com\/index.php?rest_route=%2Fwp%2Fv2%2Fcategories&post=5070"},{"taxonomy":"post_tag","embeddable":true,"href":"https:\/\/www.wedobd.com\/index.php?rest_route=%2Fwp%2Fv2%2Ftags&post=5070"}],"curies":[{"name":"wp","href":"https:\/\/api.w.org\/{rel}","templated":true}]}}