{"id":5078,"date":"2008-01-13T15:34:02","date_gmt":"2008-01-13T14:34:02","guid":{"rendered":"https:\/\/www.wedobd.com\/?p=5078"},"modified":"2008-01-13T15:34:02","modified_gmt":"2008-01-13T14:34:02","slug":"un-message-de-m","status":"publish","type":"post","link":"https:\/\/www.wedobd.com\/?p=5078","title":{"rendered":"Un message de mobilisation d&#8217;Allan Barte"},"content":{"rendered":"<p>Il y a quelques temps, vous avions parl\u00e9 de <a href=\"http:\/\/www.festival-blogs-bd.com\/2007\/11\/paroles-sans-pa.html\">Paroles sans papier paru chez Delcourt<\/a>, un album qui nous avait marqu\u00e9 et que nous avions eu envie de mettre en avant devant les difficiles questions qu&#8217;il posait et la douleur des t\u00e9moignages qu&#8217;il contenait. Aujourd&#8217;hui, Allan Barte vous alerte sur la suite d&#8217;un des destins pr\u00e9sent\u00e9s dans cette BD.<br \/>&nbsp; &nbsp;<\/p>\n<div class=\"post-content\">\n<p><img decoding=\"async\" src=\"http:\/\/www.allanbarte.com\/blog\/images\/Annonces\/joao.jpg\" \/><\/p>\n<p><strong>Il y a urgence \u00e0 se mobiliser durant les jours \u00e0 venir, si possible<br \/>\nd\u00e8s ce week end.<\/strong><br \/>(1er jugement demain matin 10h30, puis recours<br \/>\nadministratif pendant lequel la mobilisation est pr\u00e9pond\u00e9rante)<\/p>\n<p><strong>Vous pouvez d\u00e8s \u00e0 pr\u00e9sent vous adresser aux Prefets (celui du 92,<br \/>\nlieu d&#8217;arrestation et celui du 93, lieu d&#8217;habitation actuel) pour demander la<br \/>\nlib\u00e9ration et la r\u00e9gularisation de Monsieur Waldir Rodrigues. Quelle que soit la<br \/>\nd\u00e9cision du juge, c&#8217;est le Pr\u00e9fet qui est en charge de l&#8217;application de cette<br \/>\nd\u00e9cision<\/strong><\/p>\n<p>Pr\u00e9fet des Hauts de Seine (92):<\/p>\n<p><strong>Michel.Bart@hauts-de-seine.pref.gouv.fr<\/strong> ou Fax.<br \/>\n0147252121<\/p>\n<p>Pr\u00e9fet de Seine Saint denis (93):<\/p>\n<p><strong>Jean-Francois.Cordet@seine-saint-denis.pref.gouv.fr<\/strong> ou fax<br \/>\n0148302288<\/p>\n<p>Pour envoyer un fax gratuitement par internet :<br \/><a href=\"http:\/\/www.alliancemca.net\/faxgratuit.html\" hreflang=\"fr\">http:\/\/www.alliancemca.net\/faxgratuit.html<\/a><\/p>\n<p><strong>exemple de lettre ou fax:<\/strong><\/p>\n<p>Monsieur, Par ce fax, je vous demande la lib\u00e9ration et la r\u00e9gularisation de<br \/>\nMonsieur Waldir Rodrigues arret\u00e9 jeudi 11 septembre et sous le coup d&#8217;une<br \/>\nreconduction \u00e0 la fronti\u00e8re depuis jeudi soir 19h00. Il est actuellement en<br \/>\nr\u00e9tention au centre de Nanterre. Je tiens \u00e0 vous rappeler que ses enfants sont<br \/>\nscolaris\u00e9s et r\u00e9ussissent brillamment leur cursus scolaire. Merci de l&#8217;attention<br \/>\nque vous porterez \u00e0 cette affaire, respectueusement, Allan BARTE<\/p>\n<p>(Si vous pouvez dire en commentaires si vous avez envoy\u00e9 un fax ou un<br \/>\nmail&#8230;)<\/p>\n<p><strong>Waldir Rodrigues<\/strong> travaille avec un contrat, comme ma\u00e7on, sa<br \/>\nfemme aussi dans une entreprise de m\u00e9nage. Ils sont en France depuis 20 mois.<br \/>\nIls ont 3 enfants, une grande fille, travaillant avec contrat dans une<br \/>\nboulangerie, un gar\u00e7on scolaris\u00e9 au coll\u00e8ge Jean Moulin de Neuilly Plaisance (il<br \/>\na eu de tr\u00e8s bons r\u00e9sultats cette ann\u00e9e et les f\u00e9licitations du conseil de<br \/>\nclasse) et une petite fille de 9 ans, scolaris\u00e9e \u00e0 l&#8217;\u00e9cole Joffre de<br \/>\nNeuilly.<\/p>\n<p><strong>Ce dossier me tient vraiment \u00e0 coeur. Ca ne vous prendra pas beaucoup<br \/>\nde temps d&#8217;\u00e9crire aux prefets, et \u00e7a peux changer la vie d&#8217;une famille que je<br \/>\nconnais personnellement.<\/strong><\/p>\n<p>Merci \u00e0 tous,<br \/>Allan<br \/><img decoding=\"async\" src=\"http:\/\/www.allanbarte.com\/blog\/images\/Annonces\/joao2.jpg\" \/><\/p>\n<p>PS: D\u00e9sol\u00e9, je ne me suis pas relu, donc il y a forcemment plein de fautes<br \/>\nd&#8217;orthographe<br \/>PS: Bonne ann\u00e9e quand m\u00eame !<\/p>\n<\/div>\n","protected":false},"excerpt":{"rendered":"<p>Il y a quelques temps, vous avions parl\u00e9 de Paroles sans papier paru chez Delcourt, un album qui nous avait marqu\u00e9 et que nous avions eu envie de mettre en avant devant les difficiles questions qu&#8217;il posait et la douleur des t\u00e9moignages qu&#8217;il contenait. Aujourd&#8217;hui, Allan Barte vous alerte sur la suite d&#8217;un des destins [&hellip;]<\/p>\n","protected":false},"author":4,"featured_media":0,"comment_status":"open","ping_status":"open","sticky":false,"template":"","format":"standard","meta":{"footnotes":""},"categories":[2],"tags":[352,629,628],"class_list":["post-5078","post","type-post","status-publish","format-standard","hentry","category-04-actualite-blogs-et-bd","tag-allan-barte","tag-etc","tag-sans-papier"],"_links":{"self":[{"href":"https:\/\/www.wedobd.com\/index.php?rest_route=\/wp\/v2\/posts\/5078","targetHints":{"allow":["GET"]}}],"collection":[{"href":"https:\/\/www.wedobd.com\/index.php?rest_route=\/wp\/v2\/posts"}],"about":[{"href":"https:\/\/www.wedobd.com\/index.php?rest_route=\/wp\/v2\/types\/post"}],"author":[{"embeddable":true,"href":"https:\/\/www.wedobd.com\/index.php?rest_route=\/wp\/v2\/users\/4"}],"replies":[{"embeddable":true,"href":"https:\/\/www.wedobd.com\/index.php?rest_route=%2Fwp%2Fv2%2Fcomments&post=5078"}],"version-history":[{"count":0,"href":"https:\/\/www.wedobd.com\/index.php?rest_route=\/wp\/v2\/posts\/5078\/revisions"}],"wp:attachment":[{"href":"https:\/\/www.wedobd.com\/index.php?rest_route=%2Fwp%2Fv2%2Fmedia&parent=5078"}],"wp:term":[{"taxonomy":"category","embeddable":true,"href":"https:\/\/www.wedobd.com\/index.php?rest_route=%2Fwp%2Fv2%2Fcategories&post=5078"},{"taxonomy":"post_tag","embeddable":true,"href":"https:\/\/www.wedobd.com\/index.php?rest_route=%2Fwp%2Fv2%2Ftags&post=5078"}],"curies":[{"name":"wp","href":"https:\/\/api.w.org\/{rel}","templated":true}]}}