{"id":5089,"date":"2008-01-08T01:12:21","date_gmt":"2008-01-08T00:12:21","guid":{"rendered":"https:\/\/www.wedobd.com\/?p=5089"},"modified":"2025-09-29T15:56:19","modified_gmt":"2025-09-29T13:56:19","slug":"madd-4","status":"publish","type":"post","link":"https:\/\/www.wedobd.com\/?p=5089","title":{"rendered":"R\u00e9v\u00e9lation Blog : Madd"},"content":{"rendered":"<p><strong><a onclick=\"window.open(this.href, '_blank', 'width=543,height=593,scrollbars=no,resizable=no,toolbar=no,directories=no,location=no,menubar=no,status=no,left=0,top=0'); return false\" href=\"http:\/\/yannicklejeune.blogs.com\/.shared\/image.html?\/photos\/uncategorized\/2008\/01\/07\/madd.jpg\"><img loading=\"lazy\" decoding=\"async\" title=\"Madd\" height=\"273\" alt=\"Madd\" src=\"https:\/\/www.wedobd.com\/wp-content\/uploads\/2008\/01\/madd.jpg\" width=\"250\" border=\"0\" style=\"FLOAT: left; MARGIN: 0px 5px 5px 0px\" \/><\/a> Madd, Mon dieu, qu&#8217;est ce que c&#8217;est vos cheveux l\u00e0 ? Je veux dire&#8230; pr\u00e9sentez vous.<\/strong><\/p>\n<p>Je suis un grand macaroni tress\u00e9 qui fait une fixation sur le chiffre 13 (le 13 c\u2019est le mal !)\u2026 \u00e0 part \u00e7a, \u2018para\u00eet que je portes la poisse !<\/p>\n<p><strong>Do\u00f9 vous vient cette facult\u00e9 hors du commun \u00e0 fabuler ?<\/strong><\/p>\n<p>Ca a commenc\u00e9 lorsqu\u2019il m\u2019a fallu justifier \u00e0 mes parents mes mauvais r\u00e9sultats scolaires au coll\u00e8ge, je me suis d\u00e9couvert une facult\u00e9 surhumaine \u00e0 leur mentir sans scrupules\u2026m\u00eame s\u2019ils n\u2019\u00e9taient pas dupes au final\u2026. Et tandis qu\u2019ils se mettaient \u00e0 me corriger \u00e0 coups de ceinture ou autres c\u00e2bles \u00e9lectriques, je voyais une lueur dans leur regard qui me disait que mon histoire&nbsp; les avait \u00e9mu ! C\u2019est donc pour voir briller cette lueur entre deux coups de fouets que j\u2019ai continu\u00e9 \u00e0 inventer des histoires !<\/p>\n<p><strong>Pourriez vous nous arracher quelques larmes en parlant de votre blog ?<\/strong> <\/p>\n<p>Mon blog, \u00ab la t\u00eate dans les nuages \u00bb raconte en majeure partie mes diff\u00e9rentes tribulations dans la ville de paris et parle de mes gal\u00e8res et malchances (parce que quoi qu\u2019on en dise, je suis r\u00e9ellement malchanceux). J\u2019essaie aussi d\u2019aborder le maximum de th\u00e8mes diff\u00e9rents dans mes articles, tout en restant toujours sur un ton l\u00e9ger. Je diversifie les supports sur lesquels je travaille afin que le contenu du blog soit h\u00e9t\u00e9roclite.<\/p>\n<p><strong>Faire un blog, il parait que c&#8217;est accidentel pour certains, avec votre chance, je suis s\u00fbr que c&#8217;est pareil&#8230;<\/strong><a onclick=\"window.open(this.href, '_blank', 'width=595,height=842,scrollbars=no,resizable=no,toolbar=no,directories=no,location=no,menubar=no,status=no,left=0,top=0'); return false\" href=\"http:\/\/yannicklejeune.blogs.com\/.shared\/image.html?\/photos\/uncategorized\/2008\/01\/07\/madd2.jpg\"><img loading=\"lazy\" decoding=\"async\" title=\"Madd2\" height=\"353\" alt=\"Madd2\" src=\"https:\/\/www.wedobd.com\/wp-content\/uploads\/2008\/01\/madd2.jpg\" width=\"250\" border=\"0\" style=\"FLOAT: right; MARGIN: 0px 0px 5px 5px\" \/><\/a><\/p>\n<p>Un jour, alors que je prenais le m\u00e9tro tard le soir, je me suis aper\u00e7u qu\u2019il ne me restait que tr\u00e8s peu de temps pour pouvoir rattraper mon dernier train de banlieue alors je me suis mis \u00e0 courir et arriv\u00e9 \u00e0 la gare Montparnasse j\u2019ai saut\u00e9 sur le trottoir roulant, celui qui va \u00e0 9km\/h avec la voix qui r\u00e9p\u00e8te sans fin \u00ab Gardez les pieds \u00e0 plat ! Gardez les pieds \u00e0 plat ! Gardez les pieds \u00e0 plat \u00bb puis j\u2019ai continu\u00e9 \u00e0 courir et\u2026et\u2026(pourquoi je racontes \u00e7a d\u00e9j\u00e0 ??&#8230;ah oui !) et d\u2019un coup j\u2019ai tr\u00e9buch\u00e9 et sans le faire expr\u00e8s j\u2019ai fait un blog.<\/p>\n<p><strong>Ah oui, d&#8217;accord. Bon.<br \/>Et en dehors de vos avanies quotidiennes, qu&#8217;est ce qui alimente votre imagination ?<\/strong><\/p>\n<p>Je m\u2019inspire \u00e0 peu pr\u00e8s de tout ce que je vois et qui peut me plaire, sans avoir de r\u00e9f\u00e9rences pr\u00e9cises. Ca va de la bande dessin\u00e9e au dessin anim\u00e9, au cin\u00e9ma, au graffiti (avec les excellents Bom-K et Monkey pour ne citer qu\u2019eux), \u00e0 la litt\u00e9rature (avec Haruki Murakami et ses paysages \u00e0 la fois urbains et oniriques) ou m\u00eame \u00e0 la musique. Je me sers de tout ce qui peut nourrir mon imagination.<\/p>\n<p><strong>Quel rapport entretiens tu avec tes fans ? Y a t&#8217;il pas des histoires de zoophilie l\u00e0-d&#8217;dans ?<\/strong><\/p>\n<p>Je suis assez sensible aux commentaires pour peu qu\u2019ils soient int\u00e9ressants. Un jour une internaute fan de vache (je me demandes d\u2019ailleurs \u00e0 quoi peut ressembler une fan de vaches\u2026) me demandes \u00e0 quoi peut ressembler une vache africaine. Sur l\u2019article suivant, j\u2019ai dessin\u00e9 une vache avec une coupe afro, puis de fils en aiguilles la vache est devenue l\u2019un de mes avatars.<\/p>\n<p><strong>As-tu une anecdote (croustillante) particuli\u00e8re li\u00e9e aux blogs ?<\/strong><\/p>\n<p>Oui, il y a ce blog qui racontes les p\u00e9rip\u00e9ties, les joies et les peines d\u2019un Yorkshire,<a href=\"http:\/\/blog.ifrance.com\/gus71\"> le blog de Biscotte<\/a> (v\u00e9ridique )\u2026 biscotte, \u00ab croustillante \u00bb\u2026voyez ? hein ?? ah ! ah !\u2026\u2026ah\u2026.ah\u2026<br \/>\u2026..pardon j\u2019arr\u00eate\u2026<\/p>\n<p><strong>Oula&#8230; \u00e7a c&#8217;est de la r\u00e9ponse&#8230; Et&#8230;o\u00f9 peut-on voir tes oeuvres dans la vraie vie ?<\/strong><\/p>\n<p>On peut voir mon travail dans le fanzine Amalgam, ou mes graffs sur des murs de site en d\u00e9construction (mais je doute fort que vous alliez jusque l\u00e0 pour voir mon travail\u2026).<\/p>\n<p><strong><a onclick=\"window.open(this.href, '_blank', 'width=800,height=800,scrollbars=no,resizable=no,toolbar=no,directories=no,location=no,menubar=no,status=no,left=0,top=0'); return false\" href=\"http:\/\/yannicklejeune.blogs.com\/.shared\/image.html?\/photos\/uncategorized\/2008\/01\/07\/madd3.jpg\"><img loading=\"lazy\" decoding=\"async\" title=\"Madd3\" height=\"250\" alt=\"Madd3\" src=\"https:\/\/www.wedobd.com\/wp-content\/uploads\/2008\/01\/madd3.jpg\" width=\"250\" border=\"0\" style=\"FLOAT: left; MARGIN: 0px 5px 5px 0px\" \/><\/a> Peux tu faire une phrase m\u00ealant Angoul\u00eame et Aubervilliers ? (c&#8217;est pas grave si \u00e7a rime pas)<\/strong><\/p>\n<p>Je suis all\u00e9 au festival il y a deux ans pour accompagner des enfants d\u2019Aubervilliers \u00e0 qui je donne des cours de dessin de temps en temps (qui se sont d\u2019ailleurs passionn\u00e9s pour la bande dessin\u00e9e depuis ce jour), puis l\u2019an dernier avec les membre de notre association pour vendre notre fanzine. <\/p>\n<p><strong>Ah ben tiens, puisqu&#8217;on parle du Festival (quel hasard de ouf) as tu entendu parler du concours Jeunes Talents, parce que figure toi&#8230;<\/strong><\/p>\n<p>Je n\u2019ai jamais particip\u00e9 au concours jeunes talents (en fait, je n\u2019en connaissais m\u00eame pas ce concours\u2026)<\/p>\n<p><strong>Aurais tu, par hasard, une sorte de teaser pour nous faire r\u00eaver sur ta prochaine bd&#8230;<\/strong><\/p>\n<p>J\u2019ai en tout quatre projets bd dont un pour lequel j\u2019ai fait 16 planches&nbsp; (\u00ab terre d\u2019exil \u00bb) qui sont parues dans le num\u00e9ro 11 du fanzine Amalgam. En deux mots, le protagoniste est un enfant exil\u00e9 qui se retrouve dans un lieu naturel et quasi d\u00e9sert avec pour seule compagnie une douzaine d\u2019enfants et un faune que lui seul voit.<br \/>Ces 16 planches, que j\u2019ai faites il y a un an et demi font un peu office de pilote, tout en sachant que le sc\u00e9nario a quelque peu chang\u00e9 et il faut aussi prendre en compte le fait que mon dessin a \u00e9volu\u00e9 depuis lors (j\u2019ai post\u00e9 la page de pr\u00e9sentation ainsi qu\u2019une ou deux planches sur mon blog).<\/p>\n<p><strong>H\u00e9 bien Madd, c&#8217;est un plaisir de discuter avec toi tu raconte tr\u00e8s bien les anecdotes croustillantes, donc, <a href=\"http:\/\/madd.artblog.fr\/\">il faut allez voir son blog<\/a>, et quand vous aurez assez croustill\u00e9, <a href=\"http:\/\/prixdublog.com\/votes.html\">il faut donc voter pour lui <\/a>!<\/strong><\/p>\n","protected":false},"excerpt":{"rendered":"<p>Madd, Mon dieu, qu&#8217;est ce que c&#8217;est vos cheveux l\u00e0 ? Je veux dire&#8230; pr\u00e9sentez vous. Je suis un grand macaroni tress\u00e9 qui fait une fixation sur le chiffre 13 (le 13 c\u2019est le mal !)\u2026 \u00e0 part \u00e7a, \u2018para\u00eet que je portes la poisse ! Do\u00f9 vous vient cette facult\u00e9 hors du commun \u00e0 [&hellip;]<\/p>\n","protected":false},"author":3,"featured_media":0,"comment_status":"open","ping_status":"open","sticky":false,"template":"","format":"standard","meta":{"footnotes":""},"categories":[2],"tags":[],"class_list":["post-5089","post","type-post","status-publish","format-standard","hentry","category-04-actualite-blogs-et-bd"],"_links":{"self":[{"href":"https:\/\/www.wedobd.com\/index.php?rest_route=\/wp\/v2\/posts\/5089","targetHints":{"allow":["GET"]}}],"collection":[{"href":"https:\/\/www.wedobd.com\/index.php?rest_route=\/wp\/v2\/posts"}],"about":[{"href":"https:\/\/www.wedobd.com\/index.php?rest_route=\/wp\/v2\/types\/post"}],"author":[{"embeddable":true,"href":"https:\/\/www.wedobd.com\/index.php?rest_route=\/wp\/v2\/users\/3"}],"replies":[{"embeddable":true,"href":"https:\/\/www.wedobd.com\/index.php?rest_route=%2Fwp%2Fv2%2Fcomments&post=5089"}],"version-history":[{"count":1,"href":"https:\/\/www.wedobd.com\/index.php?rest_route=\/wp\/v2\/posts\/5089\/revisions"}],"predecessor-version":[{"id":6153,"href":"https:\/\/www.wedobd.com\/index.php?rest_route=\/wp\/v2\/posts\/5089\/revisions\/6153"}],"wp:attachment":[{"href":"https:\/\/www.wedobd.com\/index.php?rest_route=%2Fwp%2Fv2%2Fmedia&parent=5089"}],"wp:term":[{"taxonomy":"category","embeddable":true,"href":"https:\/\/www.wedobd.com\/index.php?rest_route=%2Fwp%2Fv2%2Fcategories&post=5089"},{"taxonomy":"post_tag","embeddable":true,"href":"https:\/\/www.wedobd.com\/index.php?rest_route=%2Fwp%2Fv2%2Ftags&post=5089"}],"curies":[{"name":"wp","href":"https:\/\/api.w.org\/{rel}","templated":true}]}}