{"id":510,"date":"2010-09-15T08:00:00","date_gmt":"2010-09-15T06:00:00","guid":{"rendered":"https:\/\/www.wedobd.com\/?p=510"},"modified":"2025-09-29T14:40:54","modified_gmt":"2025-09-29T12:40:54","slug":"erwan-surcouf","status":"publish","type":"post","link":"https:\/\/www.wedobd.com\/?p=510","title":{"rendered":"Invit\u00e9 #81 : Erwann Surcouf"},"content":{"rendered":"<p><strong>Il revient, et cette ann\u00e9e c&#39;est d\u00e9cid\u00e9 : il aime tout le monde ! Voici le tenancier de <a href=\"http:\/\/erwann.surcouf.free.fr\/blog\/dotclear\/\" target=\"_blank\">Doubleplusbon<\/a>, voici Erwann Surcouf, et c&#39;est que du bonheur !<\/strong><\/p>\n<p><a href=\"http:\/\/yannicklejeune.blogs.com\/.a\/6a00d8341c501b53ef0133f4351930970b-popup\" onclick=\"window.open( this.href, &#39;_blank&#39;, &#39;width=640,height=480,scrollbars=no,resizable=no,toolbar=no,directories=no,location=no,menubar=no,status=no,left=0,top=0&#39; ); return false\" style=\"display: inline;\"><img decoding=\"async\" alt=\"Erwann-surcouf festiblog2010\" class=\"asset asset-image at-xid-6a00d8341c501b53ef0133f4351930970b \" src=\"https:\/\/www.wedobd.com\/wp-content\/uploads\/2010\/09\/6a00d8341c501b53ef0133f4351930970b-500wi.gif\" style=\"display: block; margin-left: auto; margin-right: auto;\" title=\"Erwann-surcouf festiblog2010\" \/><\/a><\/p>\n<p><strong>Quoi de neuf dans ta carri\u00e8re et tes projets depuis ta derni\u00e8re participation ?<\/strong><\/p>\n<p>Toujours de l&#39;illustration (entre autres les couvertures de la s\u00e9rie des &quot;\u00c9tranges s\u0153urs Wilcox&quot;, par Fabrice Colin chez Gallimard Jeunesse), des planches dans Science &amp; Vie Junior&#8230; Je dessine toujours dans &quot;Lapin&quot;, le trimestriel de l&#39;Association, et je fais encore des sc\u00e9narios pour la saison 2 de OVNI, la s\u00e9rie anim\u00e9e de <a href=\"http:\/\/www.lewistrondheim.com\/blog\/\" target=\"_blank\">Trondheim<\/a>. Et depuis mars je participe tous les mois aux &quot;<a href=\"http:\/\/www.lesautresgens.com\/spip.php?page=sommaire&amp;hz=1284486958\" target=\"_blank\">Autres Gens<\/a>&quot;, la fameuse b\u00e9d\u00e9novella de <a href=\"http:\/\/lethorama.blogspot.com\/\" target=\"_blank\">Thomas Cad\u00e8ne<\/a> !<\/p>\n<p><\/p>\n<p><strong>As-tu de nouveaux chouchous en blogs BD ou en webcomics ?<\/strong><\/p>\n<p>Cette ann\u00e9e j&#39;ai d\u00e9cid\u00e9 de ne pas dire de mal, car c&#39;est trop facile de se moquer d&#39;un blog sous pr\u00e9texte qu&#39;il en pompe d&#39;autres avec autant de personnalit\u00e9 qu&#39;une chaussure \u00e0 talon haut, ou qu&#39;il passe son temps \u00e0 s&#39;excuser de ne pas mettre \u00e0 jour, ou tout simplement qu&#39;il est niais \u00e0 mourir, \u00e7a arrive. Je ne dirai pas non plus de mal du mot &quot;chouchou&quot; : car m\u00eame si c&#39;est un mot ridicule qui m\u00e9riterait d&#39;\u00eatre violemment banni de la langue fran\u00e7aise, il a le droit de vivre lui aussi, au m\u00eame titre que les termes &quot;Girly&quot;, &quot;Sexisme positif&quot;, et &quot;C&#39;est que du bonheur&quot;. Donc cette ann\u00e9e, j&#39;aime tout le monde !<\/p>\n<p><\/p>\n<p><strong>Un mot pour ceux qui vont venir te voir ?<\/strong><\/p>\n<p>&quot;Je vous aime&quot;<\/p>\n<p><\/p>\n<p><strong>Quelque chose \u00e0 ajouter ?<\/strong><\/p>\n<p>&quot;Vraiment tr\u00e8s fort&quot;<\/p>\n","protected":false},"excerpt":{"rendered":"<p>Il revient, et cette ann\u00e9e c&#8217;est d\u00e9cid\u00e9 : il aime tout le monde ! Voici le tenancier de Doubleplusbon, voici Erwann Surcouf.<\/p>\n","protected":false},"author":2,"featured_media":0,"comment_status":"open","ping_status":"open","sticky":false,"template":"","format":"standard","meta":{"footnotes":""},"categories":[26,47],"tags":[207],"class_list":["post-510","post","type-post","status-publish","format-standard","hentry","category-02-le-festival-de-2005-a-2013","category-03-interviews-de-blogueurs-bd","tag-erwann-surcouf"],"_links":{"self":[{"href":"https:\/\/www.wedobd.com\/index.php?rest_route=\/wp\/v2\/posts\/510","targetHints":{"allow":["GET"]}}],"collection":[{"href":"https:\/\/www.wedobd.com\/index.php?rest_route=\/wp\/v2\/posts"}],"about":[{"href":"https:\/\/www.wedobd.com\/index.php?rest_route=\/wp\/v2\/types\/post"}],"author":[{"embeddable":true,"href":"https:\/\/www.wedobd.com\/index.php?rest_route=\/wp\/v2\/users\/2"}],"replies":[{"embeddable":true,"href":"https:\/\/www.wedobd.com\/index.php?rest_route=%2Fwp%2Fv2%2Fcomments&post=510"}],"version-history":[{"count":1,"href":"https:\/\/www.wedobd.com\/index.php?rest_route=\/wp\/v2\/posts\/510\/revisions"}],"predecessor-version":[{"id":3482,"href":"https:\/\/www.wedobd.com\/index.php?rest_route=\/wp\/v2\/posts\/510\/revisions\/3482"}],"wp:attachment":[{"href":"https:\/\/www.wedobd.com\/index.php?rest_route=%2Fwp%2Fv2%2Fmedia&parent=510"}],"wp:term":[{"taxonomy":"category","embeddable":true,"href":"https:\/\/www.wedobd.com\/index.php?rest_route=%2Fwp%2Fv2%2Fcategories&post=510"},{"taxonomy":"post_tag","embeddable":true,"href":"https:\/\/www.wedobd.com\/index.php?rest_route=%2Fwp%2Fv2%2Ftags&post=510"}],"curies":[{"name":"wp","href":"https:\/\/api.w.org\/{rel}","templated":true}]}}