{"id":5106,"date":"2007-11-06T14:25:00","date_gmt":"2007-11-06T13:25:00","guid":{"rendered":"https:\/\/www.wedobd.com\/?p=5106"},"modified":"2025-09-29T15:57:05","modified_gmt":"2025-09-29T13:57:05","slug":"paroles-sans-pa","status":"publish","type":"post","link":"https:\/\/www.wedobd.com\/?p=5106","title":{"rendered":"&#8220;Paroles sans papiers&#8221; ou la parole retrouv\u00e9e"},"content":{"rendered":"<p><a href=\"http:\/\/yannicklejeune.blogs.com\/.shared\/image.html?\/photos\/uncategorized\/2007\/11\/05\/parolessanspapiers.jpg\" onclick=\"window.open(this.href, '_blank', 'width=500,height=667,scrollbars=no,resizable=no,toolbar=no,directories=no,location=no,menubar=no,status=no,left=0,top=0'); return false\"><img loading=\"lazy\" decoding=\"async\" width=\"250\" height=\"333\" border=\"0\" alt=\"Parolessanspapiers\" title=\"Parolessanspapiers\" src=\"https:\/\/www.wedobd.com\/wp-content\/uploads\/2007\/11\/parolessanspapiers.jpg\" style=\"margin: 0px 5px 5px 0px; float: left;\" \/><\/a><br \/>\n<strong>Etre sans-papiers, c&#8217;est d&#8217;abord vivre dans le silence, le silence auquel oblige la clandestinit\u00e9. Parfois, les sans papiers sont mis en lumi\u00e8re dans les m\u00e9dias, au gr\u00e9 d&#8217;une action collective, mais l\u00e0 encore, on n&#8217;entend pas leur voix particuli\u00e8re. L&#8217;album <a href=\"http:\/\/www.amazon.fr\/Paroles-sans-papiers-Alfred-Chauvel\/dp\/2756010855\/ref=sr_1_1\/402-4925142-9957721?ie=UTF8&amp;s=books&amp;qid=1194305546&amp;sr=8-1\">Paroles sans papiers<\/a> paru chez Delcourt, leur donne cette voix avec brio.<\/strong><\/p>\n<p>Neuf auteurs, et non des moindres (Lorenzo Mattotti, Gipi, Frederik Peeters, Pierre Place, Alfred, Br\u00fcno, Kokor, Jouvray et Cyril Pedrosa), pr\u00eatent leur plume \u00e0 neuf t\u00e9moignages, tous plus poignants les uns que les autres. Au fil des pages on d\u00e9couvre la r\u00e9alit\u00e9 brutale du refoulement \u00e0 la fronti\u00e8re espagnole, des marches dans le d\u00e9sert marocain, de la violence administrative, ou encore de l&#8217;exploitation sans scrupule de la mis\u00e8re des clandestins.<\/p>\n<p>Les r\u00e9cits sont \u00e0 la fois sobres et poignants, de m\u00eame que les dessins qui les illustrent. Ainsi, dans &quot;Esclavage ordinaire&quot;, <a href=\"http:\/\/bruno.thielleux.free.fr\/\">Br\u00fcno<\/a> dessine l&#8217;histoire de Mariem, s\u00e9n\u00e9galaise arriv\u00e9e clandestinement en France \u00e0 l&#8217;\u00e2ge de 13 ans. Le d\u00e9cor est pos\u00e9 : un appartement propret, une cuisine, une salle de bains, et puis surtout, beaucoup de produits m\u00e9nagers, un aspirateur, une serpilli\u00e8re. C&#8217;est l\u00e0 que Mariem travaille &quot;gratuitement&quot; pour une tante qui la cache et la bat. Ses mots s&#8217;\u00e9grainent sur les images d&#8217;un ordre tranquille.<\/p>\n<p>La force de cet album est qu&#8217;en donnant une voix aux sans papiers, il leur donne une r\u00e9alit\u00e9 plus pr\u00e9gnante que n&#8217;importe quel documentaire. Il donne aussi la complexit\u00e9 de chaque situation, et met en lumi\u00e8re la confrontation toujours absurde et brutale entre des vies singuli\u00e8res et une administration qui voit difficilement les d\u00e9tails.<\/p>\n<p>Ces t\u00e9moignages pourraient se suffire \u00e0 eux-m\u00eames. Toutefois, l&#8217;album ne s&#8217;arr\u00eate pas l\u00e0 : entre chaque r\u00e9cit, on peut lire des citations de personnalit\u00e9s politiques, d&#8217;intellectuels ou d&#8217;artistes. A la fin de l&#8217;ouvrage, on trouvera un dossier tr\u00e8s bien fait sur l&#8217;immigration en France et en Europe.<\/p>\n<p>Il est naturel qu&#8217;un livre qui invite \u00e0 la prise de conscience politique s&#8217;accompagne d&#8217;un discours militant. N\u00e9anmoins, on peut s&#8217;interroger : se peut-il qu&#8217;il nuise au propos ? Par exemple que penser de la mise en parall\u00e8le, sans contextualisation, d&#8217;un extrait d&#8217;une loi antis\u00e9mite de Vichy et d&#8217;un extrait de la loi Debr\u00e9 sur l&#8217;immigration ? L&#8217;absence de nuance de ce genre de comparaison emp\u00eache de rentrer compl\u00e8tement dans le sujet. Il vient contredire toute la subtilit\u00e9 des t\u00e9moignages qui le pr\u00e9c\u00e8dent.<\/p>\n<p>Malgr\u00e9 ce b\u00e9mol, &quot;Paroles sans papiers&quot; reste un excellent album, tant par la puissance de son sujet, que par la virtuosit\u00e9 de sa r\u00e9alisation. A ne pas manquer !<\/p>\n","protected":false},"excerpt":{"rendered":"<p>Etre sans-papiers, c&#8217;est d&#8217;abord vivre dans le silence, le silence auquel oblige la clandestinit\u00e9. Parfois, les sans papiers sont mis en lumi\u00e8re dans les m\u00e9dias, au gr\u00e9 d&#8217;une action collective, mais l\u00e0 encore, on n&#8217;entend pas leur voix particuli\u00e8re. L&#8217;album Paroles sans papiers paru chez Delcourt, leur donne cette voix avec brio. Neuf auteurs, et [&hellip;]<\/p>\n","protected":false},"author":6,"featured_media":0,"comment_status":"open","ping_status":"open","sticky":false,"template":"","format":"standard","meta":{"footnotes":""},"categories":[2,44],"tags":[192,643,641,628,642],"class_list":["post-5106","post","type-post","status-publish","format-standard","hentry","category-04-actualite-blogs-et-bd","category-05-albums-de-blogueurs","tag-bd","tag-delcourt","tag-politique","tag-sans-papier","tag-societe"],"_links":{"self":[{"href":"https:\/\/www.wedobd.com\/index.php?rest_route=\/wp\/v2\/posts\/5106","targetHints":{"allow":["GET"]}}],"collection":[{"href":"https:\/\/www.wedobd.com\/index.php?rest_route=\/wp\/v2\/posts"}],"about":[{"href":"https:\/\/www.wedobd.com\/index.php?rest_route=\/wp\/v2\/types\/post"}],"author":[{"embeddable":true,"href":"https:\/\/www.wedobd.com\/index.php?rest_route=\/wp\/v2\/users\/6"}],"replies":[{"embeddable":true,"href":"https:\/\/www.wedobd.com\/index.php?rest_route=%2Fwp%2Fv2%2Fcomments&post=5106"}],"version-history":[{"count":1,"href":"https:\/\/www.wedobd.com\/index.php?rest_route=\/wp\/v2\/posts\/5106\/revisions"}],"predecessor-version":[{"id":6192,"href":"https:\/\/www.wedobd.com\/index.php?rest_route=\/wp\/v2\/posts\/5106\/revisions\/6192"}],"wp:attachment":[{"href":"https:\/\/www.wedobd.com\/index.php?rest_route=%2Fwp%2Fv2%2Fmedia&parent=5106"}],"wp:term":[{"taxonomy":"category","embeddable":true,"href":"https:\/\/www.wedobd.com\/index.php?rest_route=%2Fwp%2Fv2%2Fcategories&post=5106"},{"taxonomy":"post_tag","embeddable":true,"href":"https:\/\/www.wedobd.com\/index.php?rest_route=%2Fwp%2Fv2%2Ftags&post=5106"}],"curies":[{"name":"wp","href":"https:\/\/api.w.org\/{rel}","templated":true}]}}