{"id":5125,"date":"2007-09-28T19:46:12","date_gmt":"2007-09-28T17:46:12","guid":{"rendered":"https:\/\/www.wedobd.com\/?p=5125"},"modified":"2025-09-29T15:57:39","modified_gmt":"2025-09-29T13:57:39","slug":"ian-dairin-invi","status":"publish","type":"post","link":"https:\/\/www.wedobd.com\/?p=5125","title":{"rendered":"Ian Dairin, invit\u00e9 du Festiblog 2007 #31"},"content":{"rendered":"<p><strong>On a re\u00e7u son interview dans les derniers jours, mais on tenait absolument \u00e0 l&#8217;annoncer sur le site du Festiblog. Voici, <\/strong><a href=\"http:\/\/www.iandairin.com\/bolg\/\"><strong>Ian Dairin<\/strong><\/a><strong>, illustrateur, auteur de Katz, et cr\u00e9ateur de tout un monde animal haut en couleur.<\/strong><\/p>\n<p><strong><a onclick=\"window.open(this.href, '_blank', 'width=542,height=438,scrollbars=no,resizable=no,toolbar=no,directories=no,location=no,menubar=no,status=no,left=0,top=0'); return false\" href=\"http:\/\/yannicklejeune.blogs.com\/.shared\/image.html?\/photos\/uncategorized\/2007\/09\/28\/iandairinfestiblog1.jpg\"><img loading=\"lazy\" decoding=\"async\" title=\"Iandairinfestiblog1\" height=\"202\" alt=\"Iandairinfestiblog1\" src=\"https:\/\/www.wedobd.com\/wp-content\/uploads\/2007\/09\/iandairinfestiblog1.jpg\" width=\"250\" border=\"0\" style=\"FLOAT: left; MARGIN: 0px 5px 5px 0px\" \/><\/a> Comment as-tu commenc\u00e9 \u00e0 dessiner ?<\/strong><\/p>\n<p>J\u2019ai commenc\u00e9 \u00e0 dessiner parce que tout petit d\u00e9j\u00e0 j\u2019adorais me plonger dans un univers tr\u00e8s personnel, un petit c\u00f4t\u00e9 timide sans doute qui m\u2019amenait \u00e0 \u00eatre en introspection (Introspection : NTROSPECTION, subst. f\u00e9m. <br \/>Observation, examen, regard attentif sur soi-m\u00eame. <br \/>A. \u2212 PHILOS. [En parlant de l&#8217;effort d&#8217;une conscience qui se prend comme objet dans un but de connaissance de soi])\u2026 donc \u00e0 me raconter des histoires.<\/p>\n<p><strong>As-tu suivi une formation ?<\/strong><\/p>\n<p>Oui on va dire que j\u2019ai suivi les cours des Beaux-Arts en communication pendant 5 ans\u2026 je les ai suivi quoi, mais j\u2019ai jamais r\u00e9ussi \u00e0 les rattraper.<br \/>Bref j\u2019ai termin\u00e9 quand m\u00eame avec le dipl\u00f4me en poche, et c\u2019est super\u2026 pas utile, dans ce m\u00e9tier c\u2019est franchement l\u2019envie qui compte.<\/p>\n<p><strong>Peux-tu pr\u00e9senter ton blog ? Comment en es-tu venu \u00e0 bloguer ?<\/strong><\/p>\n<p>Mon blog c\u2019est un peu un fourre-tout (naaan rien de sale), un lieu d\u2019expo de tout ce que je fais. J\u2019en suis venu \u00e0 bloguer parce que j\u2019en avais marre de bosser dans mon coin, sans jamais avoir vraiment de lecteurs, j\u2018avais un site qui ne servait pas \u00e0 grand chose. Le blog permet vraiment d\u2019avoir une proximit\u00e9 avec ceux qui lisent vos travaux. Et puis il y a un peu d\u2019\u00e9mulation, et du coup on produit pas mal, et donc forc\u00e9ment on \u00e9volue, pas de myst\u00e8re, faut bosser et on s\u2019am\u00e9liore, enfin on essaie.<\/p>\n<p><strong>Quel est ton objectif premier quand tu blogues ?<\/strong><\/p>\n<p>Bin \u00e7a d\u00e9pend des notes. Il y a des jours o\u00f9 j\u2019ai besoin de mon blog pour communiquer un truc important, une sortie, un \u00e9v\u00e9nement \u00e0 partager. Pis y a des jours o\u00f9 je poste des travaux, histoire de montrer sur quoi je travaille. Mon blog n\u2019est pas autobiographique, c\u2019est plut\u00f4t un journal de l\u2019instant qui parle de ce que je fais et pas de moi.<\/p>\n<p><strong>Quels sont tes lecteurs aujourd\u2019hui ?<a onclick=\"window.open(this.href, '_blank', 'width=400,height=398,scrollbars=no,resizable=no,toolbar=no,directories=no,location=no,menubar=no,status=no,left=0,top=0'); return false\" href=\"http:\/\/yannicklejeune.blogs.com\/.shared\/image.html?\/photos\/uncategorized\/2007\/09\/28\/iandairinfestiblog2.jpg\"><img loading=\"lazy\" decoding=\"async\" title=\"Iandairinfestiblog2\" height=\"248\" alt=\"Iandairinfestiblog2\" src=\"https:\/\/www.wedobd.com\/wp-content\/uploads\/2007\/09\/iandairinfestiblog2.jpg\" width=\"250\" border=\"0\" style=\"FLOAT: right; MARGIN: 0px 0px 5px 5px\" \/><\/a> <\/strong><\/p>\n<p>Mes lecteurs sont en g\u00e9n\u00e9ral soit des habitu\u00e9s, soit des lecteurs de Spirou (p\u2019tit coucou au passage), soit les lecteurs de blogs en g\u00e9n\u00e9ral, ceux qui se font leur petit tour du matin comme d\u2019autres font leur footing. Ah il y a aussi toi, ami lecteur de passage qui a tap\u00e9 \u00ab blog \u00e9changiste \u00bb dans google et est tomb\u00e9 va savoir pourquoi sur les saines lectures de KatZ.<\/p>\n<p><strong>Combien de temps passes-tu sur les notes ?<\/strong><\/p>\n<p>Pas trop longtemps, c\u2019est quand m\u00eame pas mon travail principal de la journ\u00e9e, j\u2019ai une famille \u00e0 nourrir moi sans blague !<\/p>\n<p><strong>Est-ce que tu as du mat\u00e9riel fait expr\u00e8s pour le blog ?<\/strong><\/p>\n<p>Oui j\u2019ai fabriqu\u00e9 moi m\u00eame une souris en bois reli\u00e9e par un savant assemblage de ficelles \u00e0 une boite en carton que j\u2019ai nomm\u00e9 \u00ab p\u00e9ss\u00e9 \u00bb\u2026 non franchement non, si on s\u2019embarasse d\u2019un matos particulier pour \u00e9crire ou dessiner, faut se poser des questions sur la consistance du propos\u2026 en g\u00e9n\u00e9ral. En fait un bloc de papier, un stylo\u2026 c\u2019est suffisant.<\/p>\n<p><strong>Comment les r\u00e9alises-tu ?<\/strong><\/p>\n<p>Soit je fais un truc particulier, rapide, stylo, scan et Toshop pour coloriser, soit c\u2019est d\u2019une publication qu\u2019il s\u2019agit et l\u00e0 bin je scanne et je mets en ligne\u2026<\/p>\n<p><strong>Combien de temps passes-tu \u00e0 lire les blogs des autres ?<\/strong><\/p>\n<p>Il y a d\u2019autres blogs ? bin fl\u00fbte ! On me dit rien !<br \/>Raaaaah je d\u00e9cooooonne, je passe pas mal de temps \u00e0 lire les blogs des autres, j\u2019ai mes habitudes, qui changent, certains s\u2019arr\u00eatent, d\u2019autres arrivent,&nbsp; c\u2019est vivant.<\/p>\n<p><strong>Quels sont ceux dont tu es le plus fan ?<\/strong><\/p>\n<p>Ceux dont je suis le plus fan sont probablement les moins nombrilistes\u2026<\/p>\n<p><strong><a onclick=\"window.open(this.href, '_blank', 'width=400,height=270,scrollbars=no,resizable=no,toolbar=no,directories=no,location=no,menubar=no,status=no,left=0,top=0'); return false\" href=\"http:\/\/yannicklejeune.blogs.com\/.shared\/image.html?\/photos\/uncategorized\/2007\/09\/28\/iandairinfestiblog3.jpg\"><img loading=\"lazy\" decoding=\"async\" title=\"Iandairinfestiblog3\" height=\"168\" alt=\"Iandairinfestiblog3\" src=\"https:\/\/www.wedobd.com\/wp-content\/uploads\/2007\/09\/iandairinfestiblog3.jpg\" width=\"250\" border=\"0\" style=\"FLOAT: left; MARGIN: 0px 5px 5px 0px\" \/><\/a> As-tu rencontr\u00e9 des gens gr\u00e2ce aux blogs ?<\/strong><\/p>\n<p>Oui, j\u2019ai surtout pu entrer en contact avec des gens que je n\u2019aurais probablement pas crois\u00e9 aussi vite dans le milieu de la bayday.<\/p>\n<p><strong>As-tu une anecdote particuli\u00e8re li\u00e9e aux blogs ?<\/strong><\/p>\n<p>Ah non d\u00e9sol\u00e9 non, j\u2019ai une vie tr\u00e8s tr\u00e8s banale vous savez, je ne me d\u00e9guise jamais en super h\u00e9ros, et je travaille 35 heures par semaine\u2026 <\/p>\n<p><strong>Es-tu sensible aux commentaires ?<\/strong><\/p>\n<p>Oui bien s\u00fbr ! Evidemment. Qu\u2019ils soient positifs ou n\u00e9gatifs, il est bien \u00e9vident que ce que pensent les lecteurs m\u2019importe, je ne dessine pas que pour moi uhuh.<\/p>\n<p><strong>Qu\u2019est-ce qui te plait le plus dans les blogs et dans le fait de bloguer ?<\/strong><\/p>\n<p>Ce qui me plait le plus c\u2019est justement cet aspect relationnel lecteur\/auteur.<br \/>Vous imaginez \u00eatre dans une librairie o\u00f9 tous les auteurs sont avec leurs bouquins et on peut en discuter ensemble ? Ce serait une cacophonie d\u2019accord, un gros bordel, ok, mais l\u00e0 justement on a cette possibilit\u00e9 et en plus c\u2019est gratuit.<\/p>\n<p><strong>Qu\u2019aimes-tu le moins dans les blogs ?<\/strong><\/p>\n<p>Le nombrilisme, le copinage facile, voire calcul\u00e9, \u00e0 outrance. J\u2019aime encore moins \u00e7a que ce pauvre Troll qui laisse un commentaire acide parfum\u00e9 d\u2019urine tout content qu\u2019il est d\u2019avoir pu laisser sa marque autre part que sur le mur des toilettes de son coll\u00e8ge.<\/p>\n<p><strong>Penses-tu que l\u2019on va aller vers un d\u00e9veloppement de la BD sur le Web ?<a onclick=\"window.open(this.href, '_blank', 'width=400,height=434,scrollbars=no,resizable=no,toolbar=no,directories=no,location=no,menubar=no,status=no,left=0,top=0'); return false\" href=\"http:\/\/yannicklejeune.blogs.com\/.shared\/image.html?\/photos\/uncategorized\/2007\/09\/28\/iandairinfestiblog4.jpg\"><img loading=\"lazy\" decoding=\"async\" title=\"Iandairinfestiblog4\" height=\"271\" alt=\"Iandairinfestiblog4\" src=\"https:\/\/www.wedobd.com\/wp-content\/uploads\/2007\/09\/iandairinfestiblog4.jpg\" width=\"250\" border=\"0\" style=\"FLOAT: right; MARGIN: 0px 0px 5px 5px\" \/><\/a> <\/strong><\/p>\n<p>Le Web est un m\u00e9dia. Il est s\u00fbr que ce support peut apporter quelques petites choses sympathiques \u00e0 la BD, mais de nouveaux pi\u00e8ges de facilit\u00e9 aussi&#8230;<\/p>\n<p><strong>Imagines-tu que les lecteurs puissent un jour payer pour lire de la BD online ?<\/strong><\/p>\n<p>Pour que les auteurs puissent continuer \u00e0 vivre de leur travail oui. C\u2019est comme dans la \u00ab BD papier \u00bb (pour r\u00e9sumer), il y a du fanzine gratuit et du tirage de t\u00eate \u00e0 200 balles. Faut juste accepter le principe\u2026 \u00e7a c\u2019est pas gagn\u00e9.<\/p>\n<p><strong>Et en dehors des blogs, o\u00f9 peut-on voir ton travail ?<\/strong><\/p>\n<p>Dans Spirou principalement, et plus r\u00e9cemment dans les 3 albums de KatZ qui sortent dans toutes les bonnes librairies. Et il y a aussi l\u2019excellent 30joursdebd.com ! Un vrai site qui propose plein d\u2019auteurs, des talents, et \u00e7a tous les jours de l\u2019ann\u00e9e tout le temps, un vrai journal, avec une page quotidienne et o\u00f9 les lecteurs peuvent laisser leurs commentaires, comme sur les blogs quoi ! C\u2019\u00e9tait quoi la question ? Ah, \u00ab en dehors des blogs\u2026 \u00bb\u2026 \uf04a<\/p>\n<p><strong>Peux-tu pr\u00e9senter tes albums ?<\/strong><\/p>\n<p>Pour le moment j\u2019ai 3 albums de KatZ qui sortent chez ANGE, 3 recueils de strips qui ont \u00e9t\u00e9 diffus\u00e9s dans Spirou, le premier en novembre l\u00e0, le second en janvier et le troisi\u00e8me en f\u00e9vrier. La bonne surprise c\u2019est qu\u2019ils seront tous en avant-premi\u00e8re au Festiblog ! C\u2019est un tournant, parce que KatZ va finalement \u00eatre disponible dans toutes les bonnes librairies et diffus\u00e9 par Makassar.<br \/>J\u2019ai \u00e9galement particip\u00e9 \u00e0 un collectif : \u00ab Amiante, chronique d\u2019un crime social \u00bb chez Septi\u00e8me Choc.<\/p>\n<p><strong>Qu\u2019attends-tu du festival ?<\/strong><\/p>\n<p>Rencontrer des gens, des vrais, parce que fl\u00fbte c\u2019est quand m\u00eame pour eux qu\u2019on dessine uhuhuh. Pis voir la tronche des autres auteurs aussi.<\/p>\n<p><strong>Un dernier message pour tes fans ?<\/strong><\/p>\n<p>Il y en a plusieurs ??? Alors viens nombreux !<\/p>\n","protected":false},"excerpt":{"rendered":"<p>On a re\u00e7u son interview dans les derniers jours, mais on tenait absolument \u00e0 l&#8217;annoncer sur le site du Festiblog. Voici, Ian Dairin, illustrateur, auteur de Katz, et cr\u00e9ateur de tout un monde animal haut en couleur. Comment as-tu commenc\u00e9 \u00e0 dessiner ? J\u2019ai commenc\u00e9 \u00e0 dessiner parce que tout petit d\u00e9j\u00e0 j\u2019adorais me plonger [&hellip;]<\/p>\n","protected":false},"author":6,"featured_media":0,"comment_status":"open","ping_status":"open","sticky":false,"template":"","format":"standard","meta":{"footnotes":""},"categories":[26],"tags":[],"class_list":["post-5125","post","type-post","status-publish","format-standard","hentry","category-02-le-festival-de-2005-a-2013"],"_links":{"self":[{"href":"https:\/\/www.wedobd.com\/index.php?rest_route=\/wp\/v2\/posts\/5125","targetHints":{"allow":["GET"]}}],"collection":[{"href":"https:\/\/www.wedobd.com\/index.php?rest_route=\/wp\/v2\/posts"}],"about":[{"href":"https:\/\/www.wedobd.com\/index.php?rest_route=\/wp\/v2\/types\/post"}],"author":[{"embeddable":true,"href":"https:\/\/www.wedobd.com\/index.php?rest_route=\/wp\/v2\/users\/6"}],"replies":[{"embeddable":true,"href":"https:\/\/www.wedobd.com\/index.php?rest_route=%2Fwp%2Fv2%2Fcomments&post=5125"}],"version-history":[{"count":1,"href":"https:\/\/www.wedobd.com\/index.php?rest_route=\/wp\/v2\/posts\/5125\/revisions"}],"predecessor-version":[{"id":6227,"href":"https:\/\/www.wedobd.com\/index.php?rest_route=\/wp\/v2\/posts\/5125\/revisions\/6227"}],"wp:attachment":[{"href":"https:\/\/www.wedobd.com\/index.php?rest_route=%2Fwp%2Fv2%2Fmedia&parent=5125"}],"wp:term":[{"taxonomy":"category","embeddable":true,"href":"https:\/\/www.wedobd.com\/index.php?rest_route=%2Fwp%2Fv2%2Fcategories&post=5125"},{"taxonomy":"post_tag","embeddable":true,"href":"https:\/\/www.wedobd.com\/index.php?rest_route=%2Fwp%2Fv2%2Ftags&post=5125"}],"curies":[{"name":"wp","href":"https:\/\/api.w.org\/{rel}","templated":true}]}}