{"id":5130,"date":"2007-09-28T14:12:52","date_gmt":"2007-09-28T12:12:52","guid":{"rendered":"https:\/\/www.wedobd.com\/?p=5130"},"modified":"2025-09-29T15:57:47","modified_gmt":"2025-09-29T13:57:47","slug":"vincent-lvque-i","status":"publish","type":"post","link":"https:\/\/www.wedobd.com\/?p=5130","title":{"rendered":"Vincent L\u00e9v\u00eaque, invit\u00e9 du Festiblog 2007 #28"},"content":{"rendered":"<p><strong><a onclick=\"window.open(this.href, '_blank', 'width=450,height=419,scrollbars=no,resizable=no,toolbar=no,directories=no,location=no,menubar=no,status=no,left=0,top=0'); return false\" href=\"http:\/\/yannicklejeune.blogs.com\/.shared\/image.html?\/photos\/uncategorized\/2007\/09\/28\/vincentfestiblog4.jpg\"><\/a>Des d\u00e9licats croquis au crayon aux vifs dessins d&#8217;actu en passant par une s\u00e9rie de petites BD humoristiques, <\/strong><a href=\"http:\/\/0320099220.free.fr\/blog\/\"><strong>Vincent L\u00e9v\u00eaque<\/strong><\/a><strong> touche \u00e0 tout, et avec talent !<\/strong><\/p>\n<p><strong><a onclick=\"window.open(this.href, '_blank', 'width=450,height=380,scrollbars=no,resizable=no,toolbar=no,directories=no,location=no,menubar=no,status=no,left=0,top=0'); return false\" href=\"http:\/\/yannicklejeune.blogs.com\/.shared\/image.html?\/photos\/uncategorized\/2007\/09\/28\/vincentfestiblog1.jpg\"><img loading=\"lazy\" decoding=\"async\" title=\"Vincentfestiblog1\" height=\"211\" alt=\"Vincentfestiblog1\" src=\"https:\/\/www.wedobd.com\/wp-content\/uploads\/2007\/09\/vincentfestiblog1.jpg\" width=\"250\" border=\"0\" style=\"FLOAT: left; MARGIN: 0px 5px 5px 0px\" \/><\/a> Comment as-tu commenc\u00e9 \u00e0 dessiner ?<\/strong><\/p>\n<p>Comme tout le monde, en primaire, en recopiant Lucky Luke, Ast\u00e9rix et les autres h\u00e9ros de la BD franco-belge.<\/p>\n<p><strong>As-tu suivi une formation ?<\/strong><\/p>\n<p>Non je suis un parfait autodidacte.<\/p>\n<p><strong>Peux-tu pr\u00e9senter ton blog ? Comment en es-tu venu \u00e0 bloguer ?<\/strong><\/p>\n<p>Mon blog parle de ma vie, de mes travaux, de mes impressions du moment sur tout et n&#8217;importe quoi du moment que \u00e7a m&#8217;inspire. J&#8217;ai cr\u00e9\u00e9 mon blog d&#8217;abord comme compl\u00e9ment dynamique de mon site classique et puis je me suis pris au jeu.<\/p>\n<p><strong>Quel est ton objectif premier quand tu blogues ?<\/strong><\/p>\n<p>Faire r\u00e9agir les gens sur mon travail ou mes aventures quotidiennes.<\/p>\n<p><strong>Quels sont tes lecteurs aujourd\u2019hui ?<\/strong><\/p>\n<p>Il n&#8217;y a pas de profil type m\u00eame si j&#8217;ai pas mal d&#8217;habitu\u00e9s, illustrateurs comme moi.<a onclick=\"window.open(this.href, '_blank', 'width=450,height=583,scrollbars=no,resizable=no,toolbar=no,directories=no,location=no,menubar=no,status=no,left=0,top=0'); return false\" href=\"http:\/\/yannicklejeune.blogs.com\/.shared\/image.html?\/photos\/uncategorized\/2007\/09\/28\/vincentfestiblog2_2.jpg\"><img loading=\"lazy\" decoding=\"async\" title=\"Vincentfestiblog2_2\" height=\"323\" alt=\"Vincentfestiblog2_2\" src=\"https:\/\/www.wedobd.com\/wp-content\/uploads\/2025\/09\/vincentfestiblog2_2.jpg\" width=\"250\" border=\"0\" style=\"FLOAT: right; MARGIN: 0px 0px 5px 5px\" \/><\/a> <\/p>\n<p><strong>Combien de temps passes-tu sur les notes ?<\/strong><\/p>\n<p>Je dirais entre 10 et 30 minutes par jour en moyenne.<\/p>\n<p><strong>Est-ce que tu as du mat\u00e9riel fait expr\u00e8s pour le blog (carnet ou des trucs repris ailleurs) ?<\/strong><\/p>\n<p>Le plus souvent c&#8217;est du &quot;mat\u00e9riel&quot; in\u00e9dit qui ne vise pas obligatoirement \u00e0 apparaitre ailleurs.<\/p>\n<p><strong>Comment les r\u00e9alises-tu ?<\/strong><\/p>\n<p>Mes notes de blog sont souvent faites rapidement pour garder de la fraicheur dans le trait et le propos.<\/p>\n<p><strong>Combien de temps passes-tu \u00e0 lire les blogs des autres ?<\/strong><\/p>\n<p>Une vingtaine de minutes par jour.<\/p>\n<p><strong>Quels sont ceux dont tu es le plus fan ?<\/strong><\/p>\n<p>Les <a href=\"http:\/\/www.chicou-chicou.com\/\">chicous<\/a>, <a href=\"http:\/\/jcmazurie.canalblog.com\/\">JC Mazurie<\/a> , <a href=\"http:\/\/www.j-illustre-a-blog.com\/\">J&#8217;illustre \u00e0 blog<\/a> et <a href=\"http:\/\/mojito.over-blog.net\/\">Inti<\/a>. <\/p>\n<p><strong><a onclick=\"window.open(this.href, '_blank', 'width=450,height=636,scrollbars=no,resizable=no,toolbar=no,directories=no,location=no,menubar=no,status=no,left=0,top=0'); return false\" href=\"http:\/\/yannicklejeune.blogs.com\/.shared\/image.html?\/photos\/uncategorized\/2007\/09\/28\/vincentfestiblog3_2.jpg\"><img loading=\"lazy\" decoding=\"async\" title=\"Vincentfestiblog3_2\" height=\"353\" alt=\"Vincentfestiblog3_2\" src=\"https:\/\/www.wedobd.com\/wp-content\/uploads\/2007\/09\/vincentfestiblog3_2.jpg\" width=\"250\" border=\"0\" style=\"FLOAT: left; MARGIN: 0px 5px 5px 0px\" \/><\/a> As-tu rencontr\u00e9 des gens gr\u00e2ce aux blogs ?<\/strong><\/p>\n<p>Pas encore mais ca viendra !<\/p>\n<p><strong>As-tu une anecdote particuli\u00e8re li\u00e9e aux blogs ?<\/strong><\/p>\n<p>Pas encore mais la vie est longue \ud83d\ude42<\/p>\n<p><strong>Es-tu sensible aux commentaires ?<\/strong><\/p>\n<p>Comme tout le monde j&#8217;imagine mais pour le moment j&#8217;ai avant tout de gentils lecteurs donc \u00e7a va.<\/p>\n<p><strong>Qu\u2019est-ce qui te plait le plus dans les blogs et dans le fait de bloguer ?<\/strong><\/p>\n<p>J\u2019aime la spontan\u00e9it\u00e9 li\u00e9e \u00e0 ce medium.<\/p>\n<p><strong>Qu\u2019aimes-tu le moins dans les blogs ?<\/strong><\/p>\n<p>Les saloperies de spams qui tentent de v\u00e9roler les commentaires !<\/p>\n<p><strong>Penses-tu que l\u2019on va aller vers un d\u00e9veloppement de la BD sur le Web ?<\/strong><\/p>\n<p>Pas s\u00fbr, le format papier est pour moi difficilement rempla\u00e7able. L&#8217;objet livre a encore de beaux jours devant lui. Pour moi le blog c&#8217;est avant tout le moyen de mieux d\u00e9couvrir l&#8217;univers d&#8217;un auteur qu&#8217;il soit pro ou en devenir.<\/p>\n<p><strong>Imagines-tu que les lecteurs puissent un jour payer pour lire de la BD online ?<\/strong><\/p>\n<p>Je ne pense pas.<\/p>\n<p><strong>Et en dehors des blogs, o\u00f9 peut-on voir ton travail ?<\/strong><\/p>\n<p>Sur mon site perso (<a href=\"http:\/\/www.vincentleveque.com\/\">www.vincentleveque.com<\/a>) et sur le forum graphique Caf\u00e9 sal\u00e9.<\/p>\n<p><strong>Peux-tu pr\u00e9senter tes albums ?<a onclick=\"window.open(this.href, '_blank', 'width=450,height=419,scrollbars=no,resizable=no,toolbar=no,directories=no,location=no,menubar=no,status=no,left=0,top=0'); return false\" href=\"http:\/\/yannicklejeune.blogs.com\/.shared\/image.html?\/photos\/uncategorized\/2007\/09\/28\/vincentfestiblog4_2.jpg\"><img loading=\"lazy\" decoding=\"async\" title=\"Vincentfestiblog4_2\" height=\"232\" alt=\"Vincentfestiblog4_2\" src=\"https:\/\/www.wedobd.com\/wp-content\/uploads\/2007\/09\/vincentfestiblog4_2.jpg\" width=\"250\" border=\"0\" style=\"FLOAT: right; MARGIN: 0px 0px 5px 5px\" \/><\/a> <\/strong><\/p>\n<p>Pour le moment je n&#8217;ai fait qu&#8217;un livre pour enfant (Hector aux \u00e9ditions le Textuaire) c&#8217;est sans texte, plein de robots et de machines \u00e9tranges et assez po\u00e9tiques j&#8217;esp\u00e8re.<\/p>\n<p><strong>Qu\u2019attends-tu du festival ?<\/strong><\/p>\n<p>C\u2019est une bonne occasion pour voir du monde (lecteurs et auteurs).<\/p>\n<p><strong>Un dernier message pour tes fans ?<\/strong><\/p>\n<p>N\u2019oubliez pas de vous brosser les dents !<\/p>\n","protected":false},"excerpt":{"rendered":"<p>Des d\u00e9licats croquis au crayon aux vifs dessins d&#8217;actu en passant par une s\u00e9rie de petites BD humoristiques, Vincent L\u00e9v\u00eaque touche \u00e0 tout, et avec talent ! Comment as-tu commenc\u00e9 \u00e0 dessiner ? Comme tout le monde, en primaire, en recopiant Lucky Luke, Ast\u00e9rix et les autres h\u00e9ros de la BD franco-belge. As-tu suivi une [&hellip;]<\/p>\n","protected":false},"author":6,"featured_media":0,"comment_status":"open","ping_status":"open","sticky":false,"template":"","format":"standard","meta":{"footnotes":""},"categories":[26],"tags":[],"class_list":["post-5130","post","type-post","status-publish","format-standard","hentry","category-02-le-festival-de-2005-a-2013"],"_links":{"self":[{"href":"https:\/\/www.wedobd.com\/index.php?rest_route=\/wp\/v2\/posts\/5130","targetHints":{"allow":["GET"]}}],"collection":[{"href":"https:\/\/www.wedobd.com\/index.php?rest_route=\/wp\/v2\/posts"}],"about":[{"href":"https:\/\/www.wedobd.com\/index.php?rest_route=\/wp\/v2\/types\/post"}],"author":[{"embeddable":true,"href":"https:\/\/www.wedobd.com\/index.php?rest_route=\/wp\/v2\/users\/6"}],"replies":[{"embeddable":true,"href":"https:\/\/www.wedobd.com\/index.php?rest_route=%2Fwp%2Fv2%2Fcomments&post=5130"}],"version-history":[{"count":1,"href":"https:\/\/www.wedobd.com\/index.php?rest_route=\/wp\/v2\/posts\/5130\/revisions"}],"predecessor-version":[{"id":6238,"href":"https:\/\/www.wedobd.com\/index.php?rest_route=\/wp\/v2\/posts\/5130\/revisions\/6238"}],"wp:attachment":[{"href":"https:\/\/www.wedobd.com\/index.php?rest_route=%2Fwp%2Fv2%2Fmedia&parent=5130"}],"wp:term":[{"taxonomy":"category","embeddable":true,"href":"https:\/\/www.wedobd.com\/index.php?rest_route=%2Fwp%2Fv2%2Fcategories&post=5130"},{"taxonomy":"post_tag","embeddable":true,"href":"https:\/\/www.wedobd.com\/index.php?rest_route=%2Fwp%2Fv2%2Ftags&post=5130"}],"curies":[{"name":"wp","href":"https:\/\/api.w.org\/{rel}","templated":true}]}}