{"id":5151,"date":"2007-09-22T14:24:37","date_gmt":"2007-09-22T12:24:37","guid":{"rendered":"https:\/\/www.wedobd.com\/?p=5151"},"modified":"2025-09-29T15:58:24","modified_gmt":"2025-09-29T13:58:24","slug":"martin-vidberg-4","status":"publish","type":"post","link":"https:\/\/www.wedobd.com\/?p=5151","title":{"rendered":"Martin Vidberg, invit\u00e9 du Festiblog 2007 #17"},"content":{"rendered":"<p><strong>Invit\u00e9 pour la deuxi\u00e8me fois du Festiblog, <\/strong><a href=\"http:\/\/www.bulledair.com\/everland2\/\"><strong>Martin Vidberg<\/strong><\/a><strong> est l&#8217;auteur de l&#8217;excellent <em>Journal d&#8217;un rempla\u00e7ant<\/em>, d\u00e9marr\u00e9 sur son blog. Il a \u00e9galement re\u00e7u le 2e prix du <\/strong><a href=\"http:\/\/www.festivalderomans.com\/\"><strong>Festival de Romans<\/strong><\/a><strong> dans la cat\u00e9gorie BD. Sur son blog, il parle avec humour non seulement de sa vie quotidienne, mais aussi de sujets de politique et de soci\u00e9t\u00e9.<\/strong><\/p>\n<p><strong><a onclick=\"window.open(this.href, '_blank', 'width=360,height=321,scrollbars=no,resizable=no,toolbar=no,directories=no,location=no,menubar=no,status=no,left=0,top=0'); return false\" href=\"http:\/\/yannicklejeune.blogs.com\/.shared\/image.html?\/photos\/uncategorized\/2007\/09\/22\/vidbergfestiblog1.gif\"><img loading=\"lazy\" decoding=\"async\" title=\"Vidbergfestiblog1\" height=\"222\" alt=\"Vidbergfestiblog1\" src=\"https:\/\/www.wedobd.com\/wp-content\/uploads\/2007\/09\/vidbergfestiblog1.gif\" width=\"250\" border=\"0\" style=\"FLOAT: left; MARGIN: 0px 5px 5px 0px\" \/><\/a> Quoi de neuf depuis ta derni\u00e8re participation ?<\/strong><\/p>\n<p>Plein de trucs : des publications, 2 albums, des projets vari\u00e9s et surtout un b\u00e9b\u00e9.<\/p>\n<p><strong>Comment dirais-tu que ton blog a \u00e9volu\u00e9 entre temps ?<\/strong><\/p>\n<p>J&#8217;ai surtout pris conscience que mon blog m&#8217;avait permis de d\u00e9crocher quelques contrats et que j\u2019avais donc tout int\u00e9r\u00eat de le soigner et d\u2019y poster des notes agr\u00e9ables \u00e0 lire et divertissantes. Ca n\u2019en reste pas moins une activit\u00e9 b\u00e9n\u00e9vole et un loisir.<\/p>\n<p><strong><\/strong><\/p>\n<p><strong><\/strong><\/p>\n<p><strong>Ton meilleur souvenir de ta participation au Festival ?<a onclick=\"window.open(this.href, '_blank', 'width=550,height=507,scrollbars=no,resizable=no,toolbar=no,directories=no,location=no,menubar=no,status=no,left=0,top=0'); return false\" href=\"http:\/\/yannicklejeune.blogs.com\/.shared\/image.html?\/photos\/uncategorized\/2007\/09\/22\/vidbergfestiblog2_3.gif\"><img loading=\"lazy\" decoding=\"async\" title=\"Vidbergfestiblog2_3\" height=\"230\" alt=\"Vidbergfestiblog2_3\" src=\"https:\/\/www.wedobd.com\/wp-content\/uploads\/2007\/09\/vidbergfestiblog2_3.gif\" width=\"250\" border=\"0\" style=\"FLOAT: right; MARGIN: 0px 0px 5px 5px\" \/><\/a> <\/strong><\/p>\n<p>Il s&#8217;agissait de ma premi\u00e8re s\u00e9ance de d\u00e9dicace. Le fait d\u2019avoir \u00e9t\u00e9 invit\u00e9 et de passer de l\u2019autre c\u00f4t\u00e9 de la table pour la premi\u00e8re fois est le principal fait marquant que je garderai de ce festiblog. Pour le reste, tout s\u2019est tr\u00e8s bien pass\u00e9 et j\u2019ai achet\u00e9 de l\u2019huile d\u2019olive qui m\u2019a bien plu dans une boutique avoisinante :o)<\/p>\n<p><strong><a onclick=\"window.open(this.href, '_blank', 'width=550,height=507,scrollbars=no,resizable=no,toolbar=no,directories=no,location=no,menubar=no,status=no,left=0,top=0'); return false\" href=\"http:\/\/yannicklejeune.blogs.com\/.shared\/image.html?\/photos\/uncategorized\/2007\/09\/22\/vidbergfestiblog2_2.gif\"><\/a><\/strong><strong>Un mot pour les lecteurs qui vont venir te voir ?<a onclick=\"window.open(this.href, '_blank', 'width=550,height=507,scrollbars=no,resizable=no,toolbar=no,directories=no,location=no,menubar=no,status=no,left=0,top=0'); return false\" href=\"http:\/\/yannicklejeune.blogs.com\/.shared\/image.html?\/photos\/uncategorized\/2007\/09\/22\/vidbergfestiblog2.gif\"><\/a> <\/strong><\/p>\n<p>Il para\u00eet que certaines personnes ont \u00e9t\u00e9 trop timides pour venir jusqu\u2019\u00e0 la table de d\u00e9dicace. Cette fois-ci, il ne faudra pas h\u00e9siter : celui qui d\u00e9dicace n\u2019est pas forc\u00e9ment beaucoup plus assur\u00e9 :o)<\/p>\n","protected":false},"excerpt":{"rendered":"<p>Invit\u00e9 pour la deuxi\u00e8me fois du Festiblog, Martin Vidberg est l&#8217;auteur de l&#8217;excellent Journal d&#8217;un rempla\u00e7ant, d\u00e9marr\u00e9 sur son blog. Il a \u00e9galement re\u00e7u le 2e prix du Festival de Romans dans la cat\u00e9gorie BD. Sur son blog, il parle avec humour non seulement de sa vie quotidienne, mais aussi de sujets de politique et [&hellip;]<\/p>\n","protected":false},"author":6,"featured_media":0,"comment_status":"open","ping_status":"open","sticky":false,"template":"","format":"standard","meta":{"footnotes":""},"categories":[26],"tags":[],"class_list":["post-5151","post","type-post","status-publish","format-standard","hentry","category-02-le-festival-de-2005-a-2013"],"_links":{"self":[{"href":"https:\/\/www.wedobd.com\/index.php?rest_route=\/wp\/v2\/posts\/5151","targetHints":{"allow":["GET"]}}],"collection":[{"href":"https:\/\/www.wedobd.com\/index.php?rest_route=\/wp\/v2\/posts"}],"about":[{"href":"https:\/\/www.wedobd.com\/index.php?rest_route=\/wp\/v2\/types\/post"}],"author":[{"embeddable":true,"href":"https:\/\/www.wedobd.com\/index.php?rest_route=\/wp\/v2\/users\/6"}],"replies":[{"embeddable":true,"href":"https:\/\/www.wedobd.com\/index.php?rest_route=%2Fwp%2Fv2%2Fcomments&post=5151"}],"version-history":[{"count":1,"href":"https:\/\/www.wedobd.com\/index.php?rest_route=\/wp\/v2\/posts\/5151\/revisions"}],"predecessor-version":[{"id":6293,"href":"https:\/\/www.wedobd.com\/index.php?rest_route=\/wp\/v2\/posts\/5151\/revisions\/6293"}],"wp:attachment":[{"href":"https:\/\/www.wedobd.com\/index.php?rest_route=%2Fwp%2Fv2%2Fmedia&parent=5151"}],"wp:term":[{"taxonomy":"category","embeddable":true,"href":"https:\/\/www.wedobd.com\/index.php?rest_route=%2Fwp%2Fv2%2Fcategories&post=5151"},{"taxonomy":"post_tag","embeddable":true,"href":"https:\/\/www.wedobd.com\/index.php?rest_route=%2Fwp%2Fv2%2Ftags&post=5151"}],"curies":[{"name":"wp","href":"https:\/\/api.w.org\/{rel}","templated":true}]}}