{"id":5157,"date":"2007-09-16T01:29:06","date_gmt":"2007-09-15T23:29:06","guid":{"rendered":"https:\/\/www.wedobd.com\/?p=5157"},"modified":"2025-09-29T15:58:37","modified_gmt":"2025-09-29T13:58:37","slug":"ad-invit-du-fes-2","status":"publish","type":"post","link":"https:\/\/www.wedobd.com\/?p=5157","title":{"rendered":"Ad, invit\u00e9 du Festiblog 2007 #12"},"content":{"rendered":"<p><strong>On continue la pr\u00e9sentation des invit\u00e9s de cette ann\u00e9e en accueillant Ad, un des membres de la joyeuse bande de <\/strong><a href=\"http:\/\/www.bdduweb.com\/index.php\"><strong>BD du web<\/strong><\/a>.<\/p>\n<p><strong><a onclick=\"window.open(this.href, '_blank', 'width=350,height=481,scrollbars=no,resizable=no,toolbar=no,directories=no,location=no,menubar=no,status=no,left=0,top=0'); return false\" href=\"http:\/\/yannicklejeune.blogs.com\/.shared\/image.html?\/photos\/uncategorized\/2007\/09\/15\/adfestiblog1.jpg\"><img loading=\"lazy\" decoding=\"async\" title=\"Adfestiblog1\" height=\"343\" alt=\"Adfestiblog1\" src=\"https:\/\/www.wedobd.com\/wp-content\/uploads\/2007\/09\/adfestiblog1.jpg\" width=\"250\" border=\"0\" style=\"FLOAT: left; MARGIN: 0px 5px 5px 0px\" \/><\/a> Comment as-tu commenc\u00e9 \u00e0 dessiner ?<\/strong><\/p>\n<p>J&#8217;\u00e9tais en CM2, je m&#8217;en souviens plut\u00f4t bien encore. Je dessinais vraiment tr\u00e8s tr\u00e8s mal, enfin du moins je ne supportais pas moi m\u00eame ce que je faisais, j&#8217;aimais pas quoi. Et puis un camarade de classe nomm\u00e9 Joachim m&#8217;a montr\u00e9 comment dessiner les mains et b\u00eatement \u00e7a m&#8217;a motiv\u00e9 \u00e0 continuer. Et voil\u00e0, depuis j&#8217;ai fait toutes les marges de mes feuilles de cours.<\/p>\n<p><strong>As-tu suivi une formation ?<\/strong><\/p>\n<p>Non pas vraiment. J&#8217;ai eu des conseils plut\u00f4t (surtout par Laurel, et puis Lindingre pour les scenars m\u00eame si j&#8217;ai pas encore trop appliqu\u00e9&#8230; honte sur moi).<\/p>\n<p><strong>Peux-tu pr\u00e9senter ton blog ? Comment en es-tu venu \u00e0 blogger ?<\/strong><\/p>\n<p>J&#8217;en suis venu \u00e0 bloguer en d\u00e9couvrant ce petit monde sur le site du festival. J&#8217;ai un peu saut\u00e9 de blog en blog et j&#8217;ai ouvert le mien le 1er avril 2006. J&#8217;ai voulu qu&#8217;il soit collectif pour s&#8217;enfermer le moins possible dans &quot;moi mon blog et moi&quot;, et puis \u00e7a permet de r\u00e9agir aux posts des autres. Moi j&#8217;aime. <\/p>\n<p><strong>Quel est ton objectif premier quand tu bloggues ?<\/strong><\/p>\n<p>Y a pas forc\u00e9ment d&#8217;objectif, j&#8217;essaye d&#8217;\u00eatre pas trop crade. Je dessine ce que je veux quand je veux. Je pense aussi que c&#8217;est important de garder un semblant de rythme.<\/p>\n<p><strong>Quels sont tes lecteurs aujourd\u2019hui ?<\/strong><\/p>\n<p>Je sais pas trop. La plupart doivent venir de chez Laurel. Et puis sinon les liens circulent hein&#8230; Enfin \u00e7a c&#8217;est plut\u00f4t la provenance, mais le &quot;type&quot; des gens qui viennent alors l\u00e0 j&#8217;en sais vraiment rien du tout.<\/p>\n<p><strong>Combien de temps passes-tu sur les notes ?<a onclick=\"window.open(this.href, '_blank', 'width=527,height=481,scrollbars=no,resizable=no,toolbar=no,directories=no,location=no,menubar=no,status=no,left=0,top=0'); return false\" href=\"http:\/\/yannicklejeune.blogs.com\/.shared\/image.html?\/photos\/uncategorized\/2007\/09\/15\/adfestiblog2.jpg\"><img loading=\"lazy\" decoding=\"async\" title=\"Adfestiblog2\" height=\"228\" alt=\"Adfestiblog2\" src=\"https:\/\/www.wedobd.com\/wp-content\/uploads\/2007\/09\/adfestiblog2.jpg\" width=\"250\" border=\"0\" style=\"FLOAT: right; MARGIN: 0px 0px 5px 5px\" \/><\/a> <\/strong><\/p>\n<p>Une note prend en moyenne 2h je pense. Apr\u00e8s la fr\u00e9quence \u00e7a d\u00e9pend de la vraie vie. <\/p>\n<p><strong>Est-ce que tu as du mat\u00e9riel fait expr\u00e8s pour le blog ?<\/strong><\/p>\n<p>Oui c&#8217;est souvent fait expr\u00e8s pour le blog. Mais je dis pas que je poste pas de temps en temps un dessin qui \u00e9tait pr\u00e9vu pour autre chose quand la fr\u00e9quence des notes commence \u00e0 laisser d\u00e9sirer.<\/p>\n<p><strong>Comment les r\u00e9alises-tu ?<\/strong><\/p>\n<p>Je dessine sur feuille blanche (A4 classique), j&#8217;encre (\u00e0 la plume depuis peu), je scanne et je colorie avec le Macintosh. <\/p>\n<p><strong>Combien de temps passes-tu \u00e0 lire les blogs des autres ?<\/strong><\/p>\n<p>De moins en moins parce que je trouve que d&#8217;une part \u00e7a s&#8217;essouffle sur la blogosph\u00e8re (d\u00e9trompez moi sinon). Et puis d&#8217;autre part heu&#8230; oui non d&#8217;une seule part en fait.<\/p>\n<p><strong><a onclick=\"window.open(this.href, '_blank', 'width=379,height=419,scrollbars=no,resizable=no,toolbar=no,directories=no,location=no,menubar=no,status=no,left=0,top=0'); return false\" href=\"http:\/\/yannicklejeune.blogs.com\/.shared\/image.html?\/photos\/uncategorized\/2007\/09\/15\/adfestiblog3.jpg\"><img loading=\"lazy\" decoding=\"async\" title=\"Adfestiblog3\" height=\"276\" alt=\"Adfestiblog3\" src=\"https:\/\/www.wedobd.com\/wp-content\/uploads\/2007\/09\/adfestiblog3.jpg\" width=\"250\" border=\"0\" style=\"FLOAT: left; MARGIN: 0px 5px 5px 0px\" \/><\/a> Quels sont ceux dont tu es le plus fan ?<\/strong><\/p>\n<p>Larcenet, Laurel, Wayne, Inti, Everland, Piak, Fucking Karma, Cmax, Obion, Kek, Shyle, Frodon&#8230;<\/p>\n<p><strong>As-tu rencontr\u00e9 des gens gr\u00e2ce aux blogs ?<\/strong><\/p>\n<p>Oui, premi\u00e8rement Piak et K\u00e9k\u00e9 qui dessinent avec moi. Ensuite Laurel qui habitait \u00e0 Metz comme moi et avec qui j&#8217;ai construit ensuite un peu plus car affinit\u00e9s&#8230; J&#8217;ai aussi rencontr\u00e9 d&#8217;autres blogueurs gr\u00e2ce aux diff\u00e9rents festivals (Nagash, Wayne, Kaouet, RaphaelB,&#8230; et d&#8217;autres)<\/p>\n<p><strong>As-tu une anecdote particuli\u00e8re li\u00e9e aux blogs ?<\/strong><\/p>\n<p>Non, pas vraiment.<\/p>\n<p><strong>Es-tu sensible aux commentaires ?<\/strong><\/p>\n<p>Oui je suis sensible aux critiques (bonnes ou mauvaises), \u00e7a aide \u00e0 avancer. J&#8217;aime bien aussi les petits messages comme \u00e7a juste pour parler&#8230; <\/p>\n<p><strong>Qu\u2019est-ce qui te plait le plus dans les blogs et dans le fait de blogger ?<\/strong><\/p>\n<p>L&#8217;aspect communautaire.<\/p>\n<p><strong>Qu\u2019aimes-tu le moins dans les blogs ?<\/strong><\/p>\n<p>Les cr\u00e9tins qui se permettent de laisser des insultes ou choses du m\u00eame genre. On est des gens normaux derri\u00e8re nos petits dessins, faut pas l&#8217;oublier.<\/p>\n<p><strong>Penses-tu que l\u2019on va aller vers un d\u00e9veloppement de la BD sur le Web ?<\/strong><\/p>\n<p>Personnellement \u00e7a me botterait, mais je ne saurais me prononcer l\u00e0 dessus.<\/p>\n<p><strong>Imagines-tu que les lecteurs puissent un jour payer pour lire de la BD online ?<a onclick=\"window.open(this.href, '_blank', 'width=384,height=399,scrollbars=no,resizable=no,toolbar=no,directories=no,location=no,menubar=no,status=no,left=0,top=0'); return false\" href=\"http:\/\/yannicklejeune.blogs.com\/.shared\/image.html?\/photos\/uncategorized\/2007\/09\/15\/adfestiblog4.jpg\"><img loading=\"lazy\" decoding=\"async\" title=\"Adfestiblog4\" height=\"259\" alt=\"Adfestiblog4\" src=\"https:\/\/www.wedobd.com\/wp-content\/uploads\/2007\/09\/adfestiblog4.jpg\" width=\"250\" border=\"0\" style=\"FLOAT: right; MARGIN: 0px 0px 5px 5px\" \/><\/a> <\/strong><\/p>\n<p>Ca se fait d\u00e9j\u00e0 si je ne me trompe ? <\/p>\n<p><strong>Et en dehors des blogs, o\u00f9 peut-on voir ton travail ?<\/strong><\/p>\n<p>Y a pas vraiment d&#8217;autre endroit&#8230; J&#8217;ai dessin\u00e9 un peu avec d&#8217;autres blogueurs pour le RAV qui sera en vente au Festiblog.<\/p>\n<p><strong>Peux-tu pr\u00e9senter tes albums ?<\/strong><\/p>\n<p>Je n\u2019en ai pas.<\/p>\n<p><strong>Qu\u2019attends-tu du festival ?<\/strong><\/p>\n<p>Une ambiance sympa, des rencontres avec les auteurs et les lecteurs.<\/p>\n<p><strong>Un dernier message pour tes fans ?<\/strong><\/p>\n<p>J&#8217;ai des fans? Ouaouw !<\/p>\n","protected":false},"excerpt":{"rendered":"<p>On continue la pr\u00e9sentation des invit\u00e9s de cette ann\u00e9e en accueillant Ad, un des membres de la joyeuse bande de BD du web. Comment as-tu commenc\u00e9 \u00e0 dessiner ? J&#8217;\u00e9tais en CM2, je m&#8217;en souviens plut\u00f4t bien encore. Je dessinais vraiment tr\u00e8s tr\u00e8s mal, enfin du moins je ne supportais pas moi m\u00eame ce que [&hellip;]<\/p>\n","protected":false},"author":6,"featured_media":0,"comment_status":"open","ping_status":"open","sticky":false,"template":"","format":"standard","meta":{"footnotes":""},"categories":[26],"tags":[],"class_list":["post-5157","post","type-post","status-publish","format-standard","hentry","category-02-le-festival-de-2005-a-2013"],"_links":{"self":[{"href":"https:\/\/www.wedobd.com\/index.php?rest_route=\/wp\/v2\/posts\/5157","targetHints":{"allow":["GET"]}}],"collection":[{"href":"https:\/\/www.wedobd.com\/index.php?rest_route=\/wp\/v2\/posts"}],"about":[{"href":"https:\/\/www.wedobd.com\/index.php?rest_route=\/wp\/v2\/types\/post"}],"author":[{"embeddable":true,"href":"https:\/\/www.wedobd.com\/index.php?rest_route=\/wp\/v2\/users\/6"}],"replies":[{"embeddable":true,"href":"https:\/\/www.wedobd.com\/index.php?rest_route=%2Fwp%2Fv2%2Fcomments&post=5157"}],"version-history":[{"count":1,"href":"https:\/\/www.wedobd.com\/index.php?rest_route=\/wp\/v2\/posts\/5157\/revisions"}],"predecessor-version":[{"id":6314,"href":"https:\/\/www.wedobd.com\/index.php?rest_route=\/wp\/v2\/posts\/5157\/revisions\/6314"}],"wp:attachment":[{"href":"https:\/\/www.wedobd.com\/index.php?rest_route=%2Fwp%2Fv2%2Fmedia&parent=5157"}],"wp:term":[{"taxonomy":"category","embeddable":true,"href":"https:\/\/www.wedobd.com\/index.php?rest_route=%2Fwp%2Fv2%2Fcategories&post=5157"},{"taxonomy":"post_tag","embeddable":true,"href":"https:\/\/www.wedobd.com\/index.php?rest_route=%2Fwp%2Fv2%2Ftags&post=5157"}],"curies":[{"name":"wp","href":"https:\/\/api.w.org\/{rel}","templated":true}]}}