{"id":5170,"date":"2007-09-03T00:28:00","date_gmt":"2007-09-02T22:28:00","guid":{"rendered":"https:\/\/www.wedobd.com\/?p=5170"},"modified":"2025-09-29T15:59:05","modified_gmt":"2025-09-29T13:59:05","slug":"en-attendant-le","status":"publish","type":"post","link":"https:\/\/www.wedobd.com\/?p=5170","title":{"rendered":"En attendant le Festiblog&#8230;"},"content":{"rendered":"<p><a onclick=\"window.open(this.href, '_blank', 'width=400,height=612,scrollbars=no,resizable=no,toolbar=no,directories=no,location=no,menubar=no,status=no,left=0,top=0'); return false\" href=\"http:\/\/yannicklejeune.blogs.com\/.shared\/image.html?\/photos\/uncategorized\/2007\/09\/03\/bicshow.jpg\"><img loading=\"lazy\" decoding=\"async\" title=\"Bicshow\" height=\"382\" alt=\"Bicshow\" src=\"https:\/\/www.wedobd.com\/wp-content\/uploads\/2007\/09\/bicshow.jpg\" width=\"250\" border=\"0\" style=\"FLOAT: left; MARGIN: 0px 5px 5px 0px\" \/><\/a> En attendant le Festiblog, Wandrille sera au vernissage de l&#8217;expo, the Bic Show, expo collective centr\u00e9 autours du Bic, \u00e0 laquelle il a gentiment pr\u00eat\u00e9 le concours de sa cr\u00e9ativit\u00e9&#8230; <\/p>\n<p>Et \u00e7a se trouve \u00e0 la galerie l&#8217;art de rien, 48 rue d&#8217;Orcel \u00e0 Paris 18\u00b0, \u00e0 partir de 18 h (carton ci-dessous) Venez il a promis de picoler un brin. <\/p>\n<p>Plus d&#8217;infos : <a href=\"http:\/\/www.art-de-rien.com\">www.art-de-rien.com<\/a> <\/p>\n<p>du 4 au 30 septembre 2007 <\/p>\n<p>Vernissage le 6 septembre au soir \u00e0 partir de 18h <\/p>\n","protected":false},"excerpt":{"rendered":"<p>En attendant le Festiblog, Wandrille sera au vernissage de l&#8217;expo, the Bic Show, expo collective centr\u00e9 autours du Bic, \u00e0 laquelle il a gentiment pr\u00eat\u00e9 le concours de sa cr\u00e9ativit\u00e9&#8230; Et \u00e7a se trouve \u00e0 la galerie l&#8217;art de rien, 48 rue d&#8217;Orcel \u00e0 Paris 18\u00b0, \u00e0 partir de 18 h (carton ci-dessous) Venez il [&hellip;]<\/p>\n","protected":false},"author":4,"featured_media":0,"comment_status":"open","ping_status":"open","sticky":false,"template":"","format":"standard","meta":{"footnotes":""},"categories":[2],"tags":[589,192,254,145],"class_list":["post-5170","post","type-post","status-publish","format-standard","hentry","category-04-actualite-blogs-et-bd","tag-bande-dessinee","tag-bd","tag-festiblog","tag-wandrille"],"_links":{"self":[{"href":"https:\/\/www.wedobd.com\/index.php?rest_route=\/wp\/v2\/posts\/5170","targetHints":{"allow":["GET"]}}],"collection":[{"href":"https:\/\/www.wedobd.com\/index.php?rest_route=\/wp\/v2\/posts"}],"about":[{"href":"https:\/\/www.wedobd.com\/index.php?rest_route=\/wp\/v2\/types\/post"}],"author":[{"embeddable":true,"href":"https:\/\/www.wedobd.com\/index.php?rest_route=\/wp\/v2\/users\/4"}],"replies":[{"embeddable":true,"href":"https:\/\/www.wedobd.com\/index.php?rest_route=%2Fwp%2Fv2%2Fcomments&post=5170"}],"version-history":[{"count":1,"href":"https:\/\/www.wedobd.com\/index.php?rest_route=\/wp\/v2\/posts\/5170\/revisions"}],"predecessor-version":[{"id":6343,"href":"https:\/\/www.wedobd.com\/index.php?rest_route=\/wp\/v2\/posts\/5170\/revisions\/6343"}],"wp:attachment":[{"href":"https:\/\/www.wedobd.com\/index.php?rest_route=%2Fwp%2Fv2%2Fmedia&parent=5170"}],"wp:term":[{"taxonomy":"category","embeddable":true,"href":"https:\/\/www.wedobd.com\/index.php?rest_route=%2Fwp%2Fv2%2Fcategories&post=5170"},{"taxonomy":"post_tag","embeddable":true,"href":"https:\/\/www.wedobd.com\/index.php?rest_route=%2Fwp%2Fv2%2Ftags&post=5170"}],"curies":[{"name":"wp","href":"https:\/\/api.w.org\/{rel}","templated":true}]}}