{"id":5181,"date":"2007-08-20T22:58:00","date_gmt":"2007-08-20T20:58:00","guid":{"rendered":"https:\/\/www.wedobd.com\/?p=5181"},"modified":"2025-09-29T15:59:24","modified_gmt":"2025-09-29T13:59:24","slug":"double-p-invi-1","status":"publish","type":"post","link":"https:\/\/www.wedobd.com\/?p=5181","title":{"rendered":"Double P. invit\u00e9 du Festiblog 2007 #2"},"content":{"rendered":"<p><a href=\"http:\/\/placeman.canalblog.com\/\"><strong>Pascal Placeman<\/strong><\/a><strong> faisait partie des 10 finalistes de la cat\u00e9gorie BD du <\/strong><a href=\"http:\/\/www.festivalderomans.com\/\"><strong>Festival de Romans<\/strong><\/a><strong>. Vous le retrouverez tout droit venu de Belgique pendant le festival.<\/strong><\/p>\n<p><strong><a onclick=\"window.open(this.href, '_blank', 'width=600,height=638,scrollbars=no,resizable=no,toolbar=no,directories=no,location=no,menubar=no,status=no,left=0,top=0'); return false\" href=\"http:\/\/yannicklejeune.blogs.com\/.shared\/image.html?\/photos\/uncategorized\/2007\/08\/20\/doublepfestiblog.jpg\"><img loading=\"lazy\" decoding=\"async\" title=\"Doublepfestiblog\" height=\"265\" alt=\"Doublepfestiblog\" src=\"https:\/\/www.wedobd.com\/wp-content\/uploads\/2007\/08\/doublepfestiblog.jpg\" width=\"250\" border=\"0\" style=\"FLOAT: right; MARGIN: 0px 0px 5px 5px\" \/><\/a>Comment as-tu commenc\u00e9 a dessiner ?<\/strong> <\/p>\n<p>Enfant, mon premier crayon f\u00fbt un gros marqueur ind\u00e9l\u00e9bile et ma premi\u00e8re page, le mur fra\u00eechement repeint de la chambre de mes parents. <\/p>\n<p><strong>As-tu suivi une formation ?<\/strong><\/p>\n<p>Oui,6 ann\u00e9es d&#8217;\u00e9tudes secondaires en d\u00e9coration publicit\u00e9, 3 ann\u00e9es d&#8217;\u00e9tudes sup\u00e9rieures en BD, apr\u00e8s quoi j&#8217;ai eu une &quot;parenth\u00e8se artistique \u00bb de plus de 5 ans, ce qui explique la diff\u00e9rence entre mes premiers dessins du blog et les plus re\u00e7ents.<\/p>\n<p><strong>Peux-tu pr\u00e9senter ton blog ? Comment en es-tu venu a blogger ? <\/strong><\/p>\n<p>La vie d\u2019un trentenaire, mari\u00e9, 2 enfants vue avec humour en bande dessin\u00e9e.<\/p>\n<p>Un autre Bloggueur m&#8217;a pr\u00e9sent\u00e9 le Blog de Boulet. <br \/>J&#8217;avais d\u00e9j\u00e0 commenc\u00e9 \u00e0 mettre des dessins de notre petite vie sur mon site perso avant de d\u00e9couvrir les blogs.<br \/>J&#8217;ai d&#8217;abord&nbsp; \u00e9t\u00e9 int\u00e9ress\u00e9 de mettre \u00e0 jour&nbsp; r\u00e9guli\u00e8rement et d&#8217;avoir un retour imm\u00e9diat de la part des lecteurs.<\/p>\n<p><strong>Quel est ton objectif premier quand tu bloggues ? <\/strong><\/p>\n<p>Dessiner.<br \/>Je dessine pour mon bien-\u00eatre et je publie pour le plaisir de lire les commentaires des lecteurs.<\/p>\n<p><strong><a onclick=\"window.open(this.href, '_blank', 'width=600,height=824,scrollbars=no,resizable=no,toolbar=no,directories=no,location=no,menubar=no,status=no,left=0,top=0'); return false\" href=\"http:\/\/yannicklejeune.blogs.com\/.shared\/image.html?\/photos\/uncategorized\/2007\/08\/20\/doublep1.jpg\"><img loading=\"lazy\" decoding=\"async\" title=\"Doublep1\" height=\"343\" alt=\"Doublep1\" src=\"https:\/\/www.wedobd.com\/wp-content\/uploads\/2007\/08\/doublep1.jpg\" width=\"250\" border=\"0\" style=\"FLOAT: left; MARGIN: 0px 5px 5px 0px\" \/><\/a> Quels sont tes lecteurs aujourd hui ? <\/strong><\/p>\n<p>J&#8217;ai un peu de tout, des lecteurs qui cherchent des blog bd,&nbsp; d&#8217;autres qui n&#8217;aiment pas sp\u00e9cialement la BD mais qui se reconnaissent dans les histoires. Tous les \u00e2ges s&#8217;y retrouvent, les tr\u00e8s jeunes et adolescents y voient la vie de leurs parents, les parents qui vivent des situations identiques avec leurs enfants et m\u00eame des grand-parents.<\/p>\n<p><strong>Combien de temps passes-tu sur tes notes (par jour\/par semaine) ?<\/strong><\/p>\n<p>Dessins, couleurs et postes : plusieurs heures par jour mais je ne fais pas de note tous les jours. Par contre je lis mes commentaires tous les jours.<\/p>\n<p><strong>Est-ce du mat\u00e9riel fait expr\u00e8s pour le blog ou un carnet de croquis scann\u00e9 ou des trucs repris ailleurs ?<\/strong><\/p>\n<p>Au d\u00e9part je laissais des p&#8217;tits messages dessin\u00e9s \u00e0 ma femme le matin avant d&#8217;aller bosser.<br \/>Des p&#8217;tites anecdotes sur notre vie.<br \/>A force d&#8217;entendre la famille me dire &quot;il faut que tu en fasses un recueil&quot; j&#8217;ai fini par me dire que j&#8217;en ferai quelque-chose.<\/p>\n<p>Les histoires qui sont dans le blog sont moins \u00ab private joke \u00bb, j&#8217;essaie que le plus grand nombre de personnes puissent s&#8217;y reconna\u00eetre. <\/p>\n<p><strong>Comment les r\u00e9alises-tu ?<\/strong><\/p>\n<p>Je croque sur des carnets de croquis (au crayon et feutre), je&nbsp; scanne et mets en couleur dans totoshop avec la tablette graphique, j&#8217;ai mis un tuto sur mon blog il y a quelques temps sur ma fa\u00e7on de faire. <\/p>\n<p><strong>Combien de temps passes-tu \u00e0 lire les blogs des autres ?<\/strong><\/p>\n<p>Je n&#8217;ai pas comptabilis\u00e9, je dirais trop par rapport au temps que je devrais raisonnablement y accorder et pas assez \u00e0 mon go\u00fbt.&nbsp; <\/p>\n<p><strong><a onclick=\"window.open(this.href, '_blank', 'width=600,height=2289,scrollbars=no,resizable=no,toolbar=no,directories=no,location=no,menubar=no,status=no,left=0,top=0'); return false\" href=\"http:\/\/yannicklejeune.blogs.com\/.shared\/image.html?\/photos\/uncategorized\/2007\/08\/22\/doublep2.jpg\"><img loading=\"lazy\" decoding=\"async\" title=\"Doublep2\" height=\"953\" alt=\"Doublep2\" src=\"https:\/\/www.wedobd.com\/wp-content\/uploads\/2007\/08\/doublep2.jpg\" width=\"250\" border=\"0\" style=\"FLOAT: left; MARGIN: 0px 5px 5px 0px\" \/><\/a> Quels sont ceux dont tu es le plus fan ? (ecrire les liens) <\/strong><\/p>\n<p>Les blogs sur lesquels je passe le plus souvent par ordre alphab\u00e9tique : <a href=\"http:\/\/www.bouletcorp.com\/blog\/\">Boulet<\/a>, <a href=\"http:\/\/www.evarollin.com\/\">Eva<\/a>,&nbsp; <a href=\"http:\/\/www.20six.fr\/fortu\">Fortu<\/a>, <a href=\"http:\/\/goubliboulga.canalblog.com\/\">Goubliboulga (ma femme)<\/a>, <a href=\"http:\/\/jeunefillebien.canalblog.com\/\">Goretta<\/a>, <a href=\"http:\/\/touslesjourslagrandechose.blogspirit.com\/\">La grande chose<\/a>, <a href=\"http:\/\/20six.fr\/lenono\">Lenono<\/a>, <a href=\"http:\/\/www.melakarnets.com\/\">Melaka<\/a>, <a href=\"http:\/\/lestoujoursouvrables.over-blog.com\/\">Soph&#8217;<\/a>, <a href=\"http:\/\/blog.ucciani-dessins.com\/\">Ucciani<\/a> et j&#8217;en passe. <\/p>\n<p><strong>As-tu rencontr\u00e9 des gens gr\u00e2ce aux blogs ?<\/strong><\/p>\n<p>Oui c&#8217;est g\u00e9nial comme on peut vite lier des contacts.<\/p>\n<p><strong>As-tu une anecdote particuli\u00e8re li\u00e9e aux blogs ?<\/strong><\/p>\n<p>Non<\/p>\n<p><strong>Es-tu sensible aux commentaires ?<\/strong><\/p>\n<p>Comme on dit en Belgique \u00ab non peut-\u00eatre?\u00bb, donc oui j&#8217;adore les commentaires mais je ne r\u00e9ponds pas souvent \u00ab paaas bien \u00bb<\/p>\n<p><strong>Qu est ce qui te pla\u00eet dans les blogs et dans le fait de blogguer ? <\/strong><\/p>\n<p>C&#8217;est vivant, \u00e7a bouge tout le temps, on d\u00e9couvre constamment de nouvelles id\u00e9es, de nouveaux Bloggueurs <br \/>Je suis un accro des stat&#8217;s et des com&#8217;s<\/p>\n<p><strong>Qu&#8217;aimes-tu le moins dans les blogs ?<\/strong><\/p>\n<p>Pas grand chose, les trolls je les ignore, peut-\u00eatre que les donneurs de le\u00e7on m&#8217;\u00e9nervent un peu.<\/p>\n<p><strong>Penses-tu qu&#8217;on va aller vers un d\u00e9veloppement de la BD sur le web ? <\/strong><\/p>\n<p>J&#8217;ai des doutes qu&#8217;on puisse un jour en vivre ce sera plut\u00f4t une interaction entre les deux m\u00e9dias. <\/p>\n<p><strong>Imagines-tu que les lecteurs puissent un jour payer pour lire de la BD online ? <\/strong><\/p>\n<p>Non, ce n&#8217;est pas la solution, \u00e7a ne marche pas pour la musique, \u00e7a ne marchera pas plus pour la BD, mais il y a peut-\u00eatre d&#8217;autres options auxquelles on a pas encore pens\u00e9, la pub peut-\u00eatre.<\/p>\n<p><strong>Et en dehors des blogs o\u00f9 peut-on voir ton travail ?<\/strong><\/p>\n<p>Sur mon site perso placeman.be, on peut voir les boulots de prod que je fais et sur les Tapalaki.com mes animations.<\/p>\n<p><strong>Peux-tu presenter tes albums ? <\/strong><\/p>\n<p>Je n&#8217;en ai pas encore, j&#8217;ai sign\u00e9 avec une maison d&#8217;\u00e9dition mais la publication du livre ( toutes les planche sont faites et envoy\u00e9es) reste incertaine. En effet cette maison d&#8217;\u00e9dition a mis\u00e9 sur le ph\u00e9nom\u00e8ne de mode des blog BD et a voulu cr\u00e9er une nouvelle collection blog. Mais en plus d&#8217;avoir vir\u00e9 certain dessinateurs avec qui elle avait sign\u00e9 d&#8217;autres sont partis d&#8217;eux-m\u00eame et ont publi\u00e9 ailleurs. Du coup la collection tombe \u00e0 l&#8217;eau. Ce n&#8217;est pas aujourd&#8217;hui que la BD me fera une place au Soleil.<\/p>\n<p><strong>Qu(attends tu du festival ? <\/strong><\/p>\n<p>Des&nbsp; rencontre, des retrouvailles et la f\u00eate.<\/p>\n<p><strong>Un dernier message pour tes fans ? <\/strong><\/p>\n<p>J&#8217;ai pas envie d&#8217;un dernier message mais d&#8217;un premier contact. *;^)*<\/p>\n","protected":false},"excerpt":{"rendered":"<p>Pascal Placeman faisait partie des 10 finalistes de la cat\u00e9gorie BD du Festival de Romans. Vous le retrouverez tout droit venu de Belgique pendant le festival. Comment as-tu commenc\u00e9 a dessiner ? Enfant, mon premier crayon f\u00fbt un gros marqueur ind\u00e9l\u00e9bile et ma premi\u00e8re page, le mur fra\u00eechement repeint de la chambre de mes parents. [&hellip;]<\/p>\n","protected":false},"author":4,"featured_media":0,"comment_status":"open","ping_status":"open","sticky":false,"template":"","format":"standard","meta":{"footnotes":""},"categories":[26],"tags":[677,678,424,254,457,599],"class_list":["post-5181","post","type-post","status-publish","format-standard","hentry","category-02-le-festival-de-2005-a-2013","tag-677","tag-bd-comics","tag-double-p","tag-festiblog","tag-festival-des-blogs-bd","tag-pascal-placeman"],"_links":{"self":[{"href":"https:\/\/www.wedobd.com\/index.php?rest_route=\/wp\/v2\/posts\/5181","targetHints":{"allow":["GET"]}}],"collection":[{"href":"https:\/\/www.wedobd.com\/index.php?rest_route=\/wp\/v2\/posts"}],"about":[{"href":"https:\/\/www.wedobd.com\/index.php?rest_route=\/wp\/v2\/types\/post"}],"author":[{"embeddable":true,"href":"https:\/\/www.wedobd.com\/index.php?rest_route=\/wp\/v2\/users\/4"}],"replies":[{"embeddable":true,"href":"https:\/\/www.wedobd.com\/index.php?rest_route=%2Fwp%2Fv2%2Fcomments&post=5181"}],"version-history":[{"count":1,"href":"https:\/\/www.wedobd.com\/index.php?rest_route=\/wp\/v2\/posts\/5181\/revisions"}],"predecessor-version":[{"id":6365,"href":"https:\/\/www.wedobd.com\/index.php?rest_route=\/wp\/v2\/posts\/5181\/revisions\/6365"}],"wp:attachment":[{"href":"https:\/\/www.wedobd.com\/index.php?rest_route=%2Fwp%2Fv2%2Fmedia&parent=5181"}],"wp:term":[{"taxonomy":"category","embeddable":true,"href":"https:\/\/www.wedobd.com\/index.php?rest_route=%2Fwp%2Fv2%2Fcategories&post=5181"},{"taxonomy":"post_tag","embeddable":true,"href":"https:\/\/www.wedobd.com\/index.php?rest_route=%2Fwp%2Fv2%2Ftags&post=5181"}],"curies":[{"name":"wp","href":"https:\/\/api.w.org\/{rel}","templated":true}]}}