{"id":5182,"date":"2007-08-20T10:56:08","date_gmt":"2007-08-20T08:56:08","guid":{"rendered":"https:\/\/www.wedobd.com\/?p=5182"},"modified":"2025-09-29T15:59:25","modified_gmt":"2025-09-29T13:59:25","slug":"obion-invit-200","status":"publish","type":"post","link":"https:\/\/www.wedobd.com\/?p=5182","title":{"rendered":"Obion, invit\u00e9 du Festiblog #01"},"content":{"rendered":"<p>On ne sait pas trop si <a href=\"http:\/\/grmb.free.fr\/\">Obion<\/a> sera parmi nous parce qu&#8217;il a \u00e9t\u00e9 l&#8217;une des vedettes de l&#8217;\u00e9dition pr\u00e9c\u00e9dente, parce qu&#8217;il va sortir <a href=\"http:\/\/www.dangerpublic.net\/miniblog\/\">un miniblog papier<\/a>, qu&#8217;il fait <a href=\"http:\/\/love-blog.fr\/\">des choses pas tres catholiques<\/a> avec la marraine ou si tout simplement parce qu&#8217;il est bourr\u00e9 de talent. Dans tous les cas, c&#8217;est lui qui inaugure la longue liste des invit\u00e9s de cette ann\u00e9e !<\/p>\n<p>Comme <a href=\"http:\/\/www.festival-blogs-bd.com\/2005\/08\/obion.html\">on l&#8217;avait d\u00e9j\u00e0 interview\u00e9<\/a> et que <a href=\"http:\/\/www.festival-blogs-bd.com\/2006\/09\/invit_numro_45_.html\">l&#8217;ann\u00e9e derni\u00e8re<\/a>, pour des raisons de connexion, il n&#8217;avait pas pu nous honorer d&#8217;un dessin, celui-ci nous livre une pr\u00e9sentation de son blog tout en couleur&#8230; A lire par ceux qui ne le connaissent pas encore ou qui en sont fans&#8230;<\/p>\n<p><a href=\"http:\/\/yannicklejeune.blogs.com\/photos\/uncategorized\/2007\/08\/20\/monblogamoi.jpg\"><\/a><\/p>\n<p><a onclick=\"window.open(this.href, '_blank', 'width=590,height=1912,scrollbars=no,resizable=no,toolbar=no,directories=no,location=no,menubar=no,status=no,left=0,top=0'); return false\" href=\"http:\/\/yannicklejeune.blogs.com\/.shared\/image.html?\/photos\/uncategorized\/2007\/08\/20\/monblogamoi_2.jpg\"><img loading=\"lazy\" decoding=\"async\" title=\"Monblogamoi_2\" height=\"1458\" alt=\"Monblogamoi_2\" src=\"https:\/\/www.wedobd.com\/wp-content\/uploads\/2007\/08\/monblogamoi_2.jpg\" width=\"450\" border=\"0\" \/><\/a> <\/p>\n","protected":false},"excerpt":{"rendered":"<p>On ne sait pas trop si Obion sera parmi nous parce qu&#8217;il a \u00e9t\u00e9 l&#8217;une des vedettes de l&#8217;\u00e9dition pr\u00e9c\u00e9dente, parce qu&#8217;il va sortir un miniblog papier, qu&#8217;il fait des choses pas tres catholiques avec la marraine ou si tout simplement parce qu&#8217;il est bourr\u00e9 de talent. Dans tous les cas, c&#8217;est lui qui inaugure [&hellip;]<\/p>\n","protected":false},"author":4,"featured_media":0,"comment_status":"open","ping_status":"open","sticky":false,"template":"","format":"standard","meta":{"footnotes":""},"categories":[26],"tags":[589,192,456,83,639],"class_list":["post-5182","post","type-post","status-publish","format-standard","hentry","category-02-le-festival-de-2005-a-2013","tag-bande-dessinee","tag-bd","tag-blog","tag-obion","tag-webcomics"],"_links":{"self":[{"href":"https:\/\/www.wedobd.com\/index.php?rest_route=\/wp\/v2\/posts\/5182","targetHints":{"allow":["GET"]}}],"collection":[{"href":"https:\/\/www.wedobd.com\/index.php?rest_route=\/wp\/v2\/posts"}],"about":[{"href":"https:\/\/www.wedobd.com\/index.php?rest_route=\/wp\/v2\/types\/post"}],"author":[{"embeddable":true,"href":"https:\/\/www.wedobd.com\/index.php?rest_route=\/wp\/v2\/users\/4"}],"replies":[{"embeddable":true,"href":"https:\/\/www.wedobd.com\/index.php?rest_route=%2Fwp%2Fv2%2Fcomments&post=5182"}],"version-history":[{"count":1,"href":"https:\/\/www.wedobd.com\/index.php?rest_route=\/wp\/v2\/posts\/5182\/revisions"}],"predecessor-version":[{"id":6367,"href":"https:\/\/www.wedobd.com\/index.php?rest_route=\/wp\/v2\/posts\/5182\/revisions\/6367"}],"wp:attachment":[{"href":"https:\/\/www.wedobd.com\/index.php?rest_route=%2Fwp%2Fv2%2Fmedia&parent=5182"}],"wp:term":[{"taxonomy":"category","embeddable":true,"href":"https:\/\/www.wedobd.com\/index.php?rest_route=%2Fwp%2Fv2%2Fcategories&post=5182"},{"taxonomy":"post_tag","embeddable":true,"href":"https:\/\/www.wedobd.com\/index.php?rest_route=%2Fwp%2Fv2%2Ftags&post=5182"}],"curies":[{"name":"wp","href":"https:\/\/api.w.org\/{rel}","templated":true}]}}