{"id":5183,"date":"2007-07-16T04:51:57","date_gmt":"2007-07-16T02:51:57","guid":{"rendered":"https:\/\/www.wedobd.com\/?p=5183"},"modified":"2007-07-16T04:51:57","modified_gmt":"2007-07-16T02:51:57","slug":"nouvel-habillag","status":"publish","type":"post","link":"https:\/\/www.wedobd.com\/?p=5183","title":{"rendered":"Nouvel habillage&#8230;"},"content":{"rendered":"<p>&#8230;en pr\u00e9paration pendant qu&#8217;on continue \u00e0 faire parvenir des invitations. Tout \u00e7a prend beaucoup de temps, \u00e7a nous emp\u00eache de mettre \u00e0 jour le blog aussi souvent qu&#8217;on le souhaiterait mais on a plein de trucs \u00e0 dire !<\/p>\n<div align=\"center\"><a href=\"http:\/\/blaugh.com\/2007\/07\/09\/think-before-you-blog\" rel=\"bookmark\"><img loading=\"lazy\" decoding=\"async\" class=\"comic\" title=\"Think Before You Blog\" height=\"250\" alt=\"Think Before You Blog\" src=\"http:\/\/blaugh.com\/cartoons\/070709_thought_provoker.gif\" width=\"447\" \/><\/a><\/div>\n<p>On peut \u00e9galement vous annoncer que cette ann\u00e9e, le festival vous proposera plusieurs animations en plus des d\u00e9dicaces&#8230;<\/p>\n<p>Pour ceux qui s&#8217;impatientent de la reprise du cadavre exquis, \u00e7a ne devrait plus tarder !<\/p>\n","protected":false},"excerpt":{"rendered":"<p>&#8230;en pr\u00e9paration pendant qu&#8217;on continue \u00e0 faire parvenir des invitations. Tout \u00e7a prend beaucoup de temps, \u00e7a nous emp\u00eache de mettre \u00e0 jour le blog aussi souvent qu&#8217;on le souhaiterait mais on a plein de trucs \u00e0 dire ! On peut \u00e9galement vous annoncer que cette ann\u00e9e, le festival vous proposera plusieurs animations en plus [&hellip;]<\/p>\n","protected":false},"author":4,"featured_media":0,"comment_status":"open","ping_status":"open","sticky":false,"template":"","format":"standard","meta":{"footnotes":""},"categories":[26],"tags":[589,192,254,457],"class_list":["post-5183","post","type-post","status-publish","format-standard","hentry","category-02-le-festival-de-2005-a-2013","tag-bande-dessinee","tag-bd","tag-festiblog","tag-festival-des-blogs-bd"],"_links":{"self":[{"href":"https:\/\/www.wedobd.com\/index.php?rest_route=\/wp\/v2\/posts\/5183","targetHints":{"allow":["GET"]}}],"collection":[{"href":"https:\/\/www.wedobd.com\/index.php?rest_route=\/wp\/v2\/posts"}],"about":[{"href":"https:\/\/www.wedobd.com\/index.php?rest_route=\/wp\/v2\/types\/post"}],"author":[{"embeddable":true,"href":"https:\/\/www.wedobd.com\/index.php?rest_route=\/wp\/v2\/users\/4"}],"replies":[{"embeddable":true,"href":"https:\/\/www.wedobd.com\/index.php?rest_route=%2Fwp%2Fv2%2Fcomments&post=5183"}],"version-history":[{"count":0,"href":"https:\/\/www.wedobd.com\/index.php?rest_route=\/wp\/v2\/posts\/5183\/revisions"}],"wp:attachment":[{"href":"https:\/\/www.wedobd.com\/index.php?rest_route=%2Fwp%2Fv2%2Fmedia&parent=5183"}],"wp:term":[{"taxonomy":"category","embeddable":true,"href":"https:\/\/www.wedobd.com\/index.php?rest_route=%2Fwp%2Fv2%2Fcategories&post=5183"},{"taxonomy":"post_tag","embeddable":true,"href":"https:\/\/www.wedobd.com\/index.php?rest_route=%2Fwp%2Fv2%2Ftags&post=5183"}],"curies":[{"name":"wp","href":"https:\/\/api.w.org\/{rel}","templated":true}]}}