{"id":5260,"date":"2006-09-28T02:29:00","date_gmt":"2006-09-28T00:29:00","guid":{"rendered":"https:\/\/www.wedobd.com\/?p=5260"},"modified":"2025-09-29T16:00:52","modified_gmt":"2025-09-29T14:00:52","slug":"un_petit_before","status":"publish","type":"post","link":"https:\/\/www.wedobd.com\/?p=5260","title":{"rendered":"Un petit &#8220;before&#8221; du festival ?"},"content":{"rendered":"<p><a onclick=\"window.open(this.href, '_blank', 'width=220,height=395,scrollbars=no,resizable=no,toolbar=no,directories=no,location=no,menubar=no,status=no,left=0,top=0'); return false\" href=\"http:\/\/yannicklejeune.blogs.com\/.shared\/image.html?\/photos\/uncategorized\/dedicaceuse.jpg\"><img decoding=\"async\" title=\"Dedicaceuse\" alt=\"Dedicaceuse\" src=\"https:\/\/www.wedobd.com\/wp-content\/uploads\/2006\/09\/dedicaceuse.jpg\" width=\"135\" border=\"0\" style=\"FLOAT: left; MARGIN: 0px 5px 5px 0px\" \/><\/a> Pour ceux qui ne pourraient pas venir ce week-end ou qui ont peur de la foule, Laurel est en d\u00e9dicace pour Carmilla demain \u00e0 la librairie <a href=\"http:\/\/www.univers-bd.fr\/\">Univers BD<\/a> (M\u00b0 Strasbourg-St Denis) de 15h \u00e0 19h.<\/p>\n<p>Par la suite, je vous invite \u00e0 vous rendre \u00e0 la <a href=\"http:\/\/blog.party2.free.fr\/\">Blog Party 2\u00e8me \u00e9dition<\/a> organis\u00e9e par l&#8217;excellent GiantPanda !<\/p>\n<p><strong>Le lieu :<\/strong> Le Truskel. 12, rue Feydeau 75002 Paris \u00e0 partir de 20h00.<\/p>\n<p>Dans tous les cas, reposez-vous un peu, le lendemain, on d\u00e9marre \u00e0 11h00 avec toute la bande des miniblogs !!!<\/p>\n","protected":false},"excerpt":{"rendered":"<p>Pour ceux qui ne pourraient pas venir ce week-end ou qui ont peur de la foule, Laurel est en d\u00e9dicace pour Carmilla demain \u00e0 la librairie Univers BD (M\u00b0 Strasbourg-St Denis) de 15h \u00e0 19h. Par la suite, je vous invite \u00e0 vous rendre \u00e0 la Blog Party 2\u00e8me \u00e9dition organis\u00e9e par l&#8217;excellent GiantPanda ! [&hellip;]<\/p>\n","protected":false},"author":4,"featured_media":0,"comment_status":"open","ping_status":"open","sticky":false,"template":"","format":"standard","meta":{"footnotes":""},"categories":[26],"tags":[],"class_list":["post-5260","post","type-post","status-publish","format-standard","hentry","category-02-le-festival-de-2005-a-2013"],"_links":{"self":[{"href":"https:\/\/www.wedobd.com\/index.php?rest_route=\/wp\/v2\/posts\/5260","targetHints":{"allow":["GET"]}}],"collection":[{"href":"https:\/\/www.wedobd.com\/index.php?rest_route=\/wp\/v2\/posts"}],"about":[{"href":"https:\/\/www.wedobd.com\/index.php?rest_route=\/wp\/v2\/types\/post"}],"author":[{"embeddable":true,"href":"https:\/\/www.wedobd.com\/index.php?rest_route=\/wp\/v2\/users\/4"}],"replies":[{"embeddable":true,"href":"https:\/\/www.wedobd.com\/index.php?rest_route=%2Fwp%2Fv2%2Fcomments&post=5260"}],"version-history":[{"count":1,"href":"https:\/\/www.wedobd.com\/index.php?rest_route=\/wp\/v2\/posts\/5260\/revisions"}],"predecessor-version":[{"id":6462,"href":"https:\/\/www.wedobd.com\/index.php?rest_route=\/wp\/v2\/posts\/5260\/revisions\/6462"}],"wp:attachment":[{"href":"https:\/\/www.wedobd.com\/index.php?rest_route=%2Fwp%2Fv2%2Fmedia&parent=5260"}],"wp:term":[{"taxonomy":"category","embeddable":true,"href":"https:\/\/www.wedobd.com\/index.php?rest_route=%2Fwp%2Fv2%2Fcategories&post=5260"},{"taxonomy":"post_tag","embeddable":true,"href":"https:\/\/www.wedobd.com\/index.php?rest_route=%2Fwp%2Fv2%2Ftags&post=5260"}],"curies":[{"name":"wp","href":"https:\/\/api.w.org\/{rel}","templated":true}]}}