{"id":5264,"date":"2006-09-27T03:16:21","date_gmt":"2006-09-27T01:16:21","guid":{"rendered":"https:\/\/www.wedobd.com\/?p=5264"},"modified":"2025-09-29T16:01:09","modified_gmt":"2025-09-29T14:01:09","slug":"invit_numro_46_","status":"publish","type":"post","link":"https:\/\/www.wedobd.com\/?p=5264","title":{"rendered":"Invit\u00e9 num\u00e9ro 46 : Aude Picault"},"content":{"rendered":"<p><strong>Aude Picault est <a href=\"http:\/\/chicouchicou.canalblog.com\/\">une Chicou<\/a> qu&#8217;on a plaisir \u00e0 accueillir cette ann\u00e9e !<\/strong><\/p>\n<p><strong><a onclick=\"window.open(this.href, '_blank', 'width=510,height=474,scrollbars=no,resizable=no,toolbar=no,directories=no,location=no,menubar=no,status=no,left=0,top=0'); return false\" href=\"http:\/\/yannicklejeune.blogs.com\/.shared\/image.html?\/photos\/uncategorized\/mayenne.jpg\"><img loading=\"lazy\" decoding=\"async\" title=\"Mayenne\" height=\"232\" alt=\"Mayenne\" src=\"https:\/\/www.wedobd.com\/wp-content\/uploads\/2006\/09\/mayenne.jpg\" width=\"250\" border=\"0\" style=\"FLOAT: right; MARGIN: 0px 0px 5px 5px\" \/><\/a> Comment as-tu commenc\u00e9 \u00e0 dessiner ?<\/strong><\/p>\n<p>Comme tous les enfants, sauf que je n\u2019ai jamais arr\u00eat\u00e9.<\/p>\n<p><strong>As-tu suivi une formation ?<\/strong><\/p>\n<p>Oui, je suis dipl\u00f4m\u00e9e des Arts D\u00e9co de Paris, en communication visuelle.<\/p>\n<p><strong>Peux-tu pr\u00e9senter ton blog ? Comment en es-tu venu \u00e0 blogger ?<\/strong><\/p>\n<p>C\u2019est un blog \u00e0 4 mains. Au d\u00e9part nous n\u2019\u00e9tions que deux, avec une copine, nous avions envie de nous inventer des personnages avec une vie diff\u00e9rente de la n\u00f4tre, pour pouvoir dire et raconter tout et n\u2019importe quoi, une sorte de parodie de blog en quelque sorte.<\/p>\n<p><!--more--><\/p>\n<p><strong><a onclick=\"window.open(this.href, '_blank', 'width=600,height=283,scrollbars=no,resizable=no,toolbar=no,directories=no,location=no,menubar=no,status=no,left=0,top=0'); return false\" href=\"http:\/\/yannicklejeune.blogs.com\/.shared\/image.html?\/photos\/uncategorized\/canicule_1.gif\"><img loading=\"lazy\" decoding=\"async\" title=\"Canicule_1\" height=\"117\" alt=\"Canicule_1\" src=\"https:\/\/www.wedobd.com\/wp-content\/uploads\/2006\/09\/canicule_1.gif\" width=\"250\" border=\"0\" style=\"FLOAT: left; MARGIN: 0px 5px 5px 0px\" \/><\/a>Quel est ton objectif premier quand tu bloggues ?<\/strong><\/p>\n<p>M\u2019amuser, et aussi me d\u00e9fouler en dessin, sans pression<\/p>\n<p><strong>Quels sont tes lecteurs aujourd&#8217;hui ?<\/strong><\/p>\n<p>Aucune id\u00e9e<\/p>\n<p><strong>Combien de temps passes-tu sur tes notes (par jour\/par semaine) ?<\/strong><\/p>\n<p>Je dirais une demi-heure par jour, en moyenne<\/p>\n<p><strong>Est-ce du mat\u00e9riel fait expr\u00e8s pour le blog, un carnet de croquis scann\u00e9 ou des trucs repris ailleurs ?<\/strong><\/p>\n<p>Je remplis consciencieusement le m\u00eame carnet avec mes chicouteries<\/p>\n<p><strong><a onclick=\"window.open(this.href, '_blank', 'width=425,height=745,scrollbars=no,resizable=no,toolbar=no,directories=no,location=no,menubar=no,status=no,left=0,top=0'); return false\" href=\"http:\/\/yannicklejeune.blogs.com\/.shared\/image.html?\/photos\/uncategorized\/kart2.jpg\"><img loading=\"lazy\" decoding=\"async\" title=\"Kart2\" height=\"438\" alt=\"Kart2\" src=\"https:\/\/www.wedobd.com\/wp-content\/uploads\/2006\/09\/kart2.jpg\" width=\"250\" border=\"0\" style=\"FLOAT: right; MARGIN: 0px 0px 5px 5px\" \/><\/a> Comment les r\u00e9alises-tu ?<\/strong><\/p>\n<p>\u00e0 la plume et l\u2019aquarelle<\/p>\n<p><strong>Combien de temps passes-tu \u00e0 lire les blogs des autres ?<\/strong><\/p>\n<p>Une demi-heure par jour, \u00e0 peu pr\u00e8s<\/p>\n<p><strong>Quels sont ceux dont tu es le plus fan ?<\/strong><\/p>\n<p>Mmh je ne suis pas vraiment fan de blog, je consulte les classiques, Boulet, Lisa Mandel, Moutonbenz\u00e8ne, Domitille, Lewis, Cha, Tanxx \u2026<\/p>\n<p><strong>As-tu rencontr\u00e9 des gens gr\u00e2ce aux blogs ?<\/strong><\/p>\n<p>Oui !<\/p>\n<p><strong>As-tu une anecdote particuli\u00e8re li\u00e9e aux blogs ?<\/strong><\/p>\n<p>Non<\/p>\n<p><strong>Es-tu sensible aux commentaires ?<\/strong><\/p>\n<p>Pas vraiment<\/p>\n<p><strong>Qu&#8217;est-ce qui te plait dans les blogs et dans le fait de blogguer ?<\/strong><\/p>\n<p>Internet est un medium fantastique, qui me fascine. Le blog est une exp\u00e9rience tr\u00e8s amusante, qui permet une grande spontan\u00e9it\u00e9, et un \u00e9change virtuel bien r\u00e9el. Le blog dans lequel je suis est sp\u00e9cial car \u00e0 4 personnes. Je recherche avant tout, en plus de m\u2019amuser, \u00e0 faire r\u00e9agir mes partenaires.<\/p>\n<p><strong><a onclick=\"window.open(this.href, '_blank', 'width=567,height=1264,scrollbars=no,resizable=no,toolbar=no,directories=no,location=no,menubar=no,status=no,left=0,top=0'); return false\" href=\"http:\/\/yannicklejeune.blogs.com\/.shared\/image.html?\/photos\/uncategorized\/falbator_1.jpg\"><img loading=\"lazy\" decoding=\"async\" title=\"Falbator_1\" height=\"557\" alt=\"Falbator_1\" src=\"https:\/\/www.wedobd.com\/wp-content\/uploads\/2006\/09\/falbator_1.jpg\" width=\"250\" border=\"0\" style=\"FLOAT: left; MARGIN: 0px 5px 5px 0px\" \/><\/a> Qu&#8217;aimes-tu le moins dans les blogs ?<\/strong><\/p>\n<p>Rien.<\/p>\n<p><strong>Que penses-tu des flux RSS ?<\/strong><\/p>\n<p>Ha j\u2019en ai entendu parler r\u00e9cemment, \u00e7a a l\u2019air bien pratique !<\/p>\n<p><strong>Et en dehors des blogs o\u00f9 peut-on voir ton travail ?<\/strong><\/p>\n<p>Dans Voici toutes les semaines (youhou), dans des livres pour enfant parfois, dans Moi-je chez Warum, dans des expos de temps en temps \u2026<\/p>\n<p><strong>Peux-tu pr\u00e9senter tes albums ?<\/strong><\/p>\n<p>Moi-je, petit recueil d\u2019instantan\u00e9s, le quotidien d\u2019une jeune femme, \u00e9d. Warum<\/p>\n<p>Papa, un livre-d\u2019impressions-souvenirs, \u00e9d. l\u2019Association Le Crocovoleur de doudous, livre pour enfant, \u00e9d. Kaleidoscope<\/p>\n<p><strong>Qu&#8217;attends-tu du Festival ?<\/strong><\/p>\n<p>De faire plaisir aux \u00e9ventuels lecteurs de mon blog !<\/p>\n","protected":false},"excerpt":{"rendered":"<p>Aude Picault est une Chicou qu&#8217;on a plaisir \u00e0 accueillir cette ann\u00e9e ! Comment as-tu commenc\u00e9 \u00e0 dessiner ? Comme tous les enfants, sauf que je n\u2019ai jamais arr\u00eat\u00e9. As-tu suivi une formation ? Oui, je suis dipl\u00f4m\u00e9e des Arts D\u00e9co de Paris, en communication visuelle. Peux-tu pr\u00e9senter ton blog ? Comment en es-tu venu [&hellip;]<\/p>\n","protected":false},"author":4,"featured_media":0,"comment_status":"open","ping_status":"open","sticky":false,"template":"","format":"standard","meta":{"footnotes":""},"categories":[26],"tags":[192,456,732,591,254,457,639,741],"class_list":["post-5264","post","type-post","status-publish","format-standard","hentry","category-02-le-festival-de-2005-a-2013","tag-bd","tag-blog","tag-blogging","tag-blogs","tag-festiblog","tag-festival-des-blogs-bd","tag-webcomics","tag-weblog"],"_links":{"self":[{"href":"https:\/\/www.wedobd.com\/index.php?rest_route=\/wp\/v2\/posts\/5264","targetHints":{"allow":["GET"]}}],"collection":[{"href":"https:\/\/www.wedobd.com\/index.php?rest_route=\/wp\/v2\/posts"}],"about":[{"href":"https:\/\/www.wedobd.com\/index.php?rest_route=\/wp\/v2\/types\/post"}],"author":[{"embeddable":true,"href":"https:\/\/www.wedobd.com\/index.php?rest_route=\/wp\/v2\/users\/4"}],"replies":[{"embeddable":true,"href":"https:\/\/www.wedobd.com\/index.php?rest_route=%2Fwp%2Fv2%2Fcomments&post=5264"}],"version-history":[{"count":1,"href":"https:\/\/www.wedobd.com\/index.php?rest_route=\/wp\/v2\/posts\/5264\/revisions"}],"predecessor-version":[{"id":6483,"href":"https:\/\/www.wedobd.com\/index.php?rest_route=\/wp\/v2\/posts\/5264\/revisions\/6483"}],"wp:attachment":[{"href":"https:\/\/www.wedobd.com\/index.php?rest_route=%2Fwp%2Fv2%2Fmedia&parent=5264"}],"wp:term":[{"taxonomy":"category","embeddable":true,"href":"https:\/\/www.wedobd.com\/index.php?rest_route=%2Fwp%2Fv2%2Fcategories&post=5264"},{"taxonomy":"post_tag","embeddable":true,"href":"https:\/\/www.wedobd.com\/index.php?rest_route=%2Fwp%2Fv2%2Ftags&post=5264"}],"curies":[{"name":"wp","href":"https:\/\/api.w.org\/{rel}","templated":true}]}}