{"id":5288,"date":"2006-09-11T23:30:03","date_gmt":"2006-09-11T21:30:03","guid":{"rendered":"https:\/\/www.wedobd.com\/?p=5288"},"modified":"2025-09-29T16:01:55","modified_gmt":"2025-09-29T14:01:55","slug":"mamlynda","status":"publish","type":"post","link":"https:\/\/www.wedobd.com\/?p=5288","title":{"rendered":"Invit\u00e9e num\u00e9ro 35 : Mamlynda"},"content":{"rendered":"<p><strong><em><a href=\"http:\/\/www.festival-blogs-bd.com\/WindowsLiveWriter\/Invitenumro35Mamlynda_149F7\/mamlynda%5B5%5D.jpg\" atomicselection=\"true\"><img loading=\"lazy\" decoding=\"async\" height=\"294\" src=\"https:\/\/www.wedobd.com\/wp-content\/uploads\/2006\/09\/mamlynda_thumb5B35D.jpg\" width=\"306\" align=\"left\" \/><\/a> Quoi de neuf depuis ton interview sur le blog ?<\/em><\/strong> <\/p>\n<p>Plein de choses, ma BD tir\u00e9e du blog est enfin sortie en avril. Mais si j&#8217;avais su ce qu&#8217;il m&#8217;attendait au niveau promo, en signant le contrat chez Delcourt, je l&#8217;aurait peut-\u00eatre pas fait. Je pensais pas qu&#8217;en faisant une BD j&#8217;allais me retrouver \u00e0 la TV dans un jeu d\u00e9bile de TF1 mais bon c&#8217;\u00e9tait quand m\u00eame une chouette exp\u00e9rience. Je me demande dans quelle \u00e9mission TV je vais atterrir avec le tome 2 mais \u00e7a peut pas \u00eatre pire!. Dommage que &quot;tourner man\u00e8ge&quot; n&#8217;existe plus, j&#8217;aurais bien aimer en faire un sp\u00e9cial : &quot;les c\u00e9libataires de la BD&quot;! <\/p>\n<p><strong><em>Que t&#8217;as apport\u00e9 le festival 2005 ?<\/em><\/strong> <\/p>\n<p>Rencontrer en vrai les bloggeurs et pouvoir mettre une t\u00eate sur leurs pseudos. <\/p>\n<p><strong><em>Qu&#8217;attends-tu du Festival 2006?<\/em><\/strong> <\/p>\n<p>Les revoir mais \u00e7a serait bien qu&#8217;il y ait au moins deux festivals par ans pour les voir plus! Et j&#8217;esp\u00e8re qu&#8217;il y aura des pompiers \u00e0 ce festival 2006, ahahah!<\/p>\n","protected":false},"excerpt":{"rendered":"<p>Quoi de neuf depuis ton interview sur le blog ? Plein de choses, ma BD tir\u00e9e du blog est enfin sortie en avril. Mais si j&#8217;avais su ce qu&#8217;il m&#8217;attendait au niveau promo, en signant le contrat chez Delcourt, je l&#8217;aurait peut-\u00eatre pas fait. Je pensais pas qu&#8217;en faisant une BD j&#8217;allais me retrouver \u00e0 [&hellip;]<\/p>\n","protected":false},"author":4,"featured_media":0,"comment_status":"open","ping_status":"open","sticky":false,"template":"","format":"standard","meta":{"footnotes":""},"categories":[26],"tags":[589,192,456,732,254,670,457,766],"class_list":["post-5288","post","type-post","status-publish","format-standard","hentry","category-02-le-festival-de-2005-a-2013","tag-bande-dessinee","tag-bd","tag-blog","tag-blogging","tag-festiblog","tag-festiblog-bd","tag-festival-des-blogs-bd","tag-mamlynda"],"_links":{"self":[{"href":"https:\/\/www.wedobd.com\/index.php?rest_route=\/wp\/v2\/posts\/5288","targetHints":{"allow":["GET"]}}],"collection":[{"href":"https:\/\/www.wedobd.com\/index.php?rest_route=\/wp\/v2\/posts"}],"about":[{"href":"https:\/\/www.wedobd.com\/index.php?rest_route=\/wp\/v2\/types\/post"}],"author":[{"embeddable":true,"href":"https:\/\/www.wedobd.com\/index.php?rest_route=\/wp\/v2\/users\/4"}],"replies":[{"embeddable":true,"href":"https:\/\/www.wedobd.com\/index.php?rest_route=%2Fwp%2Fv2%2Fcomments&post=5288"}],"version-history":[{"count":1,"href":"https:\/\/www.wedobd.com\/index.php?rest_route=\/wp\/v2\/posts\/5288\/revisions"}],"predecessor-version":[{"id":6537,"href":"https:\/\/www.wedobd.com\/index.php?rest_route=\/wp\/v2\/posts\/5288\/revisions\/6537"}],"wp:attachment":[{"href":"https:\/\/www.wedobd.com\/index.php?rest_route=%2Fwp%2Fv2%2Fmedia&parent=5288"}],"wp:term":[{"taxonomy":"category","embeddable":true,"href":"https:\/\/www.wedobd.com\/index.php?rest_route=%2Fwp%2Fv2%2Fcategories&post=5288"},{"taxonomy":"post_tag","embeddable":true,"href":"https:\/\/www.wedobd.com\/index.php?rest_route=%2Fwp%2Fv2%2Ftags&post=5288"}],"curies":[{"name":"wp","href":"https:\/\/api.w.org\/{rel}","templated":true}]}}