{"id":5289,"date":"2006-09-11T12:17:32","date_gmt":"2006-09-11T10:17:32","guid":{"rendered":"https:\/\/www.wedobd.com\/?p=5289"},"modified":"2025-09-29T16:01:57","modified_gmt":"2025-09-29T14:01:57","slug":"bon_anniversair","status":"publish","type":"post","link":"https:\/\/www.wedobd.com\/?p=5289","title":{"rendered":"Bon anniversaire le festival !!!"},"content":{"rendered":"<p>Aujourd&#8217;hui le Festival des Blogs BD f\u00eate son premier anniversaire ! En effet, c&#8217;est le 11 septembre 2005 qu&#8217;avait lieu, sous un temps maussade mais dans une tr\u00e8s bonne ambiance, la premi\u00e8re \u00e9dition de ce que beaucoup d&#8217;entre vous ont baptis\u00e9 Festiblog !<\/p>\n<p>Merci \u00e0 tous ceux qui ont fil\u00e9 un coup de main : les auteurs, les bloggers, les lecteurs, les visiteurs et les partenaires. J&#8217;esp\u00e8re que la deuxi\u00e8me \u00e9dition sera \u00e9galement une \u00e9norme f\u00eate !<\/p>\n<p><a href=\"http:\/\/www.festival-blogs-bd.com\/WindowsLiveWriter\/Bonanniversairelefestival_ACD0\/affiche-2005%5B5%5D.jpg\" atomicselection=\"true\"><img loading=\"lazy\" decoding=\"async\" height=\"329\" src=\"https:\/\/www.wedobd.com\/wp-content\/uploads\/2006\/09\/affiche-2005_thumb5B35D.jpg\" width=\"225\" align=\"left\" \/><\/a>&nbsp; &nbsp;<a href=\"http:\/\/www.festival-blogs-bd.com\/WindowsLiveWriter\/Bonanniversairelefestival_ACD0\/affiche-2006%5B4%5D.jpg\" atomicselection=\"true\"><img loading=\"lazy\" decoding=\"async\" height=\"319\" src=\"https:\/\/www.wedobd.com\/wp-content\/uploads\/2006\/09\/affiche-2006_thumb5B25D.jpg\" width=\"225\" \/><\/a><\/p>\n<p>Si vous avez des souvenirs (d\u00e9dicaces, photos, vid\u00e9os) qui ne se trouvent pas d\u00e9j\u00e0 dans les albums de <a href=\"http:\/\/festiblog.spaces.live.com\/\">festiblog.spaces.live.com<\/a>, n&#8217;h\u00e9sitez pas \u00e0 m&#8217;adresser <a href=\"mailto:yannick.lejeune@festiblog.com?Subject=Souvenirs%20du%20festival%202005\">un email.<\/a><\/p>\n","protected":false},"excerpt":{"rendered":"<p>Aujourd&#8217;hui le Festival des Blogs BD f\u00eate son premier anniversaire ! En effet, c&#8217;est le 11 septembre 2005 qu&#8217;avait lieu, sous un temps maussade mais dans une tr\u00e8s bonne ambiance, la premi\u00e8re \u00e9dition de ce que beaucoup d&#8217;entre vous ont baptis\u00e9 Festiblog ! Merci \u00e0 tous ceux qui ont fil\u00e9 un coup de main : [&hellip;]<\/p>\n","protected":false},"author":4,"featured_media":0,"comment_status":"open","ping_status":"open","sticky":false,"template":"","format":"standard","meta":{"footnotes":""},"categories":[26],"tags":[589,192,590,732,273,254,670,457,625],"class_list":["post-5289","post","type-post","status-publish","format-standard","hentry","category-02-le-festival-de-2005-a-2013","tag-bande-dessinee","tag-bd","tag-blog-bd","tag-blogging","tag-blogs-bd","tag-festiblog","tag-festiblog-bd","tag-festival-des-blogs-bd","tag-weblogs"],"_links":{"self":[{"href":"https:\/\/www.wedobd.com\/index.php?rest_route=\/wp\/v2\/posts\/5289","targetHints":{"allow":["GET"]}}],"collection":[{"href":"https:\/\/www.wedobd.com\/index.php?rest_route=\/wp\/v2\/posts"}],"about":[{"href":"https:\/\/www.wedobd.com\/index.php?rest_route=\/wp\/v2\/types\/post"}],"author":[{"embeddable":true,"href":"https:\/\/www.wedobd.com\/index.php?rest_route=\/wp\/v2\/users\/4"}],"replies":[{"embeddable":true,"href":"https:\/\/www.wedobd.com\/index.php?rest_route=%2Fwp%2Fv2%2Fcomments&post=5289"}],"version-history":[{"count":1,"href":"https:\/\/www.wedobd.com\/index.php?rest_route=\/wp\/v2\/posts\/5289\/revisions"}],"predecessor-version":[{"id":6540,"href":"https:\/\/www.wedobd.com\/index.php?rest_route=\/wp\/v2\/posts\/5289\/revisions\/6540"}],"wp:attachment":[{"href":"https:\/\/www.wedobd.com\/index.php?rest_route=%2Fwp%2Fv2%2Fmedia&parent=5289"}],"wp:term":[{"taxonomy":"category","embeddable":true,"href":"https:\/\/www.wedobd.com\/index.php?rest_route=%2Fwp%2Fv2%2Fcategories&post=5289"},{"taxonomy":"post_tag","embeddable":true,"href":"https:\/\/www.wedobd.com\/index.php?rest_route=%2Fwp%2Fv2%2Ftags&post=5289"}],"curies":[{"name":"wp","href":"https:\/\/api.w.org\/{rel}","templated":true}]}}