{"id":5307,"date":"2006-08-25T22:51:40","date_gmt":"2006-08-25T20:51:40","guid":{"rendered":"https:\/\/www.wedobd.com\/?p=5307"},"modified":"2025-09-29T16:02:24","modified_gmt":"2025-09-29T14:02:24","slug":"cadavre_exquis__5-3","status":"publish","type":"post","link":"https:\/\/www.wedobd.com\/?p=5307","title":{"rendered":"Cadavre Exquis : Episode 61 par Effo"},"content":{"rendered":"<p><span style=\"color: #990000;\">Deuxi\u00e8me \u00e9pisode pour vous faire patentier ce week-end. Attention il se peut que vous ne reconnaissiez pas le blog du festival lundi, il va y avoir du changement !!!<br \/>[EDIT : Ca a \u00e9t\u00e9 trouv\u00e9 facilement, cet \u00e9pisode a \u00e9t\u00e9 <a href=\"http:\/\/effoblog.free.fr\/dotclear\/index.php\">dessin\u00e9 par Effo<\/a> l&#8217;interview est en ligne en cliquant sur lire la suiet juste apr\u00e8s ce dessin ! J&#8217;en profite aussi pour vous dire que <a href=\"http:\/\/www.festival-blogs-bd.com\/2006\/08\/cadavre_exquis__2.html\">Cervo2poule<\/a> et <a href=\"http:\/\/www.festival-blogs-bd.com\/2006\/08\/cadavre_exquis__3.html\">Jak<\/a> ayant \u00e9t\u00e9 d\u00e9masqu\u00e9s, leurs interviews ont \u00e9t\u00e9 mises \u00e0 jour.]<\/span><\/p>\n<p align=\"center\"><a onclick=\"window.open(this.href, '_blank', 'width=430,height=726,scrollbars=no,resizable=no,toolbar=no,directories=no,location=no,menubar=no,status=no,left=0,top=0'); return false\" href=\"http:\/\/yannicklejeune.blogs.com\/.shared\/image.html?\/photos\/uncategorized\/episode61.jpg\"><img loading=\"lazy\" decoding=\"async\" title=\"Episode61\" height=\"759\" alt=\"Episode61\" src=\"https:\/\/www.wedobd.com\/wp-content\/uploads\/2006\/08\/episode61.jpg\" width=\"450\" border=\"0\" style=\"FLOAT: left; MARGIN: 0px 5px 5px 0px\" \/><\/a> <\/p>\n<p><!--more--><\/p>\n<p><strong><span style=\"color: #990000;\">Comment as-tu commenc\u00e9 \u00e0 dessiner ?<\/span><\/strong><\/p>\n<p>J ai toujours dessin\u00e9 depuis tout petit !! Ma m\u00e8re avait fait les Beaux Arts et \u00e9tant moi-m\u00eame malentendant dans une famille de sourds, le dessin est devenu naturellement un autre moyen de communication&#8230;. En primaire, je faisais des bds dans les derni\u00e8res pages de mes cahiers pendant les cours &#8230;. Pour le plus grand bonheur de mes copains !! J&#8217; ai eu quelques mauvaises notes car je gribouillais sur mes contr\u00f4les&#8230; Quand j&#8217; \u00e9tais petit, j&#8217; \u00e9tais fan des Schtrounpfs, Boule et Bill,&nbsp; Lagaffe, Ast\u00e9rix et surtout Pif magazine!!<\/p>\n<p><strong><span style=\"color: #990000;\">As-tu suivi des cours de dessin ou une formation artistique ?<\/span><\/strong><\/p>\n<p>Oui j ai pass\u00e9 5 ans en illustration \u00e0 l&#8217; institut ST LUC \u00e0 Tournai !! Ce sont de tr\u00e8s bons souvenirs !!<\/p>\n<p><strong><span style=\"color: #990000;\">Peux-tu pr\u00e9senter ton blog ?<\/span><\/strong><\/p>\n<p>Bien s\u00fbr, je parle de ma vie quotidienne et de celle de mon entourage!!&#8230; Un peu romanc\u00e9e, certes&#8230;. <\/p>\n<p><strong><span style=\"color: #990000;\">Comment en es-tu venu \u00e0 blogguer ?<\/span><\/strong><\/p>\n<p>Il y a un peu plus d&#8217;un an, je ne connaissais pas le mot &quot;blog&quot;, puis j&#8217; ai d\u00e9couvert le blog de Frantico&#8230; Plus tard,un pote et moi en avons cr\u00e9\u00e9 un&#8230; Depuis quelques mois, je me suis lanc\u00e9 bien plus s\u00e9rieusement en solo!<\/p>\n<p><strong><span style=\"color: #990000;\">Quel est ton objectif premier quand tu bloggues ?<\/span><\/strong><\/p>\n<p>Faire le plus de dessins possible,car quand je regarde mes premiers dessins mis en ligne,je me rends compte du progr\u00e8s ! Et tenir ce blog, c&#8217;est un peu comme perp\u00e9tuer la tradition!(je tenais un journal de bord auparavant&#8230;.)<\/p>\n<p><strong><span style=\"color: #990000;\">Quel \u00e9tait ton public cible au d\u00e9marrage ?<\/span><\/strong><\/p>\n<p>Au d\u00e9but mes potes &#8230; <\/p>\n<p><strong><span style=\"color: #990000;\">Quels sont tes lecteurs aujourd&#8217;hui ?<\/span><\/strong><\/p>\n<p>Des gens que je ne connais pas, il y a m\u00eame des gens d&#8217; Asie qui lisent mon blog&nbsp; !! <\/p>\n<p><strong><span style=\"color: #990000;\">Combien de temps passes-tu sur tes notes (par jour\/par semaine) ?<\/span><\/strong><\/p>\n<p>Tout d\u00e9pend de la note!&#8230;. Et de mon inspiration!! Il me faut une \u00e0 deux heures par note, \u00e0 raison de trois mises \u00e0 jour par semaine en moyenne&#8230;..<\/p>\n<p><strong><span style=\"color: #990000;\">Est-ce du mat\u00e9riel fait expr\u00e8s pour le blog ou un carnet de croquis scann\u00e9 ou des trucs repris ailleurs ?<\/span><\/strong><\/p>\n<p>Ce ne sont que des nouvelles cr\u00e9ations pour respecter la charte graphique de mon blog ..<\/p>\n<p><strong><span style=\"color: #990000;\">Comment les r\u00e9alises-tu ? (crayonn\u00e9s, palette graphique, aquarelle&#8230;)<\/span><\/strong><\/p>\n<p>J&#8217; utilise un Pentel, des feutres&nbsp; et la palette graphique !!<\/p>\n<p><strong><span style=\"color: #990000;\">Quelles sont tes influences graphiques (BD ou artistiques) ?<\/span><\/strong><\/p>\n<p>Je suis incontestablement influenc\u00e9 par Larcenet, Zep, et Loisel&#8230;..J&#8217;adore Dali et Picasso&#8230;.<\/p>\n<p><strong><span style=\"color: #990000;\">Combien de temps passes-tu \u00e0 lire les blogs des autres ?<\/span><\/strong><\/p>\n<p>Une grosse demie heure par jour &#8230;<\/p>\n<p><strong><span style=\"color: #990000;\">Quels sont ceux dont tu es le plus fan ?<\/span><\/strong><\/p>\n<p>Boulet, Laurel , Frantico(que je relis souvent) et puis bien s\u00fbr Larcenet&#8230;<br \/>Et aussi mon ami Joe&#8230;<\/p>\n<p><strong><span style=\"color: #990000;\">As-tu rencontr\u00e9 des gens gr\u00e2ce aux blogs ?<\/span><\/strong><\/p>\n<p>Pour l&#8217; instant pas encore ..je d\u00e9bute,tu sais&#8230;<\/p>\n<p><strong><span style=\"color: #990000;\">As-tu une anecdote particuli\u00e8re li\u00e9e aux blogs ?<\/span><\/strong><\/p>\n<p>Heu&#8230; ah si! En soir\u00e9e, je ne peux plus rien raconter a mes potes ! Ils me r\u00e9pondent:&quot;Je sais&#8230;.Je l&#8217; ai vu dans ton blog&#8230;&#8230;&quot;<\/p>\n<p><strong><span style=\"color: #990000;\">Es-tu sensible aux commentaires ?<\/span><\/strong><\/p>\n<p>Je t&#8217;avouerai que, pour l&#8217;instant je n&#8217;ai eu droit \u00e0 aucune critique dans mes commentaires&#8230;&#8230; Et je touche du singe pour que ca continue!<\/p>\n<p><strong><span style=\"color: #990000;\">Qu&#8217;est-ce qui te plait le plus dans les blogs ?<\/span><\/strong><\/p>\n<p>Les blogs des illustrateurs, graphistes&#8230;. Il y a beaucoup de talents !!! <\/p>\n<p><strong><span style=\"color: #990000;\">Qu&#8217;aimes-tu le moins dans les blogs ?<\/span><\/strong><\/p>\n<p>Les gens qui se montrent en photos genre &quot;moi et ma voiture tuning&quot; ou &quot;moi et mon chien dans le jardin&quot; &#8230;. Ils racontent leur vie, mais y a pas grand chose \u00e0 raconter&#8230;.<\/p>\n<p><strong><span style=\"color: #990000;\">A ton avis quel est l\u2019avenir des blogs ?<\/span><\/strong><\/p>\n<p>Pour des gens comme moi,c&#8217;est une aubaine!<br \/>A c\u00f4t\u00e9 de cela, il y a r\u00e9ellement une trop grande libert\u00e9 de parole qui conduit in\u00e9vitablement \u00e0 des d\u00e9rives&#8230;.Un blog, d&#8217;accord, mais avec une certaine \u00e9thique&#8230;<\/p>\n<p><strong><span style=\"color: #990000;\">Que penses-tu des flux RSS ?<\/span><\/strong><\/p>\n<p>Heu..je connais pas &#8230;<\/p>\n<p><strong><span style=\"color: #990000;\">Et en dehors des blogs o\u00f9 peut-on voir ton travail ?<\/span><\/strong><\/p>\n<p>Dans mon site perso ..qui est toujours en construction &#8230;En attendant je vous donne le lien de mon anim <a href=\"http:\/\/effoblog.free.fr\/stock\/upload\/metal1.swf\">http:\/\/effoblog.free.fr\/stock\/upload\/metal1.swf<\/a><\/p>\n<p><strong><span style=\"color: #990000;\">As-tu des albums, si oui ? Peux-tu les pr\u00e9senter ? <\/span><\/strong><\/p>\n<p>Il y a 6 ans,&nbsp; j&#8217;ai fait une petite BD pour une fanzine mais \u00e0 part \u00e7a rien &#8230;mais c est vrai j aimerai faire au moins un album avant de mourir .. <\/p>\n<p><strong><span style=\"color: #990000;\">Un dernier mot ?<\/span><\/strong><\/p>\n<p>Je peux crier..????? Ok, &quot;FRICADELLLLLLLLLLE&quot; !!!!!!! (cri guerrier ch&#8217; ti tr\u00e8s r\u00e9cent &#8230;)<\/p>\n","protected":false},"excerpt":{"rendered":"<p>Deuxi\u00e8me \u00e9pisode pour vous faire patentier ce week-end. Attention il se peut que vous ne reconnaissiez pas le blog du festival lundi, il va y avoir du changement !!![EDIT : Ca a \u00e9t\u00e9 trouv\u00e9 facilement, cet \u00e9pisode a \u00e9t\u00e9 dessin\u00e9 par Effo l&#8217;interview est en ligne en cliquant sur lire la suiet juste apr\u00e8s ce [&hellip;]<\/p>\n","protected":false},"author":4,"featured_media":0,"comment_status":"open","ping_status":"open","sticky":false,"template":"","format":"standard","meta":{"footnotes":""},"categories":[617],"tags":[589,192,456,732,591,736,748,670,457,639,625],"class_list":["post-5307","post","type-post","status-publish","format-standard","hentry","category-06-cadavre-exquis","tag-bande-dessinee","tag-bd","tag-blog","tag-blogging","tag-blogs","tag-cadavre-exquis","tag-comics","tag-festiblog-bd","tag-festival-des-blogs-bd","tag-webcomics","tag-weblogs"],"_links":{"self":[{"href":"https:\/\/www.wedobd.com\/index.php?rest_route=\/wp\/v2\/posts\/5307","targetHints":{"allow":["GET"]}}],"collection":[{"href":"https:\/\/www.wedobd.com\/index.php?rest_route=\/wp\/v2\/posts"}],"about":[{"href":"https:\/\/www.wedobd.com\/index.php?rest_route=\/wp\/v2\/types\/post"}],"author":[{"embeddable":true,"href":"https:\/\/www.wedobd.com\/index.php?rest_route=\/wp\/v2\/users\/4"}],"replies":[{"embeddable":true,"href":"https:\/\/www.wedobd.com\/index.php?rest_route=%2Fwp%2Fv2%2Fcomments&post=5307"}],"version-history":[{"count":1,"href":"https:\/\/www.wedobd.com\/index.php?rest_route=\/wp\/v2\/posts\/5307\/revisions"}],"predecessor-version":[{"id":6580,"href":"https:\/\/www.wedobd.com\/index.php?rest_route=\/wp\/v2\/posts\/5307\/revisions\/6580"}],"wp:attachment":[{"href":"https:\/\/www.wedobd.com\/index.php?rest_route=%2Fwp%2Fv2%2Fmedia&parent=5307"}],"wp:term":[{"taxonomy":"category","embeddable":true,"href":"https:\/\/www.wedobd.com\/index.php?rest_route=%2Fwp%2Fv2%2Fcategories&post=5307"},{"taxonomy":"post_tag","embeddable":true,"href":"https:\/\/www.wedobd.com\/index.php?rest_route=%2Fwp%2Fv2%2Ftags&post=5307"}],"curies":[{"name":"wp","href":"https:\/\/api.w.org\/{rel}","templated":true}]}}