{"id":531,"date":"2010-09-04T14:00:00","date_gmt":"2010-09-04T12:00:00","guid":{"rendered":"https:\/\/www.wedobd.com\/?p=531"},"modified":"2025-09-29T14:41:55","modified_gmt":"2025-09-29T12:41:55","slug":"last","status":"publish","type":"post","link":"https:\/\/www.wedobd.com\/?p=531","title":{"rendered":"Invit\u00e9 #63 : LAST"},"content":{"rendered":"<p><strong>C&#39;est un peu comme&#0160;la mer sans les vagues,&#0160;les vagues sans l&#39;\u00e9cume,&#0160;l&#39;\u00e9cume sans le sel,&#0160;le sel sans le poivre, mais nous sommes bien heureux de l&#39;avoir avec nous. Notre 63<\/strong><sup><strong>e<\/strong><\/sup><strong> invit\u00e9 est le Stouf dans <\/strong><strong><a class=\"vt-p\" href=\"http:\/\/stoufetjeanouf.canalblog.com\/\" target=\"_blank\">Stouf &amp; Jean-Ouf<\/a>&#0160;et<\/strong><strong>&#0160;<\/strong><strong>nous arrive de Bretagne pour son premier Festiblog, b<\/strong><strong>ienvenue \u00e0 LAST !<\/strong><\/p>\n<p><strong><br \/><\/strong><\/p>\n<p style=\"text-align: center;\">\n<a class=\"vt-p\" href=\"http:\/\/yannicklejeune.blogs.com\/.a\/6a00d8341c501b53ef013486b579d5970c-pi\" style=\"display: inline;\"><img decoding=\"async\" alt=\"Festiblog_2010-01\" class=\"asset asset-image at-xid-6a00d8341c501b53ef013486b579d5970c \" src=\"https:\/\/yannicklejeune.blogs.com\/.a\/6a00d8341c501b53ef013486b579d5970c-500wi\" title=\"Festiblog_2010-01\" \/><\/a> <\/p>\n<p style=\"text-align: justify;\"><strong><br \/><\/strong><\/p>\n<p style=\"text-align: justify;\"><strong>Qui es-tu ?<\/strong><\/p>\n<p style=\"text-align: justify;\">Salut, je suis St\u00e9phane, j&#39;ai 36 ans (mais on me donne 34). Je suis employ\u00e9 comme cr\u00e9atif en agence de pub brestoise depuis presque 12 ans, au port de commerce, avec vue de r\u00eave sur la Rade, les grues portuaires et les formes de radoubs.&#0160;<\/p>\n<p style=\"text-align: justify;\">\n<p style=\"text-align: justify;\"><strong>Comment as-tu commenc\u00e9 \u00e0 dessiner ?<\/strong><\/p>\n<p style=\"text-align: justify;\">Je n&#39;ai plus la date en t\u00eate mais comme beaucoup le monde, \u00e0 la maternelle. Le premier dessin dont je me souviens est un bonhomme vert. J&#39;\u00e9tais content car il \u00e9tait normalement constitu\u00e9, c&#39;est-\u00e0-dire avec les bras qui ne partent pas de la t\u00eate et des jambes qui font pas 6 m\u00e8tres de longs, hin hin\u2026&#0160;<\/p>\n<p style=\"text-align: justify;\">\n<p style=\"text-align: justify;\"><strong>As-tu suivi une formation ?<\/strong><\/p>\n<p style=\"text-align: justify;\">Oui, \u00e0 l&#39;\u00e9cole Brassart, \u00e0 Tours, dont je suis sorti en 1995. En compl\u00e9ment d&#39;une formation avec les outils classiques (pinceaux, tire-ligne, rottring\u2026), j&#39;ai d\u00e9couvert la PAO, encore balbutiante, avec notamment Illustrator. Et je peux vous dire que je d\u00e9testais \u00e7a !\u2026&#0160;<\/p>\n<p style=\"text-align: justify;\">\n<p style=\"text-align: justify;\"><strong>Peux-tu pr\u00e9senter ton blog ?<\/strong><\/p>\n<p style=\"text-align: justify;\">C&#39;est un projet BD enti\u00e8rement vectoriel pr\u00e9sent\u00e9 sous forme de blog, avec une interface simpliste, pour mettre en valeur les planches en couleurs. Le terme de webcomics semble \u00eatre plus appropri\u00e9 pour mon projet. Stouf &amp; Jean-Ouf sont les doubles de 2 vrais graphistes d&#39;agence : Jean-Yves (Jean-Ouf) et moi-m\u00eame (Stouf). Jean-Yves et moi sommes salari\u00e9s en agence, \u00e0 la diff\u00e9rence de nos personnages, qui eux sont \u00e0 leur compte. Ceci afin de conserver une certaine libert\u00e9 de ton par rapport \u00e0 mon boss \ud83d\ude09 Et je n&#39;oublie pas Annabelle, productrice de choc et de charme, qui existe vraiment elle aussi (et qui est assez ressemblante quoique j&#39;ai d\u00fb l\u00e9g\u00e8rement forcer sur les obus\u2026) ; sp\u00e9cialiste des devis, des planning, et surtout des r\u00e2teaux en tout genre (on va d&#39;ailleurs ouvrir notre propre jardinerie). Une particularit\u00e9 graphique : les personnages sont toujours de profil et cadr\u00e9s de la m\u00eame fa\u00e7on, seul le fond varie. C&#39;est un parti pris visuel que je trouve efficace. Quoi, je suis un fain\u00e9ant ?&#0160;<\/p>\n<p style=\"text-align: justify;\">\n<p style=\"text-align: justify;\">\n<p style=\"text-align: center;\">\n<a class=\"vt-p\" href=\"http:\/\/yannicklejeune.blogs.com\/.a\/6a00d8341c501b53ef0133f3922040970b-pi\" style=\"display: inline;\"><img decoding=\"async\" alt=\"Festiblog_2010-04\" class=\"asset asset-image at-xid-6a00d8341c501b53ef0133f3922040970b \" src=\"https:\/\/www.wedobd.com\/wp-content\/uploads\/2010\/09\/6a00d8341c501b53ef0133f3922040970b-500wi.jpg\" title=\"Festiblog_2010-04\" \/><\/a> <br \/>&#0160;<\/p>\n<p style=\"text-align: justify;\">\n<p style=\"text-align: justify;\">\n<p style=\"text-align: justify;\"><strong>Pourquoi as-tu commenc\u00e9 \u00e0 bloguer ?<\/strong><\/p>\n<p style=\"text-align: justify;\">Pour \u00e9changer, proposer mes id\u00e9es, avoir un public qui juge objectivement mon travail.&#0160;<\/p>\n<p style=\"text-align: justify;\">\n<p style=\"text-align: justify;\"><strong>Quel public voulais-tu rencontrer ?<\/strong><\/p>\n<p style=\"text-align: justify;\">Comme 95% des bloggeurs-BD, des filles faciles en admiration devant mes prouesses graphiques et sc\u00e9naristiques\u2026 Je plaisante, tout le monde sait que le dessin est le parent pauvre de la drague\u2026&#0160;<\/p>\n<p style=\"text-align: justify;\">\n<p style=\"text-align: justify;\"><strong>Et finalement qui sont tes lecteurs ?<\/strong><\/p>\n<p style=\"text-align: justify;\">De sympathiques jeunes gens, pour la plupart graphistes, qui me suivaient d\u00e9j\u00e0 sur <a class=\"vt-p\" href=\"http:\/\/last29.canalblog.com\/\" target=\"_blank\">The Last Blog<\/a>, mon autre blog, o\u00f9 je pr\u00e9sente dans le d\u00e9tail divers travaux d&#39;illustration (pour du teeshirt notamment). Depuis le gros buzz du gag &quot;le client est roi&quot;, \u00e7a se confirme : la grande majorit\u00e9 des lecteurs sont des gens du m\u00e9tier. Entre graphiste, on se comprend, quoi ;)&#0160;<\/p>\n<p style=\"text-align: justify;\">\n<p style=\"text-align: justify;\"><strong>Combien de temps passes-tu en moyenne sur tes notes ?<\/strong><\/p>\n<p style=\"text-align: justify;\">Je ne suis pas tr\u00e8s prolifique (1 gag toutes les 3 semaines) mais mon vrai m\u00e9tier en agence n&#39;est pas fait pour arranger les choses :p S\u00e9rieusement, on va dire 4 \u00e0 6 heures. C&#39;est l&#39;\u00e9criture des dialogues qui prend le plus de temps, avec le d\u00e9coupage des vignettes ad\u00e9quat. Je retravaille souvent les dialogues pour ne garder que l&#39;essentiel, que \u00e7a fuse, que ce soit rythm\u00e9 et dr\u00f4le !&#0160;<\/p>\n<p style=\"text-align: justify;\">\n<p style=\"text-align: justify;\"><strong>Est-ce que ce sont des dessins sp\u00e9cialement faits pour le blog ?<\/strong><\/p>\n<p style=\"text-align: justify;\">Oui et non, ce sont des planches de BD d&#39;un format conventionnel en fait, calibr\u00e9es pour \u00eatre un jour, pourquoi pas, \u00e9dit\u00e9es sur papier ! Je pr\u00e9vois tout, rien n&#39;est fait au hasard, c&#39;est mon c\u00f4t\u00e9 publicitaire pragmatique, hin hin !&#0160;<\/p>\n<p style=\"text-align: justify;\">\n<p style=\"text-align: center;\">\n<a class=\"vt-p\" href=\"http:\/\/yannicklejeune.blogs.com\/.a\/6a00d8341c501b53ef0133f39235ba970b-pi\" style=\"display: inline;\"><img decoding=\"async\" alt=\"Festiblog_2010-02\" class=\"asset asset-image at-xid-6a00d8341c501b53ef0133f39235ba970b \" src=\"https:\/\/www.wedobd.com\/wp-content\/uploads\/2010\/09\/6a00d8341c501b53ef0133f39235ba970b-500wi.jpg\" title=\"Festiblog_2010-02\" \/><\/a> <\/p>\n<p style=\"text-align: center;\">&#0160;<\/p>\n<p style=\"text-align: justify;\"><strong>Avec quoi dessines-tu ?<\/strong><\/p>\n<p style=\"text-align: justify;\">Avec une souris, 100% sur Illustrator, ce qui va me poser des probl\u00e8mes en d\u00e9dicaces si je dois me trimballer un pc portable sur le stand ^^ Le vectoriel, c&#39;est vraiment ma technique favorite. \u00c7a permet d&#39;avoir une coh\u00e9rence graphique parfaite sur l&#39;ensemble de mes planches. Et puis, l&#39;encrage \u00e0 l&#39;ancienne, c&#39;est un traumatisme pour ma part. Combien de planches ai-je pu massacrer \u00e0 l&#39;encrage \u00e0 cause de feutres qui marchent plus, qui deviennent \u00e9pais, \u00e0 cause du calque qui gondole\u2026 bref, vive le vectoriel, c&#39;est des emmerdements en moins ! Mais pour les d\u00e9dicaces, je ressortirai mes feutres (j&#39;ai plut\u00f4t int\u00e9r\u00eat \u00e0 m&#39;entra\u00eener, moi\u2026) !&#0160;<\/p>\n<p style=\"text-align: justify;\">\n<p style=\"text-align: justify;\"><strong>Quelles sont tes influences graphiques ?<\/strong><\/p>\n<p style=\"text-align: justify;\">D&#39;un point de vue technique, je ne serai pas original : j&#39;ai une grande admiration pour le travail d&#39;Arthur de Pins et Monsieur Z\u2026 Dans un registre plus traditionnel : Franquin, Margerin, Edika, Libon et toute l&#39;\u00e9curie Fluide Glacial. J&#39;aime aussi beaucoup Bilal et Marc-Antoine Mathieu, mais \u00e7a se ressent peut-\u00eatre pas des masses chez Stouf et Jean-Ouf\u2026&#0160;<\/p>\n<p style=\"text-align: justify;\">\n<p style=\"text-align: justify;\"><strong>Combien de temps passes-tu sur les blogs des autres ?<\/strong><\/p>\n<p style=\"text-align: justify;\">Environ 25 mn par jour ; merci aux sites du genre <a class=\"vt-p\" href=\"http:\/\/blogsbd.fr\/\" target=\"_blank\">BlogBD.fr<\/a> pour nous permettre de suivre plus facilement nos blogs favoris !&#0160;<\/p>\n<p style=\"text-align: justify;\">\n<p style=\"text-align: justify;\"><strong>Quels sont ceux dont tu es fan ?<\/strong><\/p>\n<p style=\"text-align: justify;\"><a class=\"vt-p\" href=\"http:\/\/manu-xyz.blogspot.com\/\" target=\"_blank\">Manu XYZ<\/a>, <a class=\"vt-p\" href=\"http:\/\/eliascarpe.over-blog.com\/\" target=\"_blank\">Eliascarpe<\/a> pour la beaut\u00e9 des planches en niveau de gris. <a class=\"vt-p\" href=\"http:\/\/graphistivo.blogspot.com\/\" target=\"_blank\">Stivo<\/a>, pour le style vectoriel, ma\u00eetris\u00e9 avec un plaisir \u00e9vident. <a class=\"vt-p\" href=\"http:\/\/vidberg.blog.lemonde.fr\/\" target=\"_blank\">Vidberg<\/a>, pour l&#39;originalit\u00e9 du concept, la constance graphique et humoristique. <a class=\"vt-p\" href=\"http:\/\/blog.chabd.com\/\" target=\"_blank\">Cha<\/a>, pour le coup de crayon, vif, nerveux et juste, pas si fr\u00e9quent dans les blogs girly ! Alan Barte, Forza Pedro, <a class=\"vt-p\" href=\"http:\/\/monsieurmouk.canalblog.com\/\" target=\"_blank\">Mouk<\/a>, <a class=\"vt-p\" href=\"http:\/\/le-blob-du-tricard.over-blog.com\/\" target=\"_blank\">Gribs<\/a> (le Blob du Tricard) pour les tranches de vies. <a class=\"vt-p\" href=\"http:\/\/ericsalch.over-blog.com\/\" target=\"_blank\">Eric Salch<\/a>, pour le c\u00f4t\u00e9 b\u00eate et m\u00e9chant mais au fond attachant. <a class=\"vt-p\" href=\"http:\/\/www.obion.fr\/\" target=\"_blank\">Obion<\/a> et <a class=\"vt-p\" href=\"http:\/\/missgally.com\/blog\/\" target=\"_blank\">Gally<\/a>, et pas que parce que je suis chauvin ! \u2026 et tant d&#39;autres\u2026&#0160;<\/p>\n<p style=\"text-align: justify;\">\n<p style=\"text-align: justify;\"><strong>As-tu fait des rencontres gr\u00e2ce aux blogs ?<\/strong><\/p>\n<p style=\"text-align: justify;\">Quelques-unes, mais principalement gr\u00e2ce \u00e0 <a class=\"vt-p\" href=\"http:\/\/www.lafraise.com\/\" target=\"_blank\">Lafraise.com<\/a>. Il s&#39;agit, comme vous le savez d\u00e9j\u00e0, d&#39;une communaut\u00e9 de graphistes et de porteurs de jolis ticheurtes, dont j&#39;ai \u00e9t\u00e9 un membre assidu. Les bloggeurs BD ne sont pas majoritaires mais bien pr\u00e9sents : j&#39;ai rencontr\u00e9 lors d&#39;une des soir\u00e9es organis\u00e9es <a class=\"vt-p\" href=\"http:\/\/www.leszillusdemissbean.com\/\" target=\"_blank\">Missbean<\/a> et <a class=\"vt-p\" href=\"http:\/\/www.lordyoyo.com\/\" target=\"_blank\">Lordyoyo<\/a>, et \u00e9galement Arthur de Pins\u2026 Je rajoute par ailleurs, Gally et Obion, qu&#39;il est plus facile de rencontrer pour des raisons g\u00e9ographiques ;-)&#0160;<\/p>\n<p style=\"text-align: justify;\">\n<p style=\"text-align: justify;\"><strong>Es-tu sensible aux commentaires ?<\/strong><\/p>\n<p style=\"text-align: justify;\">Oui, comme n&#39;importe quel m\u00e9galo. Je n&#39;en ai pas \u00e9norm\u00e9ment mais ils sont de tr\u00e8s haute vol\u00e9e et d&#39;une rare pertinence\u2026&#0160;<\/p>\n<p style=\"text-align: justify;\">\n<p style=\"text-align: justify;\"><strong>De mani\u00e8re g\u00e9n\u00e9rale, que penses-tu de la BD num\u00e9rique (\u00e0 lire sur le web, sur iPhone, sur PSP&#8230;) ?<\/strong><\/p>\n<p style=\"text-align: justify;\">Personnellement, je suis plut\u00f4t de la vieille \u00e9cole ; j&#39;aime bien avoir mes beaux albums bien align\u00e9s sur leurs \u00e9tag\u00e8res. Je reste donc attach\u00e9 \u00e0 l&#39;objet-livre, plus que je ne le serais avec un CD de musique par exemple. Malgr\u00e9 la tendance actuelle \u00e0 la d\u00e9mat\u00e9rialisation \u00e0 tout va, je pense que le papier et le num\u00e9rique ont quelques d\u00e9cennies de cohabitation devant eux. Cela dit, s&#39;il s&#39;agit de strips rapides \u00e0 lire, il est tout-\u00e0-fait concevable de les &quot;consommer&quot; sur son iPhone. D&#39;ailleurs, la BD num\u00e9rique permet d&#39;envisager d&#39;autres formes de narration, avec des animations, gifs anim\u00e9s, des liens sur les cases, etc\u2026 Mais pour un album d&#39;une cinquantaine de page, je doute que les ebooks puissent encore rivaliser encore avec l&#39;\u00e9dition papier, du point de vue de la fatigue des yeux. Enfin, je demande \u00e0 voir. Je suis chiant l\u00e0, non ? Une autre question peut-\u00eatre ?\u2026&#0160;<\/p>\n<p style=\"text-align: justify;\">\n<p style=\"text-align: justify;\"><strong>O\u00f9 peut-on voir ton travail en dehors des blogs ?<\/strong><\/p>\n<p style=\"text-align: justify;\">Je fais quelques trucs bien dans mon agence, en \u00e9dition, affichage, mais de l\u00e0 \u00e0 les montrer ici\u2026 ^^ Sinon, des illustrations pour tee r\u00e9alis\u00e9es pour diverses boutiques en ligne ici : <a class=\"vt-p\" href=\"http:\/\/last29.canalblog.com\/albums\/la_fraise\/index.html\" target=\"_blank\">http:\/\/last29.canalblog.com\/albums\/la_fraise\/index.html<\/a> et l\u00e0 : <a class=\"vt-p\" href=\"http:\/\/www.comboutique.com\/shop\/homeboutique-25973.html\" target=\"_blank\">http:\/\/www.comboutique.com\/shop\/homeboutique-25973.html<\/a>&#0160;<\/p>\n<p style=\"text-align: justify;\">\n<p style=\"text-align: justify;\"><strong>As-tu des albums ? Peux-tu nous les pr\u00e9senter ?<\/strong><\/p>\n<p style=\"text-align: justify;\">Pas d&#39;album, rien, que dalle ! Je vais peut-\u00eatre faire quelques tirages chez mon reprographe, qui \u00e9dite des livres \u00e0 l&#39;unit\u00e9. Ce seront donc de v\u00e9ritables collectors, pr\u00e9cipitez-vous pour les acheter !&#0160;<\/p>\n<p style=\"text-align: justify;\">\n<p style=\"text-align: justify;\"><strong>Qu&#39;attends-tu de ta venue au Festiblog ?<\/strong><\/p>\n<p style=\"text-align: justify;\">Rencontrer des blogueurs, des lecteurs, boire des sandwiches, manger des clopes, fumer des bi\u00e8res, draguer Paris, visiter des filles\u2026 je suis pas un gars compliqu\u00e9.&#0160;<\/p>\n<p style=\"text-align: justify;\">\n<p style=\"text-align: justify;\"><strong>Parle-nous d&#39;un truc qui n&#39;a rien \u00e0 voir avec la BD et que tu aimes ?<\/strong><\/p>\n<p style=\"text-align: justify;\">Un bon cin\u00e9, un bon resto, un bon vin, un bon bouquin (plut\u00f4t la SF), une bonne balade en bord de mer avec ma ch\u00e9rie, un bon footing, jouer au ballon avec mes p&#39;tits gars, taper dans une balle, faire du v\u00e9lo, du surf, jouer au boomerang\u2026&#0160;<\/p>\n<p style=\"text-align: justify;\">\n<p style=\"text-align: justify;\"><strong>Un dernier mot ?<\/strong><\/p>\n<p style=\"text-align: justify;\">MONLOGOPLUGRO !&#0160;&#0160;<\/p>\n<p style=\"text-align: justify;\">\n<p style=\"text-align: justify;\">\n<p style=\"text-align: center;\">\n<a class=\"vt-p\" href=\"http:\/\/yannicklejeune.blogs.com\/.a\/6a00d8341c501b53ef0133f392643e970b-pi\" style=\"display: inline;\"><img decoding=\"async\" alt=\"Festiblog_2010-03\" class=\"asset asset-image at-xid-6a00d8341c501b53ef0133f392643e970b \" src=\"https:\/\/www.wedobd.com\/wp-content\/uploads\/2010\/09\/6a00d8341c501b53ef0133f392643e970b-500wi.jpg\" title=\"Festiblog_2010-03\" \/><\/a> <br \/>&#0160;<\/p>\n","protected":false},"excerpt":{"rendered":"<p>C&#8217;est un peu comme la mer sans les vagues, les vagues sans l&#8217;\u00e9cume, l&#8217;\u00e9cume sans le sel, le sel sans le poivre. Notre 63e invit\u00e9 est le Stouf dans Stouf &#038; Jean-Ouf. Il nous arrive de Bretagne pour son premier Festiblog, bienvenue \u00e0 LAST !<\/p>\n","protected":false},"author":3,"featured_media":0,"comment_status":"open","ping_status":"open","sticky":false,"template":"","format":"standard","meta":{"footnotes":""},"categories":[26,47],"tags":[409,410],"class_list":["post-531","post","type-post","status-publish","format-standard","hentry","category-02-le-festival-de-2005-a-2013","category-03-interviews-de-blogueurs-bd","tag-last","tag-stouf-et-jean-ouf"],"_links":{"self":[{"href":"https:\/\/www.wedobd.com\/index.php?rest_route=\/wp\/v2\/posts\/531","targetHints":{"allow":["GET"]}}],"collection":[{"href":"https:\/\/www.wedobd.com\/index.php?rest_route=\/wp\/v2\/posts"}],"about":[{"href":"https:\/\/www.wedobd.com\/index.php?rest_route=\/wp\/v2\/types\/post"}],"author":[{"embeddable":true,"href":"https:\/\/www.wedobd.com\/index.php?rest_route=\/wp\/v2\/users\/3"}],"replies":[{"embeddable":true,"href":"https:\/\/www.wedobd.com\/index.php?rest_route=%2Fwp%2Fv2%2Fcomments&post=531"}],"version-history":[{"count":1,"href":"https:\/\/www.wedobd.com\/index.php?rest_route=\/wp\/v2\/posts\/531\/revisions"}],"predecessor-version":[{"id":3555,"href":"https:\/\/www.wedobd.com\/index.php?rest_route=\/wp\/v2\/posts\/531\/revisions\/3555"}],"wp:attachment":[{"href":"https:\/\/www.wedobd.com\/index.php?rest_route=%2Fwp%2Fv2%2Fmedia&parent=531"}],"wp:term":[{"taxonomy":"category","embeddable":true,"href":"https:\/\/www.wedobd.com\/index.php?rest_route=%2Fwp%2Fv2%2Fcategories&post=531"},{"taxonomy":"post_tag","embeddable":true,"href":"https:\/\/www.wedobd.com\/index.php?rest_route=%2Fwp%2Fv2%2Ftags&post=531"}],"curies":[{"name":"wp","href":"https:\/\/api.w.org\/{rel}","templated":true}]}}