{"id":54,"date":"2013-11-05T14:02:30","date_gmt":"2013-11-05T13:02:30","guid":{"rendered":"https:\/\/www.wedobd.com\/?p=54"},"modified":"2025-09-29T14:15:33","modified_gmt":"2025-09-29T12:15:33","slug":"prix-du-blog-2014","status":"publish","type":"post","link":"https:\/\/www.wedobd.com\/?p=54","title":{"rendered":"R\u00e9v\u00e9lation Blog 2014 : une \u00e9dition monstrueuse"},"content":{"rendered":"<p><strong>Chaque ann\u00e9e, le Festival International de la Bande Dessin\u00e9e d&#39;Angoul\u00eame s&#39;associe aux \u00e9ditions VRAOUM pour organiser le concours <a href=\"http:\/\/warum.us1.list-manage.com\/track\/click?u=85861c6d3819b0bb3a0ef2bb1&amp;id=238c7d8683&amp;e=bb45b076dc\" target=\"_blank\">R\u00e9v\u00e9lation Blog<\/a>. Ce concours r\u00e9compense un auteur encore non \u00e9dit\u00e9 sur papier dont le travail est publi\u00e9 en ligne.&#0160;<\/strong><\/p>\n<p><strong>Tremblez internautes, car, cette ann\u00e9e encore ELLE arrive !<\/strong><\/p>\n<p>&#0160;<\/p>\n<p style=\"text-align: center;\"><a class=\"asset-img-link\" href=\"http:\/\/yannicklejeune.blogs.com\/.a\/6a00d8341c501b53ef019b00b02a97970b-popup\" onclick=\"window.open( this.href, &#39;_blank&#39;, &#39;width=640,height=480,scrollbars=no,resizable=no,toolbar=no,directories=no,location=no,menubar=no,status=no,left=0,top=0&#39; ); return false\" style=\"display: inline;\"><img decoding=\"async\" alt=\"Affiche-RevBlog2014-Elosterv\" class=\"asset  asset-image at-xid-6a00d8341c501b53ef019b00b02a97970b\" src=\"https:\/\/www.wedobd.com\/wp-content\/uploads\/2013\/11\/6a00d8341c501b53ef019b00b02a97970b-450wi.jpg\" style=\"width: 450px; display: block; margin-left: auto; margin-right: auto;\" title=\"Affiche-RevBlog2014-Elosterv\" \/><\/a><em>Affiche r\u00e9alis\u00e9e par <a href=\"http:\/\/elosterv.blogspot.fr\/\" target=\"_blank\">Elosterv<\/a><\/em><\/p>\n<p>&#0160;<\/p>\n<p>Entour\u00e9e d&#39;une nu\u00e9e de sbires au teint p\u00e2le, aux yeux caves, arm\u00e9s de souris et de stylets, voil\u00e0 \u00e0 nouveau la <strong>R\u00e9v\u00e9lation Blog<\/strong>!<\/p>\n<p>Cette ann\u00e9e, ce sera monstrueux puisque c&#39;est sous le th\u00e8me des monstres en tout genre que vous d\u00e9couvrirez les talents encore in\u00e9dits de la sph\u00e8re Internet, blogs et autres webcomics.&#0160;Les inscriptions sont ouvertes depuis le<strong>&#0160;premier novembre, jour des morts<\/strong>, juqu&#39;au <strong>VENDREDI 13<\/strong> d\u00e9cembre&#8230; Des dates qui font froid dans le dos.<\/p>\n<p> Cette ann\u00e9e, outre les fid\u00e8les partenaires de l&#39;\u00e9v\u00e8nement <strong><a href=\"http:\/\/www.vraoum.eu\/\" target=\"_blank\">VRAOUM<\/a><\/strong>, Le <strong>Festiblog<\/strong>, <strong><a href=\"http:\/\/espritbd.fr\/\" target=\"_blank\">Esprit BD<\/a><\/strong> et <strong><a href=\"http:\/\/blogsbd.fr\/\" target=\"_blank\">blogsbd.fr<\/a>,<\/strong> la R\u00e9v\u00e9lation Blog accueille la plate-forme <strong><a href=\"http:\/\/www.mauvaisesprit.com\/\" target=\"_blank\">Mauvais Esprit<\/a> <\/strong>dont les auteurs publient de l&#39;humour de bon aloi, parmi lesquels on peut retrouver bon nombre de talents issus du blog (mais pas que) : <strong>James, Boris Miroir, Terreur Graphique, Pochep, Clement Fabre&#8230;<\/strong><\/p>\n<p>&#0160;<\/p>\n<p style=\"text-align: center;\"><a class=\"asset-img-link\" href=\"http:\/\/yannicklejeune.blogs.com\/.a\/6a00d8341c501b53ef019b00b004bd970c-popup\" onclick=\"window.open( this.href, &#39;_blank&#39;, &#39;width=640,height=480,scrollbars=no,resizable=no,toolbar=no,directories=no,location=no,menubar=no,status=no,left=0,top=0&#39; ); return false\" style=\"display: inline;\"><img decoding=\"async\" alt=\"Monstre1\" border=\"0\" class=\"asset  asset-image at-xid-6a00d8341c501b53ef019b00b004bd970c\" src=\"https:\/\/www.wedobd.com\/wp-content\/uploads\/2013\/11\/6a00d8341c501b53ef019b00b004bd970c-800wi.jpg\" title=\"Monstre1\" \/><\/a><\/p>\n<p> <strong>COMMENT \u00c7A SE PASSE, DEJA ?<\/strong><br \/> Apr\u00e8s une phase d&#39;inscription, le jury choisira trente auteurs de bd en ligne pour lesquels le public pourra voter.<\/p>\n<p> <strong>Pendant un mois et demie, les internautes vont pouvoir quotidiennement donner leur suffrage <\/strong>pour celui des blogueurs qui les fera le plus trembler&#8230; (ou pour leur copain, s&#39;ils sont de parti pris).<\/p>\n<p> Une fois cette phase de vote pass\u00e9, le jury choisira, parmi les candidats ayant lev\u00e9 le plus de suffrage trois farfadets qui seront invit\u00e9s par le Monstrueux <a href=\"http:\/\/www.bdangouleme.com\/\" target=\"_blank\">Festival International d&#39;Angoul\u00eame<\/a> pour assiter \u00e0 une effrayante soir\u00e9e d\u00e9guis\u00e9e au cours de laquelle les jury donnera l&#39;ordre final.<\/p>\n<p> Les trois affreux auront la joie diabolique d&#39;\u00eatre aussi invit\u00e9 au Festiblog, une sorte de sombre Sabbat de la toile, le premier dauphin (ou la premi\u00e8re Dauphine) aura la possibilit\u00e9 de publier dans <strong>Mauvais Esprit<\/strong>, la terrible revue d&#39;humour en ligne, et le laur\u00e9at pourra lui publier s&#39;il le souhaite une bd effroyable chez un \u00e9diteur dantesque, <strong>Vraoum!<\/strong><\/p>\n<p> Cette ann\u00e9e, nous vous promettons du frisson, des dents qui grincent, des draps qui volent, du ketchup partout et, si tout va bien, quelques belles d\u00e9couvertes.<\/p>\n<p> Rappelons que le concours est ouvert \u00e0 tout blogueur bd de plus de 17 ans n&#39;ayant jamais publi\u00e9 et r\u00e9sidant en France et dans les environs (Suisse, Belgique), le gagnant ayant la possibilit\u00e9 de faire un livre chez <a href=\"http:\/\/warum.us1.list-manage.com\/track\/click?u=85861c6d3819b0bb3a0ef2bb1&amp;id=ede8e09306&amp;e=bb45b076dc\" target=\"_blank\"><strong>VRAOUM!<\/strong><\/a><\/p>\n<p> <strong>Ouverture des inscriptions<\/strong> : du vendredi 1 novembre au vendredi 13 d\u00e9cembre 2013<\/p>\n<p><strong>Annonce des 30 pr\u00e9s\u00e9lectionn\u00e9s<\/strong> : lundi 16 d\u00e9cembre 2013<\/p>\n<p><strong>Votes des internautes<\/strong> : du jeudi 19 d\u00e9cembre 2013 au jeudi 16 janvier 2014<\/p>\n<p><strong>Annonce des trois finalistes<\/strong> : 1e lundi 13 janvier 2014<\/p>\n<p><strong>Remise des prix<\/strong> : vendredi 31 janvier 2014<\/p>\n<p>&#0160;<\/p>\n<p><strong><span style=\"text-decoration: underline;\">LE JURY<\/span><\/strong><\/p>\n<p> Cette ann\u00e9e le jury est compos\u00e9, comme chaque ann\u00e9e de blogueurs \u00e9m\u00e9rites, en l&#39;occurence <strong>JAMES<\/strong>, co-fondateur du blog <a href=\"http:\/\/warum.us1.list-manage1.com\/track\/click?u=85861c6d3819b0bb3a0ef2bb1&amp;id=05f540ebcb&amp;e=bb45b076dc\" target=\"_blank\"><strong>OTTOPROD<\/strong><\/a> avec son sbire <strong>BORIS MIROIR<\/strong>, ainsi que de la plate-forme <a href=\"http:\/\/warum.us1.list-manage.com\/track\/click?u=85861c6d3819b0bb3a0ef2bb1&amp;id=bf0b0d81d7&amp;e=bb45b076dc\" target=\"_blank\"><strong>MAUVAIS ESPRIT<\/strong><\/a>, dont il est cette ann\u00e9e le repr\u00e9sentant officiel.<\/p>\n<p> On retrouve aussi dans le jury les laur\u00e9ats de l&#39;an pass\u00e9 ainsi que les repr\u00e9sentants des partenaires du concours :<a href=\"http:\/\/warum.us1.list-manage1.com\/track\/click?u=85861c6d3819b0bb3a0ef2bb1&amp;id=b6a36eadc7&amp;e=bb45b076dc\" target=\"_blank\"> la plateforme <strong>Esprit BD<\/strong><\/a>, l&#39;agr\u00e9gateur <a href=\"http:\/\/warum.us1.list-manage.com\/track\/click?u=85861c6d3819b0bb3a0ef2bb1&amp;id=8d61ba9468&amp;e=bb45b076dc\" target=\"_blank\"><strong>BLOGSBD.fr<\/strong><\/a>, le <strong>Festiblog<\/strong>, <a href=\"http:\/\/warum.us1.list-manage1.com\/track\/click?u=85861c6d3819b0bb3a0ef2bb1&amp;id=0354d1fa19&amp;e=bb45b076dc\" target=\"_blank\"><strong>Vraoum <\/strong><\/a>et bien entendu un repr\u00e9sentant du <strong>Festival International de la Bande Dessin\u00e9e.<\/strong><strong><\/p>\n<p> <strong>Pour en savoir plus sur les membres du jury, il vous suffit de vous rendre sur <\/strong><\/strong><strong>la page <a href=\"http:\/\/prixdublog.com\/jury-et-reglement.html\" target=\"_blank\">JURY<\/a> du site.<\/strong><\/p>\n<p>&#0160;<\/p>\n<p style=\"text-align: justify;\"><strong> <a class=\"asset-img-link\" href=\"http:\/\/yannicklejeune.blogs.com\/.a\/6a00d8341c501b53ef019b00b03a88970b-popup\" onclick=\"window.open( this.href, &#39;_blank&#39;, &#39;width=640,height=480,scrollbars=no,resizable=no,toolbar=no,directories=no,location=no,menubar=no,status=no,left=0,top=0&#39; ); return false\" style=\"display: inline;\"><img decoding=\"async\" alt=\"Monstre2\" border=\"0\" class=\"asset  asset-image at-xid-6a00d8341c501b53ef019b00b03a88970b\" src=\"https:\/\/www.wedobd.com\/wp-content\/uploads\/2013\/11\/6a00d8341c501b53ef019b00b03a88970b-800wi.jpg\" title=\"Monstre2\" \/><\/a><\/p>\n<p> <\/strong><\/p>\n<p> Chaque ann\u00e9e, le concours a un th\u00e8me, cette ann\u00e9e, le th\u00e8me sera<strong> <a href=\"http:\/\/warum.us1.list-manage.com\/track\/click?u=85861c6d3819b0bb3a0ef2bb1&amp;id=1ba77c306e&amp;e=bb45b076dc\" target=\"_blank\">LE BLOGUEUR MONSTRE.<\/p>\n<p> Nouveaut\u00e9 :<\/a><\/strong> Normalement r\u00e9serv\u00e9 aux blogueurs r\u00e9sidant en France, Belgique ou Suisse, cette ann\u00e9e le concours de la r\u00e9v\u00e9lation Blog s&#39;ouvre aux blogueurs pouvant se rendre sur le territoire fran\u00e7ais durant le festival d&#39;Angoul\u00eame. Dans ce cas, le festival inviteraient les blogueurs s\u00e9lectionn\u00e9s \u00e0 partir de leur lieu de r\u00e9sidence fran\u00e7ais, quand bien m\u00eame ils publieraient depuis l&#39;\u00e9tranger.<\/p>\n<p> Rappelons enfin que la <strong>R\u00e9v\u00e9lation Blog <\/strong>finit par une monstrueuse soir\u00e9e d\u00e9guis\u00e9e (dont l&#39;entr\u00e9e est strictement limit\u00e9e aux gens costum\u00e9s) qui a la r\u00e9putation, \u00e0 juste titre, d&#39;\u00eatre la meilleure soir\u00e9e du festival d&#39;Angoul\u00eame&#8230;<\/p>\n<p style=\"text-align: justify;\"> <strong>Alors \u00e0 vos cornes, dents, griffes et tentacules !<\/strong><\/p>\n<p style=\"text-align: justify;\"><strong>&#0160;<\/strong><\/p>\n<p style=\"text-align: center;\"><span style=\"font-size: 18pt;\"><strong><a href=\"http:\/\/prixdublog.com\/\" target=\"_self\">www.prixdublog.com<\/a><\/strong><\/span><\/p>\n","protected":false},"excerpt":{"rendered":"<p>Chaque ann\u00e9e, le Festival International de la Bande Dessin\u00e9e d&#8217;Angoul\u00eame s&#8217;associe aux \u00e9ditions VRAOUM pour organiser le concours R\u00e9v\u00e9lation Blog. Ce concours r\u00e9compense un auteur encore non \u00e9dit\u00e9 sur papier dont le travail est publi\u00e9 en ligne.<\/p>\n","protected":false},"author":3,"featured_media":0,"comment_status":"open","ping_status":"closed","sticky":false,"template":"","format":"standard","meta":{"footnotes":""},"categories":[2],"tags":[34],"class_list":["post-54","post","type-post","status-publish","format-standard","hentry","category-04-actualite-blogs-et-bd","tag-a-6a00d8341c501b53ef01bb086b5a5a970d-pi"],"_links":{"self":[{"href":"https:\/\/www.wedobd.com\/index.php?rest_route=\/wp\/v2\/posts\/54","targetHints":{"allow":["GET"]}}],"collection":[{"href":"https:\/\/www.wedobd.com\/index.php?rest_route=\/wp\/v2\/posts"}],"about":[{"href":"https:\/\/www.wedobd.com\/index.php?rest_route=\/wp\/v2\/types\/post"}],"author":[{"embeddable":true,"href":"https:\/\/www.wedobd.com\/index.php?rest_route=\/wp\/v2\/users\/3"}],"replies":[{"embeddable":true,"href":"https:\/\/www.wedobd.com\/index.php?rest_route=%2Fwp%2Fv2%2Fcomments&post=54"}],"version-history":[{"count":1,"href":"https:\/\/www.wedobd.com\/index.php?rest_route=\/wp\/v2\/posts\/54\/revisions"}],"predecessor-version":[{"id":1568,"href":"https:\/\/www.wedobd.com\/index.php?rest_route=\/wp\/v2\/posts\/54\/revisions\/1568"}],"wp:attachment":[{"href":"https:\/\/www.wedobd.com\/index.php?rest_route=%2Fwp%2Fv2%2Fmedia&parent=54"}],"wp:term":[{"taxonomy":"category","embeddable":true,"href":"https:\/\/www.wedobd.com\/index.php?rest_route=%2Fwp%2Fv2%2Fcategories&post=54"},{"taxonomy":"post_tag","embeddable":true,"href":"https:\/\/www.wedobd.com\/index.php?rest_route=%2Fwp%2Fv2%2Ftags&post=54"}],"curies":[{"name":"wp","href":"https:\/\/api.w.org\/{rel}","templated":true}]}}