{"id":5437,"date":"2005-10-07T14:13:27","date_gmt":"2005-10-07T12:13:27","guid":{"rendered":"https:\/\/www.wedobd.com\/?p=5437"},"modified":"2025-09-29T16:06:51","modified_gmt":"2025-09-29T14:06:51","slug":"calendrier_des_","status":"publish","type":"post","link":"https:\/\/www.wedobd.com\/?p=5437","title":{"rendered":"Calendrier des mises \u00e0 jour"},"content":{"rendered":"<p>Comme je vous l&#8217;avais indiqu\u00e9 ce blog va continuer jusqu&#8217;\u00e0 la prochaine \u00e9dition du Festival pr\u00e9vue pour &quot;on sait pas encore quand en 2006 mais on commence \u00e0 en avoir une bonne id\u00e9e&quot; vous serez les premiers au courant \ud83d\ude42<\/p>\n<p>En attendant voici le planning des mises \u00e0 jours pour les semaines \u00e0 venir :<\/p>\n<p><strong>&#8211; lundi : <\/strong>les nouveaux \u00e9pisodes du cadavre exquis, notamment ceux faits pendant le festival<\/p>\n<p><strong>&#8211; mardi, jeudi et samedi : <\/strong>interview de blogger<\/p>\n<p><strong>&#8211; mercredi : <\/strong>journal des sorties o\u00f9 l&#8217;on parlera des albums &quot;papier&quot; des bloggers<\/p>\n<p><strong>&#8211; vendredi : <\/strong>dessins, infos, des trucs divers et parfois rien&#8230;<\/p>\n<p><strong>&#8211; dimanche : <\/strong>repos<\/p>\n<p><strong>Voila, voila et comme on est vendredi, je vous quitte sur un message de <\/strong><a href=\"http:\/\/www.wartmag.com\/\"><strong>l&#8217;\u00e9quipe de W&#8217;art<\/strong><\/a><strong>, un bon webzine dans lequel on retrouve notamment Cubik et Grelin :<\/strong><\/p>\n<p><a onclick=\"window.open(this.href, '_blank', 'width=595,height=842,scrollbars=no,resizable=no,toolbar=no,directories=no,location=no,menubar=no,status=no,left=0,top=0'); return false\" href=\"http:\/\/yannicklejeune.blogs.com\/.shared\/image.html?\/photos\/uncategorized\/wartgold.jpg\"><img loading=\"lazy\" decoding=\"async\" title=\"Wartgold\" height=\"212\" alt=\"Wartgold\" src=\"https:\/\/www.wedobd.com\/wp-content\/uploads\/2005\/10\/wartgold.jpg\" width=\"150\" border=\"0\" style=\"FLOAT: left; MARGIN: 0px 5px 5px 0px\" \/><\/a><\/p>\n<p>Artikzone\u2026 Rappelez-vous le mois de f\u00e9vrier 2004. Le premier webzine PDF sur l\u2019actualit\u00e9 de la bande dessin\u00e9e sortait sur la toile au rythme de deux num\u00e9ros par mois. Pr\u00e9s d\u2019un an et demi apr\u00e8s, de nouveaux webzines consacr\u00e9s au 9e art ont vu le jour. <\/p>\n<div><\/div>\n<p>Artikzone, en plus de son rythme de parution de plus en plus al\u00e9atoire, avait un peu perdu de son originalit\u00e9 et se devait de r\u00e9agir.<\/p>\n<div>Pour cela, nous vous proposons W\u2019Art. Consolid\u00e9 dans la continuit\u00e9, notre nouveau webzine s\u2019ouvre aux mondes graphiques du jeu vid\u00e9o, de l\u2019animation, de la musique, mais aussi du merchandising, de l\u2019illustration et j\u2019en passe ! W\u2019Art, c\u2019est chaque mois, un concentr\u00e9 d\u2019infos, d\u2019interviews, de chroniques, avec un regard intransigeant. <strong><\/strong><\/p>\n<div><strong><\/strong><br \/>Artikzone est mort, vive W\u2019Art !<\/p>\n<div style=\"TEXT-ALIGN: center\"><\/div>\n<\/div>\n<div><\/div>\n<div>Libre !<\/div>\n<div>Maquette \u00e9pur\u00e9e, actu trait\u00e9e \u00e0 froid pour privil\u00e9gier l\u2019analyse et le fond, ton sans concession, W\u2019Art joue aussi sur sa libert\u00e9 et son ind\u00e9pendance totale pour traiter de sujets non abord\u00e9s par la presse papier.<\/div>\n<div><\/div>\n<div><a href=\"http:\/\/www.wartmag.com\/index.php?option=com_remository&amp;Itemid=49&amp;func=fileinfo&amp;id=17\">Et c&#8217;est \u00e0 t\u00e9l\u00e9charger ici !<\/a><\/div>\n<\/div>\n","protected":false},"excerpt":{"rendered":"<p>Comme je vous l&#8217;avais indiqu\u00e9 ce blog va continuer jusqu&#8217;\u00e0 la prochaine \u00e9dition du Festival pr\u00e9vue pour &quot;on sait pas encore quand en 2006 mais on commence \u00e0 en avoir une bonne id\u00e9e&quot; vous serez les premiers au courant \ud83d\ude42 En attendant voici le planning des mises \u00e0 jours pour les semaines \u00e0 venir : [&hellip;]<\/p>\n","protected":false},"author":4,"featured_media":0,"comment_status":"open","ping_status":"open","sticky":false,"template":"","format":"standard","meta":{"footnotes":""},"categories":[26],"tags":[782,273,457,783],"class_list":["post-5437","post","type-post","status-publish","format-standard","hentry","category-02-le-festival-de-2005-a-2013","tag-artikzone","tag-blogs-bd","tag-festival-des-blogs-bd","tag-wart"],"_links":{"self":[{"href":"https:\/\/www.wedobd.com\/index.php?rest_route=\/wp\/v2\/posts\/5437","targetHints":{"allow":["GET"]}}],"collection":[{"href":"https:\/\/www.wedobd.com\/index.php?rest_route=\/wp\/v2\/posts"}],"about":[{"href":"https:\/\/www.wedobd.com\/index.php?rest_route=\/wp\/v2\/types\/post"}],"author":[{"embeddable":true,"href":"https:\/\/www.wedobd.com\/index.php?rest_route=\/wp\/v2\/users\/4"}],"replies":[{"embeddable":true,"href":"https:\/\/www.wedobd.com\/index.php?rest_route=%2Fwp%2Fv2%2Fcomments&post=5437"}],"version-history":[{"count":1,"href":"https:\/\/www.wedobd.com\/index.php?rest_route=\/wp\/v2\/posts\/5437\/revisions"}],"predecessor-version":[{"id":6917,"href":"https:\/\/www.wedobd.com\/index.php?rest_route=\/wp\/v2\/posts\/5437\/revisions\/6917"}],"wp:attachment":[{"href":"https:\/\/www.wedobd.com\/index.php?rest_route=%2Fwp%2Fv2%2Fmedia&parent=5437"}],"wp:term":[{"taxonomy":"category","embeddable":true,"href":"https:\/\/www.wedobd.com\/index.php?rest_route=%2Fwp%2Fv2%2Fcategories&post=5437"},{"taxonomy":"post_tag","embeddable":true,"href":"https:\/\/www.wedobd.com\/index.php?rest_route=%2Fwp%2Fv2%2Ftags&post=5437"}],"curies":[{"name":"wp","href":"https:\/\/api.w.org\/{rel}","templated":true}]}}