{"id":5453,"date":"2005-09-21T22:00:00","date_gmt":"2005-09-21T20:00:00","guid":{"rendered":"https:\/\/www.wedobd.com\/?p=5453"},"modified":"2025-09-29T16:07:38","modified_gmt":"2025-09-29T14:07:38","slug":"allan_barte","status":"publish","type":"post","link":"https:\/\/www.wedobd.com\/?p=5453","title":{"rendered":"Interview d&#8217;Allan Barte"},"content":{"rendered":"<p><a href=\"http:\/\/yannicklejeune.blogs.com\/.shared\/image.html?\/photos\/uncategorized\/couv_victor.png\" onclick=\"window.open(this.href, '_blank', 'width=540,height=756,scrollbars=no,resizable=no,toolbar=no,directories=no,location=no,menubar=no,status=no,left=0,top=0'); return false\"><img loading=\"lazy\" decoding=\"async\" width=\"200\" height=\"280\" border=\"0\" alt=\"Couverture La vie du lutin\" title=\"Couverture La vie du lutin\" src=\"https:\/\/www.wedobd.com\/wp-content\/uploads\/2005\/09\/couv_victor.png\" style=\"margin: 0px 5px 5px 0px; float: left;\" \/><\/a>Le site Abdel-Inn propose <a href=\"http:\/\/zine.abdel-inn.com\/article.php3?id_article=155\">une nouvelle interview d&#8217;Allan Barte<\/a>, l&#8217;auteur de la vie du lutin men\u00e9e par Jif, on y d\u00e9couvre en exclusivit\u00e9 la couverture de l&#8217;album (bon d&#8217;accord je l&#8217;ai reprise ici). A lire pour parfaire votre connaissance de l&#8217;auteur rep\u00e9r\u00e9 par Trondheim et Spirou et pour plus d&#8217;infos sur son album \u00e0 para\u00eetre chez Delcourt.<\/p>\n","protected":false},"excerpt":{"rendered":"<p>Le site Abdel-Inn propose une nouvelle interview d&#8217;Allan Barte, l&#8217;auteur de la vie du lutin men\u00e9e par Jif, on y d\u00e9couvre en exclusivit\u00e9 la couverture de l&#8217;album (bon d&#8217;accord je l&#8217;ai reprise ici). A lire pour parfaire votre connaissance de l&#8217;auteur rep\u00e9r\u00e9 par Trondheim et Spirou et pour plus d&#8217;infos sur son album \u00e0 para\u00eetre [&hellip;]<\/p>\n","protected":false},"author":4,"featured_media":0,"comment_status":"open","ping_status":"open","sticky":false,"template":"","format":"standard","meta":{"footnotes":""},"categories":[2],"tags":[352,792,793],"class_list":["post-5453","post","type-post","status-publish","format-standard","hentry","category-04-actualite-blogs-et-bd","tag-allan-barte","tag-la-vie-du-lutin","tag-victor"],"_links":{"self":[{"href":"https:\/\/www.wedobd.com\/index.php?rest_route=\/wp\/v2\/posts\/5453","targetHints":{"allow":["GET"]}}],"collection":[{"href":"https:\/\/www.wedobd.com\/index.php?rest_route=\/wp\/v2\/posts"}],"about":[{"href":"https:\/\/www.wedobd.com\/index.php?rest_route=\/wp\/v2\/types\/post"}],"author":[{"embeddable":true,"href":"https:\/\/www.wedobd.com\/index.php?rest_route=\/wp\/v2\/users\/4"}],"replies":[{"embeddable":true,"href":"https:\/\/www.wedobd.com\/index.php?rest_route=%2Fwp%2Fv2%2Fcomments&post=5453"}],"version-history":[{"count":1,"href":"https:\/\/www.wedobd.com\/index.php?rest_route=\/wp\/v2\/posts\/5453\/revisions"}],"predecessor-version":[{"id":6965,"href":"https:\/\/www.wedobd.com\/index.php?rest_route=\/wp\/v2\/posts\/5453\/revisions\/6965"}],"wp:attachment":[{"href":"https:\/\/www.wedobd.com\/index.php?rest_route=%2Fwp%2Fv2%2Fmedia&parent=5453"}],"wp:term":[{"taxonomy":"category","embeddable":true,"href":"https:\/\/www.wedobd.com\/index.php?rest_route=%2Fwp%2Fv2%2Fcategories&post=5453"},{"taxonomy":"post_tag","embeddable":true,"href":"https:\/\/www.wedobd.com\/index.php?rest_route=%2Fwp%2Fv2%2Ftags&post=5453"}],"curies":[{"name":"wp","href":"https:\/\/api.w.org\/{rel}","templated":true}]}}