{"id":5454,"date":"2005-09-21T16:00:00","date_gmt":"2005-09-21T14:00:00","guid":{"rendered":"https:\/\/www.wedobd.com\/?p=5454"},"modified":"2025-09-29T16:07:42","modified_gmt":"2025-09-29T14:07:42","slug":"emilie_decrock","status":"publish","type":"post","link":"https:\/\/www.wedobd.com\/?p=5454","title":{"rendered":"Interview d&#8217;Emilie Decrock"},"content":{"rendered":"<p><strong><span style=\"color: #660000;\">Aujourd&#8217;hui place \u00e0 <a href=\"http:\/\/emiliedecrock.free.fr\/blog\/\">Emilie Decrock<\/a> <\/span><span style=\"color: #660000;\">, une jeune dessinatrice coloriste qui devrait plaire aux amateurs de blondes &#8230;<br \/><\/span><\/strong><\/p>\n<p><strong><span style=\"color: #660000;\"><a onclick=\"window.open(this.href, '_blank', 'width=480,height=732,scrollbars=yes,resizable=no,toolbar=no,directories=no,location=no,menubar=no,status=no,left=0,top=0'); return false\" href=\"http:\/\/yannicklejeune.blogs.com\/.shared\/image.html?\/photos\/uncategorized\/bienvenue.jpg\"><img loading=\"lazy\" decoding=\"async\" width=\"280\" height=\"427\" border=\"0\" src=\"https:\/\/www.wedobd.com\/wp-content\/uploads\/2005\/09\/bienvenue.jpg\" title=\"Bienvenue\" alt=\"Bienvenue\" style=\"margin: 0px 0px 5px 5px; float: right;\" \/><\/a>Comment as-tu commenc\u00e9 \u00e0 dessiner ?<br \/><\/span><\/strong><\/p>\n<p> Ooh et bien comme tout le monde j&#8217;imagine, depuis toujours ! Ah !\u2026si je pouvais<br \/>\nme souvenir de la rencontre avec mon premier crayon\u2026Le pauvre, il a d\u00fb \u00eatre bien<br \/>\nmalmen\u00e9 hihihihi<\/p>\n<p><strong><span style=\"color: #660000;\">As-tu suivi des cours de dessin ou une formation artistique ?<br \/><\/span><\/strong><\/p>\n<p>Effectivement, mes \u00e9tudes se sont orient\u00e9es tout naturellement dans ce<br \/>\nsens.<br \/>Apr\u00e8s un BAC Litt\u00e9raire Arts Plastiques, j&#8217;ai rebondi sur un BTS de<br \/>\nd\u00e9coration.<br \/>Je suis ravie d&#8217;avoir suivi ce cursus car j&#8217;y ai beaucoup appris<br \/>\nen &quot;perspective&quot; et &quot;gestion des couleurs&quot;. <\/p>\n<p><strong><span style=\"color: #660000;\">Peux-tu pr\u00e9senter ton blog ?<br \/><\/span><\/strong><\/p>\n<p>Oula, il n&#8217;a pas de nom euh alors\u2026<br \/>Yannick, j&#8217;te pr\u00e9sente le blog\u2026. Le<br \/>\nblog voici Yannick !<\/p>\n<p><!--more--><\/p>\n<p><strong><span style=\"color: #660000;\">Comment en es-tu venu \u00e0 blogguer ?<br \/><\/span><\/strong><\/p>\n<p>H\u00e9h\u00e9\u00e9 de force !<br \/>J&#8217;ai des amis qui en d\u00e9veloppant mon site m&#8217;ont rattach\u00e9 un<br \/>\nblog.<br \/>J&#8217;\u00e9tais dans tous mes \u00e9tats, je ne savais m\u00eame pas ce que j&#8217;allais<br \/>\nfaire de cet outil.<br \/>Internet et moi, \u00e7a faisait 2.<br \/>Apr\u00e8s quelques billets<br \/>\ncrayonn\u00e9s , je me suis laiss\u00e9e prendre au jeu.<br \/>Aujourd&#8217;hui, je ne le regrette<br \/>\npas et j&#8217;ai m\u00eame retir\u00e9 ma plainte pour harc\u00e8lement moral hihihi . <\/p>\n<p><strong><span style=\"color: #660000;\"><a onclick=\"window.open(this.href, '_blank', 'width=480,height=716,scrollbars=yes,resizable=no,toolbar=no,directories=no,location=no,menubar=no,status=no,left=0,top=0'); return false\" href=\"http:\/\/yannicklejeune.blogs.com\/.shared\/image.html?\/photos\/uncategorized\/retourvacances.jpg\"><img loading=\"lazy\" decoding=\"async\" width=\"280\" height=\"417\" border=\"0\" src=\"https:\/\/www.wedobd.com\/wp-content\/uploads\/2005\/09\/retourvacances.jpg\" title=\"Retourvacances\" alt=\"Retourvacances\" style=\"margin: 0px 5px 5px 0px; float: left;\" \/><\/a>Quel est ton objectif premier quand tu bloggues ?<br \/><\/span><\/strong><\/p>\n<p> Dessiner, \u00e9changer, apprendre.<br \/>Je me sers du blog comme d&#8217;une zone<br \/>\nd&#8217;apprentissage.<br \/>J&#8217;y montre par exemple mes premiers pas en colo info.<br \/>Il<br \/>\nest exclusivement r\u00e9serv\u00e9 \u00e0 l&#8217;illustration et \u00e0 la Bd contrairement \u00e0 mon site.<\/p>\n<p><strong><span style=\"color: #660000;\">Quel \u00e9tait ton public cible au d\u00e9marrage ?<br \/><\/span><\/strong><\/p>\n<p> Aucun. Souviens-toi ! on m&#8217;a forc\u00e9e hi hi<\/p>\n<p><strong><span style=\"color: #660000;\">Quels sont tes lecteurs aujourd&#8217;hui ?<br \/><\/span><\/strong><\/p>\n<p>Il y a toujours les rencontres des premiers jours qui continuent \u00e0 me<br \/>\nsoutenir, auxquelles se sont ajout\u00e9es de nouvelles &quot;rencontres blogguestes&quot;&#8230;et<br \/>\nm\u00eame des inconnus qui me laissent r\u00e9guli\u00e8rement leurs impressions ; c&#8217;est tr\u00e8s<br \/>\nmotivant tout \u00e7a. <\/p>\n<p><strong><span style=\"color: #660000;\">Combien de temps passes-tu sur tes notes (par jour\/par semaine) ?<br \/><\/span><\/strong><\/p>\n<p>Difficile \u00e0 dire . J&#8217;essaie de mettre \u00e0 jour le blog environ une fois par<br \/>\nsemaine et donc cela va d\u00e9pendre du billet. Si c&#8217;est un &#8216;ti crayonn\u00e9, c&#8217;est<br \/>\nrapide. S&#8217;il s&#8217;agit d&#8217;une illustration en couleur, elle ne sera en ligne<br \/>\nqu&#8217;apr\u00e8s un minimum de satisfaction. Alors l\u00e0, \u00e7a peut donc durer tr\u00e8s<br \/>\nlongtemps ^^.<\/p>\n<p><strong><span style=\"color: #660000;\">Est-ce du mat\u00e9riel fait expr\u00e8s pour le blog ou un carnet de croquis scann\u00e9 ou des trucs repris ailleurs ?<br \/><\/span><\/strong><\/p>\n<p>Humm , je n&#8217;ai m\u00eame pas de carnet de croquis. Je me<br \/>\nprom\u00e8ne avec des feuilles volantes et un crit\u00e9rium.<\/p>\n<p><strong><span style=\"color: #660000;\"><a onclick=\"window.open(this.href, '_blank', 'width=480,height=908,scrollbars=yes,resizable=no,toolbar=no,directories=no,location=no,menubar=no,status=no,left=0,top=0'); return false\" href=\"http:\/\/yannicklejeune.blogs.com\/.shared\/image.html?\/photos\/uncategorized\/vacances.jpg\"><img loading=\"lazy\" decoding=\"async\" width=\"280\" height=\"529\" border=\"0\" src=\"https:\/\/www.wedobd.com\/wp-content\/uploads\/2005\/09\/vacances.jpg\" title=\"Vacances\" alt=\"Vacances\" style=\"margin: 0px 0px 5px 5px; float: right;\" \/><\/a>Comment les r\u00e9alises-tu ? (crayonn\u00e9s, palette graphique, aquarelle&#8230;)<br \/><\/span><\/strong><\/p>\n<p>Pour le blog je travaille toujours la couleur \u00e0 l&#8217;info sur des crayonn\u00e9s scann\u00e9s<\/p>\n<p><strong><span style=\"color: #660000;\">Quelles sont tes influences graphiques (BD ou artistiques) ?<br \/><\/span><\/strong><\/p>\n<p>Yslaire, Barbucci, Ivan Gomez Mont\u00e9ro&#8230; me laissent admirative. Et dans un<br \/>\ntout autre domaine je suis litt\u00e9ralement fan des dessins de M.C.Escher. Je ne<br \/>\nsais pas s&#8217;ils m&#8217;influencent, mais en tout cas, ils m&#8217;impressionnent<br \/>\nvachement \ud83d\ude09<\/p>\n<p><strong><span style=\"color: #660000;\">Combien de temps passes-tu \u00e0 lire les blogs des autres ?<br \/><\/span><\/strong><\/p>\n<p>La &quot;blogosph\u00e8re&quot; regorge de talents et j&#8217;adore d\u00e9couvrir d&#8217;autres univers<br \/>\ngraphiques.<br \/>J&#8217;y passerai des journ\u00e9es enti\u00e8res ! Mon travail me prend du<br \/>\ntemps, alors je me contente d&#8217;y passer entre 30 mn \u00e0 1 heure par<br \/>\njour. Ouinnnnnn !<\/p>\n<p><strong><span style=\"color: #660000;\">Quels sont ceux dont tu es le plus fan ?<br \/><\/span><\/strong><\/p>\n<p>Il y&#8217;en a plein ! Dark2, Biboun , Bloop, Grelin , Marie , Fa\u00f1ch Ar Ruz ,<br \/>\nDaniel , Shan.\u2026<br \/>D\u00e8s que je tombe sous le charme, je pointe vers le blog dans<br \/>\nmes liens.<\/p>\n<p><strong><span style=\"color: #660000;\">As-tu rencontr\u00e9 des gens gr\u00e2ce aux blogs ?<br \/><\/span><\/strong><\/p>\n<p>Absolument ! J&#8217;ai aujourd&#8217;hui des amis dessinateurs rencontr\u00e9s ici. Le<br \/>\nblog est convivial mais il ne distribue pas le caf\u00e9 ou le th\u00e9. Alors dans les<br \/>\ncoulisses, entre bloggueurs, on rem\u00e9die \u00e0 \u00e7a ^^.<\/p>\n<p><strong><span style=\"color: #660000;\"><a onclick=\"window.open(this.href, '_blank', 'width=510,height=581,scrollbars=yes,resizable=no,toolbar=no,directories=no,location=no,menubar=no,status=no,left=0,top=0'); return false\" href=\"http:\/\/yannicklejeune.blogs.com\/.shared\/image.html?\/photos\/uncategorized\/bricolage.jpg\"><img loading=\"lazy\" decoding=\"async\" width=\"280\" height=\"318\" border=\"0\" src=\"https:\/\/www.wedobd.com\/wp-content\/uploads\/2005\/09\/bricolage.jpg\" title=\"Bricolage\" alt=\"Bricolage\" style=\"margin: 0px 5px 5px 0px; float: left;\" \/><\/a><\/span><\/strong><strong><span style=\"color: #660000;\">As-tu une anecdote particuli\u00e8re li\u00e9e aux blogs ?<br \/><\/span><\/strong><\/p>\n<p>Heuuu ben ..non pas particuli\u00e8rement .<\/p>\n<p><strong><span style=\"color: #660000;\">Es-tu sensible aux commentaires ?<br \/><\/span><\/strong><\/p>\n<p>Bien s\u00fbr, et ils sont incontournables.<br \/>C&#8217;est la finalit\u00e9 d&#8217;un blog : montrer<br \/>\nson travail et en recueillir les impressions non ?<br \/>Un dessinateur qui n&#8217;a pas<br \/>\nde retour sur son boulot\u2026.c&#8217;est un peu comme un acteur qui ne jouerait jamais<br \/>\ndevant personne ^^ \u2026<\/p>\n<p><strong><span style=\"color: #660000;\">Qu&#8217;est-ce qui te plait le plus dans les blogs ?<br \/><\/span><\/strong><\/p>\n<p>La diversit\u00e9 et la libert\u00e9 ! Chacun fixe ses propres r\u00e8gles et limites. Du<br \/>\ncoup, chaque blog est unique et personnel&#8230;c&#8217;est \u00e7a qui me pla\u00eet<br \/>\nvraiment ! \u2026et comme on dit, il faut de tout pour faire un monde&#8230;.de<br \/>\nbloggueurs bien entendu !<strong><span style=\"color: #660000;\">&nbsp; <br \/><\/span><\/strong><\/p>\n<p><a onclick=\"window.open(this.href, '_blank', 'width=369,height=510,scrollbars=yes,resizable=no,toolbar=no,directories=no,location=no,menubar=no,status=no,left=0,top=0'); return false\" href=\"http:\/\/yannicklejeune.blogs.com\/.shared\/image.html?\/photos\/uncategorized\/biboun.jpg\"><img loading=\"lazy\" decoding=\"async\" width=\"280\" height=\"386\" border=\"0\" src=\"https:\/\/www.wedobd.com\/wp-content\/uploads\/2005\/09\/biboun.jpg\" title=\"Biboun\" alt=\"Biboun\" style=\"margin: 0px 0px 5px 5px; float: right;\" \/><\/a><strong><span style=\"color: #660000;\">Qu&#8217;aimes-tu le moins dans les blogs ?<br \/><\/span><\/strong><\/p>\n<p>Rien ne me d\u00e9range vraiment. Si le contenu d&#8217;un blog me perturbe, je le zappe<br \/>\nvoil\u00e0 tout.<\/p>\n<p><a href=\"http:\/\/www.festival-blogs-bd.com\/2005\/08\/mais_cest_quoi__1.html\"><strong><span style=\"color: #660000;\"> penses-tu des flux RSS ?<\/span><\/strong><\/a><\/p>\n<p>Maintenant que je sais \u00e0 quoi il servent\u2026 que du bien !<\/p>\n<p><strong><span style=\"color: #660000;\">Et en dehors des blogs o\u00f9 peut-on voir ton travail ?<br \/><\/span><\/strong><\/p>\n<p> Ici m\u00eame : <a href=\"http:\/\/www.emiliedecrock.com\/t_blank\" title=\"http:\/\/www.emiliedecrock.com\/t_blank\">www.emiliedecrock.com<\/a><\/p>\n<p><strong><span style=\"color: #660000;\">As-tu des albums, si oui ? Peux-tu les pr\u00e9senter ?<br \/><\/span><\/strong><\/p>\n<p>Et non ! Mais promis, j&#8217;y travaille, j&#8217;y travaille\u2026<\/p>\n<p><strong><span style=\"color: #660000;\">Un dernier mot ?<br \/><\/span><\/strong><\/p>\n<p>Merci beaucoup et bises \u00e0 tous !<\/p>\n<p><strong><span style=\"color: #660000;\">Et pour aller sur son blog : <a href=\"http:\/\/emiliedecrock.free.fr\/blog\/\">c&#8217;est par ici !<\/a><\/span><\/strong><\/p>\n","protected":false},"excerpt":{"rendered":"<p>Aujourd&#8217;hui place \u00e0 Emilie Decrock , une jeune dessinatrice coloriste qui devrait plaire aux amateurs de blondes &#8230; Comment as-tu commenc\u00e9 \u00e0 dessiner ? Ooh et bien comme tout le monde j&#8217;imagine, depuis toujours ! Ah !\u2026si je pouvais me souvenir de la rencontre avec mon premier crayon\u2026Le pauvre, il a d\u00fb \u00eatre bien malmen\u00e9 [&hellip;]<\/p>\n","protected":false},"author":4,"featured_media":0,"comment_status":"open","ping_status":"open","sticky":false,"template":"","format":"standard","meta":{"footnotes":""},"categories":[2],"tags":[273,794,457],"class_list":["post-5454","post","type-post","status-publish","format-standard","hentry","category-04-actualite-blogs-et-bd","tag-blogs-bd","tag-emilie-decrock","tag-festival-des-blogs-bd"],"_links":{"self":[{"href":"https:\/\/www.wedobd.com\/index.php?rest_route=\/wp\/v2\/posts\/5454","targetHints":{"allow":["GET"]}}],"collection":[{"href":"https:\/\/www.wedobd.com\/index.php?rest_route=\/wp\/v2\/posts"}],"about":[{"href":"https:\/\/www.wedobd.com\/index.php?rest_route=\/wp\/v2\/types\/post"}],"author":[{"embeddable":true,"href":"https:\/\/www.wedobd.com\/index.php?rest_route=\/wp\/v2\/users\/4"}],"replies":[{"embeddable":true,"href":"https:\/\/www.wedobd.com\/index.php?rest_route=%2Fwp%2Fv2%2Fcomments&post=5454"}],"version-history":[{"count":1,"href":"https:\/\/www.wedobd.com\/index.php?rest_route=\/wp\/v2\/posts\/5454\/revisions"}],"predecessor-version":[{"id":6971,"href":"https:\/\/www.wedobd.com\/index.php?rest_route=\/wp\/v2\/posts\/5454\/revisions\/6971"}],"wp:attachment":[{"href":"https:\/\/www.wedobd.com\/index.php?rest_route=%2Fwp%2Fv2%2Fmedia&parent=5454"}],"wp:term":[{"taxonomy":"category","embeddable":true,"href":"https:\/\/www.wedobd.com\/index.php?rest_route=%2Fwp%2Fv2%2Fcategories&post=5454"},{"taxonomy":"post_tag","embeddable":true,"href":"https:\/\/www.wedobd.com\/index.php?rest_route=%2Fwp%2Fv2%2Ftags&post=5454"}],"curies":[{"name":"wp","href":"https:\/\/api.w.org\/{rel}","templated":true}]}}