{"id":5543,"date":"2005-09-10T21:46:40","date_gmt":"2005-09-10T19:46:40","guid":{"rendered":"https:\/\/www.wedobd.com\/?p=5543"},"modified":"2025-09-29T16:10:04","modified_gmt":"2025-09-29T14:10:04","slug":"gally_l_amiral","status":"publish","type":"post","link":"https:\/\/www.wedobd.com\/?p=5543","title":{"rendered":"Interview de Gally et L_amiral"},"content":{"rendered":"<p><strong><span style=\"color: #660000;\">MERCI A CEUX QUI ONT CONTRIBUE AUX 100 000 VISITES QUE NOUS AVONS RECUES SUR CE SITE DEPUIS SA CREATION DEBUT AOUT !!! Ce soir, place \u00e0 une interview dont vous retrouverez les circonstances dans <a href=\"http:\/\/www.festival-blogs-bd.com\/3_backstage\/index.html\">la rubrique backstage<\/a>. Nous en sommes presque \u00e0 la fin, voici <a href=\"http:\/\/ciboulette.free.fr\/\">Gally<\/a> et <a href=\"http:\/\/www.20six.fr\/l_amiral\">L_amiral<\/a><\/span><span style=\"color: #660000;\">.<\/span><\/strong><\/p>\n<p><span style=\"color: #660000;\"><strong>Quand avez-vous commenc\u00e9 \u00e0 dessiner ?<\/strong><\/span>&nbsp; &nbsp;<\/p>\n<p><strong><a onclick=\"window.open(this.href, '_blank', 'width=490,height=467,scrollbars=yes,resizable=no,toolbar=no,directories=no,location=no,menubar=no,status=no,left=0,top=0'); return false\" href=\"http:\/\/yannicklejeune.blogs.com\/.shared\/image.html?\/photos\/uncategorized\/lamiral.jpg\"><img loading=\"lazy\" decoding=\"async\" width=\"300\" height=\"285\" border=\"0\" title=\"Lamiral\" alt=\"Lamiral\" src=\"https:\/\/www.wedobd.com\/wp-content\/uploads\/2005\/09\/lamiral.jpg\" style=\"margin: 0px 5px 5px 0px; float: left;\" \/><\/a>Laurent : <\/strong>: J\u2019ai commenc\u00e9 tr\u00e8s tot comme tout le monde et j\u2019ai pas mal dessin\u00e9 dans mes cahiers. Ensuite je me suis arr\u00eat\u00e9 pendant pr\u00e8s de 10 ans, de 20 ans \u00e0 30 ans. Et c\u2019est l\u00e0 que je me rends compte que ce que je faisais \u00e9tant plus jeune \u00e9tait tr\u00e8s tr\u00e8s mauvais. <\/p>\n<p><strong>Gally : <\/strong>: Je n\u2019ai jamais vraiment dessin\u00e9 \u00e0 part quand je m\u2019ennuyais en \u00e9cole de commerce. C\u2019est vraiment en gribouillant que je m\u2019y suis mise. <\/p>\n<p><span style=\"color: #660000;\"><strong>Pourquoi dessinez-vous ?<\/strong><\/span>&nbsp; &nbsp;<\/p>\n<p><strong>Laurent : <\/strong>: En ce qui me concerne, le dessin sert \u00e0 raconter une histoire. Le dessin en lui-m\u00eame m\u2019ennuie. Je ne suis pas un vrai illustrateur. Mon truc c\u2019est de cr\u00e9er des personnages, de les animer et de m\u2019amuser avec. <\/p>\n<p><strong>Gally : <\/strong>: Moi c\u2019est pour comprendre la quintessence de l\u2019esp\u00e8ce humaine et comprendre ce qu\u2019il y a apr\u00e8s la mort. Le reste ne m\u2019int\u00e9resse pas.<\/p>\n<p><!--more--><\/p>\n<p><span style=\"color: #660000;\"><strong>Pourquoi blogguez-vous ?<\/strong><\/span>&nbsp; &nbsp;<\/p>\n<p><strong><a onclick=\"window.open(this.href, '_blank', 'width=700,height=548,scrollbars=yes,resizable=no,toolbar=no,directories=no,location=no,menubar=no,status=no,left=0,top=0'); return false\" href=\"http:\/\/yannicklejeune.blogs.com\/.shared\/image.html?\/photos\/uncategorized\/isometrique.jpg\"><img loading=\"lazy\" decoding=\"async\" width=\"299\" height=\"234\" border=\"0\" title=\"Isometrique\" alt=\"Isometrique\" src=\"https:\/\/www.wedobd.com\/wp-content\/uploads\/2005\/09\/isometrique.jpg\" style=\"margin: 0px 5px 5px 0px; float: right;\" \/><\/a>Gally : <\/strong>:<br \/>\nCa permet de raconter sa vie, d\u2019avoir des commentaires. C\u2019est un<br \/>\npasse-temps, je le fais comme j\u2019irais au foot. Euh non, en fait j\u2019aime<br \/>\npas le foot\u2026 Tout le monde me parlait de blog, je trouvais ce mot<br \/>\nrigolo, quand j\u2019ai d\u00e9couvert ce que c\u2019\u00e9tait j\u2019ai trouv\u00e9 \u00e7a marrant. Et<br \/>\npuis si jamais \u00e7a me permet de devenir maitre du monde, \u00e7a serait bien.\n<\/p>\n<p><strong>Laurent : <\/strong>: Il y a deux personnes qui m\u2019ont donn\u00e9 envie de<br \/>\nfaire un blog : Bengrrr et Kness, la chef du Caf\u00e9Sal\u00e9. Ce qui me<br \/>\nplaisait c\u2019\u00e9tait la simplicit\u00e9 de mise en ligne des dessins et le<br \/>\nconcept de retour des lecteurs. Ensuite, je me suis pris au jeu parce<br \/>\nque \u00e7a permettait de m\u2019affranchir du concept de livres et de s\u00e9ries.<br \/>\nPas d\u2019obligation de conserver les personnages, possibilit\u00e9<br \/>\nd\u2019exp\u00e9rimenter des choses, bref c\u2019\u00e9tait pour faire ce que je veux et<br \/>\nsans que \u00e7a ne me prenne trop de temps non plus. C\u2019est d\u2019ailleurs pour<br \/>\n\u00e7a que mes notes sont g\u00e9n\u00e9ralement en noir et blanc. <\/p>\n<p><strong>Gally : <\/strong>: C\u2019est pas mal ta r\u00e9ponse, bon alors moi pareil en mieux. <\/p>\n<p><span style=\"color: #660000;\"><strong>Y a-t&#8217;il des choses qui vous d\u00e9plaisent ?<\/strong><\/span> <\/p>\n<p><strong><a onclick=\"window.open(this.href, '_blank', 'width=490,height=1056,scrollbars=yes,resizable=no,toolbar=no,directories=no,location=no,menubar=no,status=no,left=0,top=0'); return false\" href=\"http:\/\/yannicklejeune.blogs.com\/.shared\/image.html?\/photos\/uncategorized\/festiblog.jpg\"><img loading=\"lazy\" decoding=\"async\" width=\"300\" height=\"646\" border=\"0\" title=\"Festiblog\" alt=\"Festiblog\" src=\"https:\/\/www.wedobd.com\/wp-content\/uploads\/2005\/09\/festiblog.jpg\" style=\"margin: 0px 5px 5px 0px; float: left;\" \/><\/a>Laurent : <\/strong>:<br \/>\nUne esp\u00e8ce de fausse proximit\u00e9 malgr\u00e9 tout, le sans-g\u00e8ne de beaucoup de<br \/>\ngens, le manque de pudeur sinc\u00e8re ou non d&#8217;autres, la pseudo gloire<br \/>\nvirtuelle, car, finalement, rien ne vaut un bon livre. <\/p>\n<p><strong>Gally : <\/strong>: Bin, tout ceux qui sont pass\u00e9s avant moi on dit des<br \/>\ntrucs super intelligent et pertinent a ce sujet, je ne vois pas quoi<br \/>\najouter. <\/p>\n<p><span style=\"color: #660000;\"><strong>Qui sont vos lecteurs ?<\/strong><\/span>&nbsp; &nbsp;<\/p>\n<p><strong>Laurent : <\/strong>: Au d\u00e9but je pensais faire \u00e7a pour 20 personnes,<br \/>\nquelques contacts du m\u00e9tier, quelques amis. L\u2019avantage c\u2019est qu\u2019avec le<br \/>\nprincipe de liens de la blogosph\u00e8re, on arrive \u00e0 acqu\u00e9rir de nouveaux<br \/>\nlecteurs. C\u2019est toujours plaisant de voir un copain laisser un<br \/>\ncommentaire mais c\u2019est aussi sympa de voir des gens qu\u2019on ne connait<br \/>\npas. <\/p>\n<p><strong>Gally : <\/strong>: Moi c\u2019est que des c\u00e9l\u00e9brit\u00e9s undercover. Depuis que<br \/>\nj\u2019ai d\u00e9m\u00e9nag\u00e9 de 20six, je suis pass\u00e9 de 20 personnes par jour \u00e0 plein.<br \/>\nCa doit venir des changements que j\u2019ai apport\u00e9s \u00e0 mon blog. <\/p>\n<p><span style=\"color: #660000;\"><strong>Combien de temps passez-vous sur les blogs ?<\/strong><\/span>&nbsp; &nbsp;<\/p>\n<p><strong>Gally : <\/strong>: Ca doit \u00eatre 3-4 heures par jour sur le mien. Sur<br \/>\nceux des autres, \u00e7a va vite, J&#8217;ai logiciel qui v\u00e9rifie pour moi si y&#8217;a<br \/>\ndes mises \u00e0 jour. <\/p>\n<p><strong>Laurent : <\/strong>: \u00c7a d\u00e9pend de l\u2019humeur, y a des jours o\u00f9 je ne<br \/>\nvais voir que les 2-3 blogs de mes potes, et d\u2019autres jours o\u00f9 je suis<br \/>\nplus aventureux et j\u2019y passe 1h30. Pour mes notes, c\u2019est assez<br \/>\nspontan\u00e9. Quand je commence une planche pour le blog, j\u2019ai une vague<br \/>\nid\u00e9e de la chute mais je ne sais pas forc\u00e9ment o\u00f9 je vais. C\u2019est \u00e7a qui<br \/>\nest int\u00e9ressant, je n\u2019ai pas la contrainte de la page donc \u00e7a peut \u00eatre<br \/>\nplus lach\u00e9. En tout cas, \u00e7a me prend rarement plus d\u2019une heure. <\/p>\n<p><span style=\"color: #660000;\"><strong>Quels sont vos blogs pr\u00e9f\u00e9r\u00e9s ?<\/strong><\/span> <\/p>\n<p><strong><a onclick=\"window.open(this.href, '_blank', 'width=700,height=1781,scrollbars=yes,resizable=no,toolbar=no,directories=no,location=no,menubar=no,status=no,left=0,top=0'); return false\" href=\"http:\/\/yannicklejeune.blogs.com\/.shared\/image.html?\/photos\/uncategorized\/hungry.gif\"><img loading=\"lazy\" decoding=\"async\" width=\"299\" height=\"763\" border=\"0\" title=\"Hungry\" alt=\"Hungry\" src=\"https:\/\/www.wedobd.com\/wp-content\/uploads\/2005\/09\/hungry.gif\" style=\"margin: 0px 0px 5px 5px; float: right;\" \/><\/a>Laurent : <\/strong>: Ceux o\u00f9 je traine le plus, parce que je me sens bien chez eux : BenGrrr forc\u00e9ment, Yuio, Yannick Thom\u00e9, Kness, Cali, <\/p>\n<p><strong>Gally : <\/strong>: AHAHAHAHAHAHAH, tu veux parler des 120 blogs que je<br \/>\nsuis r\u00e9guli\u00e8rement ? Ah non, y&#8217;a &quot;pr\u00e9f\u00e9r\u00e9&quot; dans ta question&#8230; Alors,<br \/>\npar ordre alphab\u00e9tique : <a href=\"http:\/\/beotie.free.fr\/bloug.htm\">Berlouche<\/a>,<br \/>\nparce qu&#8217;elle est rigolote, Boulet, parce qu&#8217;il est super fort, Din,<br \/>\nparce qu&#8217;on dirait moi quand j&#8217;\u00e9tais jeune, Dolph, parce que j&#8217;adore<br \/>\nson dessin, Feyd, parce qu&#8217;il m&#8217;\u00e9nerve \u00e0 \u00eatre aussi talentueux en rien<br \/>\nglandant, Gamin, parce que c&#8217;est tout mal dessin\u00e9 mais super dr\u00f4le,<br \/>\nGiant Panda, parce qu&#8217;il va me faire la gueule si je parle pas de lui,<br \/>\nGoretta parce qu&#8217;elle est coiffeuse pour bites, L&#8217;amiral&#8230; enfin quand<br \/>\nil poste une note parce que c&#8217;est rare, Moatthieu parce que j&#8217;ai<br \/>\nl&#8217;impression d&#8217;\u00eatre intelligente quand je visite son blog, Monsieur<br \/>\nMerou mais pareil, il s&#8217;occupe pas trop de son blog, Nancy parce que<br \/>\nc&#8217;est la dessinatrice de mon coeur, Ottoprod, m\u00eame s&#8217;il sont super<br \/>\nblas\u00e9s de pas avoir \u00e9t\u00e9 interview\u00e9s ici, Poipoipanda m\u00eame s&#8217;il a pas<br \/>\nvoulu de moi comme coloriste (ahahah je me vengerai !)&#8230; pff y&#8217;en a<br \/>\nencore plein&#8230; Ah oui, et depuis pas longtemps : Lisa Mandel. Glop ! <\/p>\n<p><span style=\"color: #660000;\"><strong>Etes-vous sensibles aux commentaires ?<\/strong><\/span>&nbsp; &nbsp;<\/p>\n<p><strong>Laurent : <\/strong>: D\u00e8s que je poste une note, je retourne 5-6 fois<br \/>\ndans l\u2019heure qui suit voir si les gens r\u00e9agissent. Donc la r\u00e9ponse est<br \/>\naffirmative, m\u00eame si, forc\u00e9ment, les commentaires de certains comptent<br \/>\nplus que d&#8217;autres\u2026 De toute fa\u00e7on, j&#8217;en suis persuad\u00e9, je n&#8217;ai que des<br \/>\nlecteurs intelligents ! :] <\/p>\n<p><strong>Gally : <\/strong>: Moi je suis un peu n\u00e9vros\u00e9e \u00e0 ce niveau. Je clique<br \/>\ntoutes les 5 minutes pour voir si y a de nouveaux commentaires. Comme<br \/>\nje suis connect\u00e9e en continu, je fais un tour sur les blogs des autres,<br \/>\nje reviens, je fais un truc pour le boulot, je reviens. <\/p>\n<p><span style=\"color: #660000;\"><strong>Utilisez-vous RSS ?<\/strong><\/span>&nbsp; &nbsp;<\/p>\n<p><strong><a onclick=\"window.open(this.href, '_blank', 'width=490,height=825,scrollbars=yes,resizable=no,toolbar=no,directories=no,location=no,menubar=no,status=no,left=0,top=0'); return false\" href=\"http:\/\/yannicklejeune.blogs.com\/.shared\/image.html?\/photos\/uncategorized\/metro.jpg\"><img loading=\"lazy\" decoding=\"async\" width=\"300\" height=\"505\" border=\"0\" title=\"Metro\" alt=\"Metro\" src=\"https:\/\/www.wedobd.com\/wp-content\/uploads\/2005\/09\/metro.jpg\" style=\"margin: 0px 5px 5px 0px; float: left;\" \/><\/a>Gally : <\/strong>:<br \/>\nDepuis que je t&#8217;ai rencontr\u00e9 Yannick, ma vie a chang\u00e9 a ce niveau l\u00e0,<br \/>\ntu as d\u00fb me permettre de gagner au moins une demi heure par jour ! Vive<br \/>\nle RSS, mort \u00e0 Din qui n&#8217;en a pas, tout \u00e7a pour faire gonfler ses stats<br \/>\n! <\/p>\n<p><strong>Laurent : <\/strong>: Je sais que \u00e7a permet de recevoir les mises \u00e0 jour mais je ne les utilise pas. \u00c7a manque de charme.&nbsp; &nbsp;<\/p>\n<p><span style=\"color: #660000;\"><strong>Avez-vous fait des rencontres gr\u00e2ce aux blogs ?<\/strong><\/span>&nbsp; &nbsp;<\/p>\n<p><strong>Laurent : <\/strong>: A part Boris et Kness, pas trop encore.<br \/>\nL&#8217;essentiel des rencontres, virtuelles ou r\u00e9elles, je les ai surtout<br \/>\nfaites via les forums comme Bulledair ou Caf\u00e9Sal\u00e9. Sinon, en<br \/>\ncommunication crois\u00e9e, il y a Cali avec qui je converse quasi<br \/>\nuniquement par commentaires interpos\u00e9s. <\/p>\n<p><strong>Gally : <\/strong>: Tu laisses des commentaires chez Cali ! Je suis super frustr\u00e9e, t\u2019en laisses jamais chez moi. Je vais boycotter ton blog.&nbsp; &nbsp;<\/p>\n<p><span style=\"color: #660000;\"><strong>Qui sont vos influences graphiques ?<\/strong><\/span> <\/p>\n<p><strong>Laurent : <\/strong>: J&#8217;ai appris \u00e0 dessiner en recopiant des<br \/>\nBlueberry\u2026 j&#8217;ai encore un peu de mal aujourd&#8217;hui \u00e0 m&#8217;affranchir de<br \/>\ncette influence majeure quand je dessine les Mallows. Donc pour les<br \/>\ninfluences : Jean Giraud (et pas forc\u00e9ment Moebius hein, nuance),<br \/>\nFranquin, Gotlib, Alexis, M\u00e9zi\u00e8res, Watterson, McNelly, Vandermeulen.<br \/>\nHors BD, pour ce qui est du dessin : Klimt, Schiele, Daumier\u2026 Comme<br \/>\nquoi les influences sont parfois tr\u00e8s \u00e9loign\u00e9es du r\u00e9sultat. <\/p>\n<p><strong>Gally : <\/strong>: Aucune id\u00e9e en fait&#8230; Je n&#8217;y ai pas vraiment<br \/>\nr\u00e9fl\u00e9chi. J&#8217;aime le boulot d&#8217;\u00e9norm\u00e9ment de dessinateur mais je ne sais<br \/>\npas si \u00e7a se retrouve chez moi \ud83d\ude42 Je pense pas sinon je dessinerai<br \/>\nbien&#8230; (\u00e0 ce moment de l&#8217;interview vous \u00eates cens\u00e9s verser une larme<br \/>\ndevant tant d&#8217;humilit\u00e9) <\/p>\n<p><span style=\"color: #660000;\"><strong>En dehors de vos blogs, o\u00f9 peut-on voir vos travaux ?<\/strong><\/span>&nbsp; &nbsp;<\/p>\n<p><strong><a onclick=\"window.open(this.href, '_blank', 'width=550,height=803,scrollbars=yes,resizable=no,toolbar=no,directories=no,location=no,menubar=no,status=no,left=0,top=0'); return false\" href=\"http:\/\/yannicklejeune.blogs.com\/.shared\/image.html?\/photos\/uncategorized\/machine.jpg\"><img loading=\"lazy\" decoding=\"async\" width=\"300\" height=\"438\" border=\"0\" title=\"Machine\" alt=\"Machine\" src=\"https:\/\/www.wedobd.com\/wp-content\/uploads\/2005\/09\/machine.jpg\" style=\"margin: 0px 0px 5px 5px; float: right;\" \/><\/a>Laurent : <\/strong>:<br \/>\nEn dehors de mon blog, j\u2019ai un m\u00e9tier qui me nourrit, une famille qui<br \/>\nm\u2019occupe mais j\u2019ai quand m\u00eame eu le temps de faire quelques trucs dans<br \/>\nle Journal de Mickey et dans Tcho, il y a maintenant bien longtemps. Ca<br \/>\nm\u2019a permis, par la suite, de faire une s\u00e9rie chez Dargaud en humour<br \/>\njeunesse. Mais j\u2019ai surtout d\u2019autres projets, qui comptent vraiment,<br \/>\ncomme Sans Queue Ni T\u00eate avec Magic Boris Mirroir au dessin \u00e0 la Boite<br \/>\n\u00e0 Bulles. Sur mon blog, il y a d&#8217;ailleurs une rubrique o\u00f9 vous pouvez<br \/>\ntrouver une partie des projets refus\u00e9s par nos amis \u00e9diteurs\u2026 <\/p>\n<p><strong>Gally : <\/strong>: Moi je n\u2019ai rien de publi\u00e9 \u00e0 part les choses dont<br \/>\nje fais des couleurs. Ensuite, j\u2019ai deux projets 1 dont je ne peux<br \/>\nparler et un qui m\u2019est venu suite \u00e0 l\u2019emprisonnement d\u2019une copine dont<br \/>\nje me suis dit qu\u2019il pourrait \u00eatre int\u00e9ressant de raconter l\u2019histoire. <\/p>\n<p><img decoding=\"async\" border=\"0\" alt=\"counter hit make\" src=\"https:\/\/www.wedobd.com\/wp-content\/uploads\/2005\/09\/counter.php_-1.png\" \/> <\/p>\n","protected":false},"excerpt":{"rendered":"<p>MERCI A CEUX QUI ONT CONTRIBUE AUX 100 000 VISITES QUE NOUS AVONS RECUES SUR CE SITE DEPUIS SA CREATION DEBUT AOUT !!! Ce soir, place \u00e0 une interview dont vous retrouverez les circonstances dans la rubrique backstage. Nous en sommes presque \u00e0 la fin, voici Gally et L_amiral. Quand avez-vous commenc\u00e9 \u00e0 dessiner ?&nbsp; [&hellip;]<\/p>\n","protected":false},"author":4,"featured_media":0,"comment_status":"open","ping_status":"open","sticky":false,"template":"","format":"standard","meta":{"footnotes":""},"categories":[2],"tags":[273,457,72,857,725,724],"class_list":["post-5543","post","type-post","status-publish","format-standard","hentry","category-04-actualite-blogs-et-bd","tag-blogs-bd","tag-festival-des-blogs-bd","tag-gally","tag-interview-de-gally-et-l_amiral","tag-l_amiral","tag-laurent-percelay"],"_links":{"self":[{"href":"https:\/\/www.wedobd.com\/index.php?rest_route=\/wp\/v2\/posts\/5543","targetHints":{"allow":["GET"]}}],"collection":[{"href":"https:\/\/www.wedobd.com\/index.php?rest_route=\/wp\/v2\/posts"}],"about":[{"href":"https:\/\/www.wedobd.com\/index.php?rest_route=\/wp\/v2\/types\/post"}],"author":[{"embeddable":true,"href":"https:\/\/www.wedobd.com\/index.php?rest_route=\/wp\/v2\/users\/4"}],"replies":[{"embeddable":true,"href":"https:\/\/www.wedobd.com\/index.php?rest_route=%2Fwp%2Fv2%2Fcomments&post=5543"}],"version-history":[{"count":1,"href":"https:\/\/www.wedobd.com\/index.php?rest_route=\/wp\/v2\/posts\/5543\/revisions"}],"predecessor-version":[{"id":7149,"href":"https:\/\/www.wedobd.com\/index.php?rest_route=\/wp\/v2\/posts\/5543\/revisions\/7149"}],"wp:attachment":[{"href":"https:\/\/www.wedobd.com\/index.php?rest_route=%2Fwp%2Fv2%2Fmedia&parent=5543"}],"wp:term":[{"taxonomy":"category","embeddable":true,"href":"https:\/\/www.wedobd.com\/index.php?rest_route=%2Fwp%2Fv2%2Fcategories&post=5543"},{"taxonomy":"post_tag","embeddable":true,"href":"https:\/\/www.wedobd.com\/index.php?rest_route=%2Fwp%2Fv2%2Ftags&post=5543"}],"curies":[{"name":"wp","href":"https:\/\/api.w.org\/{rel}","templated":true}]}}