{"id":5555,"date":"2005-09-08T19:00:00","date_gmt":"2005-09-08T17:00:00","guid":{"rendered":"https:\/\/www.wedobd.com\/?p=5555"},"modified":"2025-09-29T16:10:38","modified_gmt":"2025-09-29T14:10:38","slug":"interview_de_be","status":"publish","type":"post","link":"https:\/\/www.wedobd.com\/?p=5555","title":{"rendered":"Interview de BenGrrr"},"content":{"rendered":"<p><strong><span style=\"color: #660000;\">Il vient de co-r\u00e9aliser Sans Queue Ni Tete, un chef d&#8217;oeuvre de la BD d&#8217;humour avec L_amiral, aujourd&#8217;hui place \u00e0 BenGrrr.<\/span><span style=\"color: #660000;\">&nbsp;<\/span><\/strong><\/p>\n<p><strong><span style=\"color: #660000;\"><a href=\"http:\/\/yannicklejeune.blogs.com\/.shared\/image.html?\/photos\/uncategorized\/20050121.jpg\" onclick=\"window.open(this.href, '_blank', 'width=600,height=471,scrollbars=no,resizable=no,toolbar=no,directories=no,location=no,menubar=no,status=no,left=0,top=0'); return false\"><img loading=\"lazy\" decoding=\"async\" width=\"300\" height=\"235\" border=\"0\" alt=\"Sans queue ni tete\" title=\"Sans queue ni tete\" src=\"https:\/\/www.wedobd.com\/wp-content\/uploads\/2005\/09\/20050121.jpg\" style=\"margin: 0px 5px 5px 0px; float: left;\" \/><\/a>Comment as-tu commenc\u00e9 \u00e0 dessiner ?<br \/><\/span><\/strong><\/p>\n<p>Comme tous les autres, \u00e9tant petit. Je dessinais des batailles de millions de fourmis sur mes albums de Tintin. Mais j\u2019ai fait une longue pause niveau dessin entre 20 et 30 ans. J\u2019ai repris un peu en connaissant le Caf\u00e9 sal\u00e9 (fin 2002) puis vers 2004 je suis pass\u00e9 du c\u00f4t\u00e9 obscur de ceux qui dessinent en \u00e9tant pay\u00e9s.<\/p>\n<p><strong><span style=\"color: #660000;\">As-tu suivi des cours de dessin ou une formation artistique ?<br \/><\/span><\/strong><\/p>\n<p>Oui aux Beaux-Arts. J\u2019y suis rest\u00e9 5 ans (le cycle long, quoi) pensant me faire virer avant. Je ne dessinais pas du tout l\u00e0-bas. J\u2019y faisais essentiellement de la vid\u00e9o et du son. Mais j\u2019y ai appris par contre des r\u00e8gles simples et communes \u00e0 toutes les activit\u00e9s \u00ab plastiques \u00bb.<\/p>\n<div align=\"center\"><img decoding=\"async\" border=\"0\" src=\"https:\/\/www.wedobd.com\/wp-content\/uploads\/2005\/09\/counter.php_-4.png\" alt=\"free web tracker\" \/>\n<\/div>\n<p><!--more--><\/p>\n<p><strong><span style=\"color: #660000;\">Peux-tu pr\u00e9senter ton blog ?<br \/><\/span><\/strong><\/p>\n<p>Mon blog (pour le moment), c\u2019est un petit bout de code PHP qui<br \/>\npermet tout juste d\u2019afficher une image par jour et de recueillir des<br \/>\nmessages. On y acc\u00e8de par mon site Flash. Tout ceci fait qu\u2019il peut<br \/>\npara\u00eetre assez\u2026 abscons. J\u2019y poste des choses vari\u00e9es et sans lien<br \/>\nentre elles. Ca va de l\u2019illu gratuite \u00e0 la pub pour un truc que je<br \/>\nfais, en passant par des photos que je prends. Je communique peu sur ma<br \/>\nvie priv\u00e9e dans le blog.<\/p>\n<p><strong><span style=\"color: #660000;\"><a href=\"http:\/\/yannicklejeune.blogs.com\/.shared\/image.html?\/photos\/uncategorized\/20040116.jpg\" onclick=\"window.open(this.href, '_blank', 'width=477,height=670,scrollbars=no,resizable=no,toolbar=no,directories=no,location=no,menubar=no,status=no,left=0,top=0'); return false\"><img loading=\"lazy\" decoding=\"async\" width=\"300\" height=\"421\" border=\"0\" alt=\"16-01-2004\" title=\"16-01-2004\" src=\"https:\/\/www.wedobd.com\/wp-content\/uploads\/2005\/09\/20040116.jpg\" style=\"margin: 0px 0px 5px 5px; float: right;\" \/><\/a>Comment en es-tu venu \u00e0 blogguer ?<br \/><\/span><\/strong><\/p>\n<p>Quand je l\u2019ai commenc\u00e9 en mars 2003, c\u2019\u00e9tait pour moi un moyen de me<br \/>\nchauffer le matin (je postais une petite image tous les jours) mais<br \/>\naussi d\u2019exp\u00e9rimenter car je venais de reprendre le dessin apr\u00e8s ma<br \/>\nlongue pause. Je ne connaissais pas de blogs graphiques \u00e0 l\u2019\u00e9poque.<\/p>\n<p><strong><span style=\"color: #660000;\">Quel est ton objectif premier quand tu bloggues ?<br \/><\/span><\/strong><\/p>\n<p>Avoir un retour imm\u00e9diat sur un boulot, communiquer sur une<br \/>\nactualit\u00e9 li\u00e9e \u00e0 mon taff, d\u00e9compresser, dessiner des conneries dont<br \/>\naucun client ne voudrait\u2026 Je ne fais quasi plus de notes \u00e0 caract\u00e8re<br \/>\npersonnel (qui sont pourtant les meilleures pour recueillir un maximum<br \/>\nde commentaires&#8230;). Mon blog n\u2019est d\u00e9finitivement pas pratique pour<br \/>\nfid\u00e9liser un public quelconque.<\/p>\n<p><strong><span style=\"color: #660000;\">Quel \u00e9tait ton public cible au d\u00e9marrage ?<br \/><\/span><\/strong><\/p>\n<p>Personne ou au mieux mes potes proches.<\/p>\n<p><strong><span style=\"color: #660000;\">Quels sont tes lecteurs aujourd&#8217;hui ?<br \/><\/span><\/strong><\/p>\n<p>Des bloggers, des gens des forums que je fr\u00e9quente, mes beaux-parents et mes potes\u2026 Je ne sais pas trop en fait.<\/p>\n<p><strong><span style=\"color: #660000;\">Combien de temps passes-tu sur tes notes (par jour\/par semaine) ?<br \/><\/span><\/strong><\/p>\n<p>Je fais rarement de notes sp\u00e9cialement pour le blog, sauf quelques<br \/>\nmises en forme pour passer une info. Je fais des illus des fois pour me<br \/>\nd\u00e9tendre et me faire plaisir. Quand elles me plaisent, je peux les<br \/>\nmettre sur le blog ou pas. Ce n\u2019est pas quelque chose que je calcule.<\/p>\n<p><strong><span style=\"color: #660000;\"><a href=\"http:\/\/yannicklejeune.blogs.com\/.shared\/image.html?\/photos\/uncategorized\/20050506.jpg\" onclick=\"window.open(this.href, '_blank', 'width=404,height=580,scrollbars=no,resizable=no,toolbar=no,directories=no,location=no,menubar=no,status=no,left=0,top=0'); return false\"><img loading=\"lazy\" decoding=\"async\" width=\"300\" height=\"430\" border=\"0\" alt=\"06-05-2005\" title=\"06-05-2005\" src=\"https:\/\/www.wedobd.com\/wp-content\/uploads\/2005\/09\/20050506.jpg\" style=\"margin: 0px 5px 5px 0px; float: left;\" \/><\/a>Est-ce du mat\u00e9riel fait expr\u00e8s pour le blog ou un carnet de croquis scann\u00e9 ou des trucs repris ailleurs ?<br \/><\/span><\/strong><\/p>\n<p>Tu ne vois pas que je viens de te r\u00e9pondre ? L\u00e0, juste au-dessus \ud83d\ude42<\/p>\n<p><strong><span style=\"color: #660000;\">Comment les r\u00e9alises-tu ? (crayonn\u00e9s, palette graphique, aquarelle&#8230;)<br \/><\/span><\/strong><\/p>\n<p>Y\u2019a pas de recette particuli\u00e8re. Papier, crayon, flash, Photoshop\u2026 Tout est bon.<\/p>\n<p><strong><span style=\"color: #660000;\">Quelles sont tes influences graphiques (BD ou artistiques) ?<br \/><\/span><\/strong><\/p>\n<p>Franquin, Ware, L\u2019amiral, Semp\u00e9, Quino, Crumb, puis pleins de trucs<br \/>\nsans rapport (le sk8 design, les vinyl toyz, les vieux cartoons, la<br \/>\nmusique \u00e9lectronique&#8230;).<\/p>\n<p><strong><span style=\"color: #660000;\">Combien de temps passes-tu \u00e0 lire les blogs des autres ?<br \/><\/span><\/strong><\/p>\n<p>Tous les matins, une bonne heure (forums inclus). En tout cas, bien trop \u00e0 mon go\u00fbt\u2026<\/p>\n<p><strong><span style=\"color: #660000;\">Quels sont ceux dont tu es le plus fan ?<br \/><\/span><\/strong><\/p>\n<p><a href=\"http:\/\/www.20six.fr\/L_amiral\">L\u2019amiral<\/a>, <a href=\"http:\/\/www.20six.fr\/yannickthome\">Yannick Thom\u00e9<\/a>, <a href=\"http:\/\/www.festival-blogs-bd.com\/2005\/08\/kness_interview.html\">Kness<\/a>, <a href=\"http:\/\/www.20six.fr\/madamefa\">Madame Fa<\/a>, <a href=\"http:\/\/www.20six.fr\/LaurelBD\">Laurel<\/a>, <a href=\"http:\/\/www.festival-blogs-bd.com\/2005\/08\/cha_interview.html\">Cha<\/a>, <a href=\"http:\/\/www.google.fr\/url?sa=t&amp;ct=res&amp;cd=1&amp;url=http%3A\/\/chairafauteuil.over-blog.com\/&amp;ei=H70RQ7mpCsbeRNTR6NUK\">Yuio<\/a>, <a href=\"http:\/\/www.festival-blogs-bd.com\/2005\/08\/tanxxx_intervie.html\">Tanxxx<\/a>\u2026 Liste non exhaustive et sans ordre particulier.<\/p>\n<p><strong><span style=\"color: #660000;\">As-tu rencontr\u00e9 des gens gr\u00e2ce aux blogs ?<br \/><\/span><\/strong><\/p>\n<p>Aux blogs, je ne sais pas. Au net, oui. Et pas toujours pour le meilleur\u2026<\/p>\n<p><strong><span style=\"color: #660000;\"><a href=\"http:\/\/yannicklejeune.blogs.com\/.shared\/image.html?\/photos\/uncategorized\/20050511.jpg\" onclick=\"window.open(this.href, '_blank', 'width=404,height=580,scrollbars=no,resizable=no,toolbar=no,directories=no,location=no,menubar=no,status=no,left=0,top=0'); return false\"><img loading=\"lazy\" decoding=\"async\" width=\"300\" height=\"430\" border=\"0\" alt=\"11-05-2005\" title=\"11-05-2005\" src=\"https:\/\/www.wedobd.com\/wp-content\/uploads\/2005\/09\/20050511.jpg\" style=\"margin: 0px 0px 5px 5px; float: right;\" \/><\/a>As-tu une anecdote particuli\u00e8re li\u00e9e aux blogs ?<br \/><\/span><\/strong><\/p>\n<p>Pas sp\u00e9cialement mais je suis toujours surpris par la candeur des<br \/>\nlecteurs. Je me suis dessin\u00e9 le cr\u00e2ne ras\u00e9 quelques fois sur le blog<br \/>\n(ou ailleurs) et tout le monde pensait que je m\u2019\u00e9tais effectivement<br \/>\nras\u00e9 la t\u00eate\u2026 M\u00eame des amis proches. Personnellement, je fais n\u2019importe<br \/>\nquoi sur le blog. Non pas que je cherche \u00e0 manipuler mais j\u2019aime assez<br \/>\nles petites choses \u00e9tonnantes qui peuvent d\u00e9couler d\u2019une note.<\/p>\n<p><strong><span style=\"color: #660000;\">Es-tu sensibles aux commentaires ?<br \/><\/span><\/strong><\/p>\n<p>C\u2019est un boulot d\u2019ego, le dessin je pense. Faut \u00eatre sacrement fier<br \/>\nde soit pour penser qu\u2019on peut int\u00e9resser du monde avec des petits<br \/>\nmickeys. Donc oui j\u2019aime recevoir des commentaires, quels qu\u2019ils<br \/>\nsoient. Je le suis moins lorsque le commentaire est un peu trop<br \/>\nfamilier. Le net donne l\u2019impression aux gens de te conna\u00eetre, c\u2019est des<br \/>\nfois d\u00e9routant.<\/p>\n<p><strong><span style=\"color: #660000;\">Qu&#8217;est-ce qui te plait le plus dans les blogs ?<br \/><\/span><\/strong><\/p>\n<p>Pouvoir suivre le boulot des gens dont j\u2019aime le taff au jour le jour. Etre surpris, inspir\u00e9, jaloux, motiv\u00e9\u2026<\/p>\n<p><strong><span style=\"color: #660000;\">Qu&#8217;aimes-tu le moins dans les blogs ?<br \/><\/span><\/strong><\/p>\n<p>Le gens qui prennent tout ceci un peu trop au s\u00e9rieux, ce ne sont<br \/>\nque quelques pages web de plus, plus ou moins visit\u00e9es mais \u00e7a reste<br \/>\nune page web. Faudrait pas croire que tenir un bon blog t\u2019assure une<br \/>\nr\u00e9elle reconnaissance de ton travail en dehors de la toile. En tout<br \/>\ncas, \u00e7a marche pas pour beaucoup aujourd\u2019hui. Peut-\u00eatre que \u00e7a se<br \/>\nd\u00e9veloppera, mais j\u2019ai du mal \u00e0 y croire. Rien ne vaut le papier au<br \/>\nfinal.<\/p>\n<p><a href=\"http:\/\/yannicklejeune.blogs.com\/.shared\/image.html?\/photos\/uncategorized\/20041218.jpg\" onclick=\"window.open(this.href, '_blank', 'width=650,height=511,scrollbars=no,resizable=no,toolbar=no,directories=no,location=no,menubar=no,status=no,left=0,top=0'); return false\"><img loading=\"lazy\" decoding=\"async\" width=\"300\" height=\"235\" border=\"0\" alt=\"18-12-2004\" title=\"18-12-2004\" src=\"https:\/\/www.wedobd.com\/wp-content\/uploads\/2005\/09\/20041218.jpg\" style=\"margin: 0px 5px 5px 0px; float: left;\" \/><\/a><a href=\"http:\/\/www.festival-blogs-bd.com\/2005\/08\/mais_cest_quoi__1.html\"><strong><span style=\"color: #660000;\">Que penses-tu des flux RSS ?<\/span><\/strong><\/a><\/p>\n<p>Si c\u2019est une \u00e9nergie renouvelable, pourquoi pas ?<\/p>\n<p><strong><span style=\"color: #660000;\">Et en dehors des blogs o\u00f9 peut-on voir ton travail ?<br \/><\/span><\/strong><\/p>\n<p>Dans la presse essentiellement, un peu dans Spirou, un peu dans Pif,<br \/>\nje bossais aussi pour Tch\u00f4 mais plus trop aujourd\u2019hui. Et un peu dans<br \/>\nla presse g\u00e9n\u00e9raliste et quotidienne aussi.<\/p>\n<p><strong><span style=\"color: #660000;\">As-tu des albums, si oui ? Peux-tu les pr\u00e9senter ?<br \/><\/span><\/strong><\/p>\n<p>Avec celui que les gens connaissent sous le pseudo de L\u2019amiral, nous<br \/>\navons commis un recueil de gags\/cartoons \u00e0 la Bo\u00eete \u00e0 Bulles au d\u00e9but<br \/>\nde l\u2019\u00e9t\u00e9 : Sans queue ni t\u00eate. Et j\u2019ai fait la couleur d\u2019un album<br \/>\njeunesse super chouette pour Dav chez un autre \u00ab \u00e9diteur \u00bb.<\/p>\n<p><strong><span style=\"color: #660000;\">Un dernier mot ?<br \/><\/span><\/strong><\/p>\n<p>Sous peu, Bengrrr.com va changer de forme et au final se rapprocher<br \/>\nun peu plus de la logique blog mais toujours en fait maison (merci<br \/>\nDoro).<\/p>\n<p><a href=\"http:\/\/yannicklejeune.blogs.com\/.shared\/image.html?\/photos\/uncategorized\/20040312.gif\" onclick=\"window.open(this.href, '_blank', 'width=580,height=269,scrollbars=no,resizable=no,toolbar=no,directories=no,location=no,menubar=no,status=no,left=0,top=0'); return false\"><img loading=\"lazy\" decoding=\"async\" width=\"450\" height=\"208\" border=\"0\" alt=\"12-03-2004\" title=\"12-03-2004\" src=\"https:\/\/www.wedobd.com\/wp-content\/uploads\/2005\/09\/20040312.gif\" style=\"margin: 0px 5px 5px 0px; float: left;\" \/><\/a><\/p>\n<div align=\"center\"><img decoding=\"async\" border=\"0\" src=\"https:\/\/www.wedobd.com\/wp-content\/uploads\/2005\/09\/counter.php_-4.png\" alt=\"free web tracker\" \/>\n<\/div>\n","protected":false},"excerpt":{"rendered":"<p>Il vient de co-r\u00e9aliser Sans Queue Ni Tete, un chef d&#8217;oeuvre de la BD d&#8217;humour avec L_amiral, aujourd&#8217;hui place \u00e0 BenGrrr.&nbsp; Comment as-tu commenc\u00e9 \u00e0 dessiner ? Comme tous les autres, \u00e9tant petit. Je dessinais des batailles de millions de fourmis sur mes albums de Tintin. Mais j\u2019ai fait une longue pause niveau dessin entre [&hellip;]<\/p>\n","protected":false},"author":4,"featured_media":0,"comment_status":"open","ping_status":"open","sticky":false,"template":"","format":"standard","meta":{"footnotes":""},"categories":[2],"tags":[874,273,457,875],"class_list":["post-5555","post","type-post","status-publish","format-standard","hentry","category-04-actualite-blogs-et-bd","tag-bengrrr","tag-blogs-bd","tag-festival-des-blogs-bd","tag-interview-de-bengrrr"],"_links":{"self":[{"href":"https:\/\/www.wedobd.com\/index.php?rest_route=\/wp\/v2\/posts\/5555","targetHints":{"allow":["GET"]}}],"collection":[{"href":"https:\/\/www.wedobd.com\/index.php?rest_route=\/wp\/v2\/posts"}],"about":[{"href":"https:\/\/www.wedobd.com\/index.php?rest_route=\/wp\/v2\/types\/post"}],"author":[{"embeddable":true,"href":"https:\/\/www.wedobd.com\/index.php?rest_route=\/wp\/v2\/users\/4"}],"replies":[{"embeddable":true,"href":"https:\/\/www.wedobd.com\/index.php?rest_route=%2Fwp%2Fv2%2Fcomments&post=5555"}],"version-history":[{"count":1,"href":"https:\/\/www.wedobd.com\/index.php?rest_route=\/wp\/v2\/posts\/5555\/revisions"}],"predecessor-version":[{"id":7181,"href":"https:\/\/www.wedobd.com\/index.php?rest_route=\/wp\/v2\/posts\/5555\/revisions\/7181"}],"wp:attachment":[{"href":"https:\/\/www.wedobd.com\/index.php?rest_route=%2Fwp%2Fv2%2Fmedia&parent=5555"}],"wp:term":[{"taxonomy":"category","embeddable":true,"href":"https:\/\/www.wedobd.com\/index.php?rest_route=%2Fwp%2Fv2%2Fcategories&post=5555"},{"taxonomy":"post_tag","embeddable":true,"href":"https:\/\/www.wedobd.com\/index.php?rest_route=%2Fwp%2Fv2%2Ftags&post=5555"}],"curies":[{"name":"wp","href":"https:\/\/api.w.org\/{rel}","templated":true}]}}