{"id":5572,"date":"2005-09-02T14:30:00","date_gmt":"2005-09-02T12:30:00","guid":{"rendered":"https:\/\/www.wedobd.com\/?p=5572"},"modified":"2025-09-29T16:12:44","modified_gmt":"2025-09-29T14:12:44","slug":"rem_nvert","status":"publish","type":"post","link":"https:\/\/www.wedobd.com\/?p=5572","title":{"rendered":"Interview de Rem et N\u00e9vert"},"content":{"rendered":"<p><strong><span style=\"color: #660000;\">Comme chaque vendredi, on vous propose de d\u00e9couvrir des dessinateurs d\u00e9butants. Ceux d&#8217;aujourd&#8217;hui ont respectivement 12 et 13 ans, <a href=\"http:\/\/www.20six.fr\/rembd_blog\">Rem<\/a> et <a href=\"http:\/\/www.20six.fr\/Nevertbd\">N\u00e9vert<\/a> ont d\u00e9j\u00e0 publi\u00e9 leurs dessins dans des fanzines, d\u00e9j\u00e0 lanc\u00e9 leurs blogs, il n&#8217;attendent plus que vos commentaires et vos conseils&#8230;<\/span><span style=\"color: #660000;\">&nbsp;<\/span><\/strong><\/p>\n<p><strong><span style=\"color: #660000;\"><a href=\"http:\/\/yannicklejeune.blogs.com\/.shared\/image.html?\/photos\/uncategorized\/rem_roxane_pour_boulet.jpg\" onclick=\"window.open(this.href, '_blank', 'width=630,height=1090,scrollbars=no,resizable=no,toolbar=no,directories=no,location=no,menubar=no,status=no,left=0,top=0'); return false\"><img loading=\"lazy\" decoding=\"async\" width=\"300\" height=\"519\" border=\"0\" alt=\"Rem roxane pour boulet\" title=\"Rem roxane pour boulet\" src=\"https:\/\/www.wedobd.com\/wp-content\/uploads\/2005\/09\/rem_roxane_pour_boulet.jpg\" style=\"margin: 0px 5px 5px 0px; float: left;\" \/><\/a>Comment avez-vous commenc\u00e9 \u00e0 dessiner ?<\/span><\/strong><\/p>\n<p><strong>Rem :<\/strong> Comme \u00e7a . . . il y avait un feutre sur la table et j&#8217;ai commenc\u00e9 . . . je devais avoir 3 ans \u00e0 peine.<\/p>\n<p><strong>N\u00e9vert :<\/strong>&nbsp; Tout d&#8217;abord le go\u00fbt du dessin est venu en lisant, puis je me suis mis \u00e0 recopier des dessins (exemple : Titeuf.) et petit \u00e0 petit je me suis mis \u00e0 cr\u00e9er mes personnages en cr\u00e9ant avec le temps mon style de dessin.<\/p>\n<p><strong><span style=\"color: #660000;\">Avez-vous suivi des cours de dessin ou une formation artistique ?<\/span><\/strong><\/p>\n<p><strong>Rem :<\/strong> Non ! Mais peut \u00eatre quand j&#8217;aurais fini mes \u00e9tudes . . . bah oui : je suis en 6\u00e8me ! Mais beaucoup d&#8217;auteurs me donnent des conseils !<\/p>\n<p><strong>N\u00e9vert :<\/strong> Oui et non. Des professionnels me suivent et me donnent des conseils, ensuite j&#8217;apprends dans les livres et je dessine tous les jours. <\/p>\n<p><strong><span style=\"color: #660000;\">Pouvez-vous pr\u00e9senter ton blog ?<\/span><\/strong><\/p>\n<p><strong>Rem :<\/strong> Il y a sur mon blog des dessins de Rem, gamin de 11 ans qui ne fait que dessiner, aller sur le web et voir des copains . . . (et des fois, \u00e7a lui arrive d&#8217;aller en cours . . . )<\/p>\n<p><strong>N\u00e9vert :<\/strong>&nbsp; Mon blog &quot;le monde vert de N\u00e9vert&quot; repr\u00e9sente ma vie, les festivals o\u00f9 je suis all\u00e9, les fanzines o\u00f9 j&#8217;ai \u00e9t\u00e9 accept\u00e9 ou refus\u00e9 etc&#8230;. Je la raconte par les dessins et je mets exceptionnellement quelques photos.<\/p>\n<p><!--more--><\/p>\n<p><strong><span style=\"color: #660000;\">Comment en \u00eates-vous venus \u00e0 blogguer ?<\/span><\/strong><\/p>\n<p><strong>Rem :<\/strong> J&#8217;ai montr\u00e9 des gribouillis sur un forum et c&#8217;est<br \/>\nLaurel (oui ! En personne !) qui m&#8217;a conseill\u00e9 de faire un blog . . .<br \/>\nAlors je l&#8217;ai fait !<\/p>\n<p><strong>N\u00e9vert :<\/strong> Au d\u00e9part je voulais cr\u00e9er un site web, mais manque<br \/>\nde temps et d&#8217;exp\u00e9rience j&#8217;ai cr\u00e9\u00e9 un blog, facile \u00e0 construire et<br \/>\npersonnalisable en attendant de voir na\u00eetre peut \u00eatre un site un jour&#8230; <\/p>\n<p><strong><span style=\"color: #660000;\"><a href=\"http:\/\/yannicklejeune.blogs.com\/.shared\/image.html?\/photos\/uncategorized\/nevert_peintre.jpg\" onclick=\"window.open(this.href, '_blank', 'width=239,height=375,scrollbars=no,resizable=no,toolbar=no,directories=no,location=no,menubar=no,status=no,left=0,top=0'); return false\"><img loading=\"lazy\" decoding=\"async\" width=\"300\" height=\"470\" border=\"0\" alt=\"Nevert peintre\" title=\"Nevert peintre\" src=\"https:\/\/www.wedobd.com\/wp-content\/uploads\/2005\/09\/nevert_peintre.jpg\" style=\"margin: 0px 0px 5px 5px; float: right;\" \/><\/a>Quel est votre objectif premier quand vous blogguez ?<\/span><\/strong><\/p>\n<p><strong>Rem :<\/strong> Je dessine avant tout pour moi et si \u00e7a plait tant mieux !<\/p>\n<p><strong>N\u00e9vert :<\/strong> Montrer mes dessins et mon actualit\u00e9, Si je suis \u00e0 un festival, les lecteurs de mon blog sauront ou me trouver&#8230; <\/p>\n<p><strong><span style=\"color: #660000;\">Quel \u00e9tait votre public cible au d\u00e9marrage ?<\/span><\/strong><\/p>\n<p><strong>Rem :<\/strong> Hum pas grand monde . . . moi . . . et ma grand m\u00e8re peut \u00eatre ? . . .<\/p>\n<p><strong>N\u00e9vert :<\/strong> Tout le monde, petit et grand, car je pense avoir un<br \/>\nhumour qui pla\u00eet autant aux adultes qu&#8217;aux enfants (sauf certaines<br \/>\nexceptions) <\/p>\n<p><strong><span style=\"color: #660000;\">Quels sont vos lecteurs aujourd&#8217;hui ?<\/span><\/strong><\/p>\n<p><strong>Rem :<\/strong> Les copains eux aussi bloggueurs, les copains pas<br \/>\nbloggueurs . . . les gens qui tombent un peu par hasard et . . . ma<br \/>\ngrand m\u00e8re ! Faut pas l&#8217;oublier . . .<\/p>\n<p><strong>N\u00e9vert :<\/strong> Des adultes pour des dessins ou planches choisis \u00e0 cet effet et surtout des jeunes. <\/p>\n<p><strong><span style=\"color: #660000;\">Combien de temps passez-vous sur vos notes (par jour\/par semaine) ?<\/span><\/strong><\/p>\n<p><strong>Rem :<\/strong> Je mets rarement des dessins faits le jour m\u00eame<br \/>\n(surement parce que j&#8217;ai la flemme de scanner en vitesse) alors je les<br \/>\ncolorie et si 2-3 jours apr\u00e8s ils vieillissent bien, je les mets !<br \/>\nSinon : poubelle.<\/p>\n<p><strong>N\u00e9vert :<\/strong> J&#8217;essaie de poster 3 fois minimum par semaine.<\/p>\n<p><strong><span style=\"color: #660000;\"><a href=\"http:\/\/yannicklejeune.blogs.com\/.shared\/image.html?\/photos\/uncategorized\/remforum.jpg\" onclick=\"window.open(this.href, '_blank', 'width=514,height=473,scrollbars=no,resizable=no,toolbar=no,directories=no,location=no,menubar=no,status=no,left=0,top=0'); return false\"><img loading=\"lazy\" decoding=\"async\" width=\"300\" height=\"276\" border=\"0\" alt=\"Rem forum\" title=\"Rem forum\" src=\"https:\/\/www.wedobd.com\/wp-content\/uploads\/2005\/09\/remforum.jpg\" style=\"margin: 0px 5px 5px 0px; float: left;\" \/><\/a>Est-ce du mat\u00e9riel fait expr\u00e8s pour le blog ou un carnet de croquis scann\u00e9 ou des trucs repris ailleurs ?<\/span><\/strong><\/p>\n<p><strong>Rem :<\/strong> Expr\u00e8s pour le blog, ou alors pour des petit fanzines .<br \/>\n. . sinon y a \u00e9galement de temps en temps des bouts de mon carnet de<br \/>\ncroquis : des aquarelles, des story bocard de B\u00e9d\u00e9s . . .<\/p>\n<p><strong>N\u00e9vert :<\/strong> Un peu de tout : si dans une note pr\u00e9c\u00e9dente j&#8217;ai<br \/>\ndit &quot; je pars au festival de Caen&quot;, dans une note suivante je vais<br \/>\nmontrer les croquis ou dessins que j&#8217;ai faits au festival. Si j&#8217;ai \u00e9t\u00e9<br \/>\naccept\u00e9 dans un fanzine je vais montrer le personnage que je fais pour<br \/>\nle fanzine etc&#8230; <\/p>\n<p><strong><span style=\"color: #660000;\"> <br \/><\/span><\/strong><\/p>\n<p><strong><span style=\"color: #660000;\">Comment les r\u00e9alisez-vous ? (crayonn\u00e9s, palette graphique, aquarelle&#8230;)<\/span><\/strong><\/p>\n<p><strong>Rem :<\/strong> Avec ce qu&#8217;on appelle un crayon.<\/p>\n<p><strong>N\u00e9vert :<\/strong> A la main au Faber-Castell, puis colorisation par Pixia.<\/p>\n<p><strong><span style=\"color: #660000;\">Quelles sont vos influences graphiques (BD ou artistiques) ?<\/span><\/strong><\/p>\n<p><strong>Rem :<\/strong> J&#8217;aime beaucoup ce que font Julien Neel, Larcenet, Boulet et Libon. Mais y a plein d&#8217;autre auteurs que j&#8217;adore aussi !<\/p>\n<p><strong><span style=\"color: #660000;\"><a href=\"http:\/\/yannicklejeune.blogs.com\/.shared\/image.html?\/photos\/uncategorized\/nevert_festival_blog.jpg\" onclick=\"window.open(this.href, '_blank', 'width=800,height=773,scrollbars=no,resizable=no,toolbar=no,directories=no,location=no,menubar=no,status=no,left=0,top=0'); return false\"><img loading=\"lazy\" decoding=\"async\" width=\"300\" height=\"290\" border=\"0\" alt=\"Nevert festival blog\" title=\"Nevert festival blog\" src=\"https:\/\/www.wedobd.com\/wp-content\/uploads\/2005\/09\/nevert_festival_blog.jpg\" style=\"margin: 0px 0px 5px 5px; float: right;\" \/><\/a><\/span><\/strong><strong><span style=\"color: #660000;\">Combien de temps passez-vous \u00e0 lire les blogs des autres ?<\/span><\/strong><\/p>\n<p><strong>Rem :<\/strong> Bah quand je dessine pas je suis sur internet et quand je suis sur<br \/>\ninternet c&#8217;est pour lire des blogs ! (ce qui veut dire pas mal de<br \/>\ntemps.)<\/p>\n<p><strong>N\u00e9vert :<\/strong> Cela d\u00e9pend du temps libre que j&#8217;ai mais je garde<br \/>\ntoujours un peu de temps pour d\u00e9couvrir de nouveaux blogs et parcourir<br \/>\nceux que je connais d\u00e9j\u00e0.<\/p>\n<p><strong><span style=\"color: #660000;\">Quels sont ceux dont vous \u00eates les plus fans ?<\/span><\/strong><\/p>\n<p><strong>Rem :<\/strong> Mes blogs pr\u00e9f\u00e9r\u00e9 sont surement <a href=\"http:\/\/www.festival-blogs-bd.com\/2005\/08\/interview_dak_b.html\">Bouletcorp (boulet) et Moutonbenzene (capu et libon)<\/a>.<\/p>\n<p><strong>N\u00e9vert :<\/strong> Bonne question&#8230; j&#8217;aime beaucoup ce que fait<br \/>\nLaurel, mais c&#8217;est dur de choisir car j&#8217;aime le dessin et toutes les<br \/>\ntechniques de dessins.\n<\/p>\n<p><strong><span style=\"color: #660000;\">Avez-vous rencontr\u00e9 des gens gr\u00e2ce aux blogs ?<\/span><\/strong><\/p>\n<p><strong>Rem :<\/strong> Voui, vraiment beaucoup . . . et on se voit dans les festivals !<\/p>\n<p><strong>N\u00e9vert :<\/strong> Oui, \u00e9norm\u00e9ment, d&#8217;ailleurs les blogs et internet sont des outils importants de nos jours. <\/p>\n<p><strong><span style=\"color: #660000;\">Avez-vous une anecdote particuli\u00e8re li\u00e9e aux blogs ?<\/span><\/strong><\/p>\n<p><strong>Rem :<\/strong> heu. . . oui ! Un jour, dans un festival, j&#8217;ai<br \/>\nrencontr\u00e9 une fille bloggeuse avec qui je parlais tout le temps sur MSN<br \/>\n. . . le jour ou on s&#8217;est vu on \u00e9tait tr\u00e8s intimid\u00e9s de se voir en vrai<br \/>\net on s&#8217;est \u00e0 peine dit bonjour !<\/p>\n<p><strong>N\u00e9vert :<\/strong> Non pas pour l&#8217;instant ! <\/p>\n<p><strong><span style=\"color: #660000;\"><a href=\"http:\/\/yannicklejeune.blogs.com\/.shared\/image.html?\/photos\/uncategorized\/remjukebox.png\" onclick=\"window.open(this.href, '_blank', 'width=800,height=344,scrollbars=no,resizable=no,toolbar=no,directories=no,location=no,menubar=no,status=no,left=0,top=0'); return false\"><img loading=\"lazy\" decoding=\"async\" width=\"300\" height=\"129\" border=\"0\" alt=\"Rem jukebox\" title=\"Rem jukebox\" src=\"https:\/\/www.wedobd.com\/wp-content\/uploads\/2005\/09\/remjukebox.png\" style=\"margin: 0px 5px 5px 0px; float: left;\" \/><\/a>Etes-vous sensibles aux commentaires ?<\/span><\/strong><\/p>\n<p><strong>Rem : <\/strong>J&#8217;aime bien qu&#8217;on me donne un avis sur le dessin de la note, mais c&#8217;est tout.<\/p>\n<p><strong>N\u00e9vert : <\/strong>Si quelqu&#8217;un me dit : &quot;C&#8217;est merveilleux ce que tu<br \/>\nfais, j&#8217;adore&quot;, \u00e9videmment cela me fais \u00e9norm\u00e9ment plaisir. Si<br \/>\nquelqu&#8217;un me donne un aspect n\u00e9gatif du dessin j&#8217;essaie de voir ce qui<br \/>\nne va pas et si je juge important d&#8217;en tenir compte, je rectifie le<br \/>\nprobl\u00e8me.<\/p>\n<p><strong><span style=\"color: #660000;\">Qu&#8217;est-ce qui vous plait le plus dans les blogs ?<\/span><\/strong><\/p>\n<p><strong>Rem :<\/strong> J&#8217;aime beaucoup les bd autobiographiques, ceux qui<br \/>\nracontent leur vie . . . qui n&#8217;est bien sur pas palpitante tout les<br \/>\njours, mais c&#8217;est \u00e7a qu&#8217;est marrant, certain bloggueurs arrivent \u00e0 la<br \/>\nrendre int\u00e9ressante quand m\u00eame ! Ce que j&#8217;aime bien quand je bloggue<br \/>\nc&#8217;est me dire que des gens vont peut \u00eatre aimer . . . malheur : des<br \/>\nfois elle aime pas !<\/p>\n<p><strong>N\u00e9vert :<\/strong> C&#8217;est la facilit\u00e9 de communication. <\/p>\n<p><strong><span style=\"color: #660000;\"><a href=\"http:\/\/yannicklejeune.blogs.com\/.shared\/image.html?\/photos\/uncategorized\/nevert_nu.jpg\" onclick=\"window.open(this.href, '_blank', 'width=660,height=594,scrollbars=no,resizable=no,toolbar=no,directories=no,location=no,menubar=no,status=no,left=0,top=0'); return false\"><img loading=\"lazy\" decoding=\"async\" width=\"300\" height=\"270\" border=\"0\" alt=\"Nevert nu\" title=\"Nevert nu\" src=\"https:\/\/www.wedobd.com\/wp-content\/uploads\/2005\/09\/nevert_nu.jpg\" style=\"margin: 0px 0px 5px 5px; float: right;\" \/><\/a>Qu&#8217;aimez-vous le moins dans les blogs ?<\/span><\/strong><\/p>\n<p>Rem : Les skyblogs !<\/p>\n<p><strong>N\u00e9vert :<\/strong> Certaines personnes se sentent prot\u00e9g\u00e9es derri\u00e8re leur \u00e9cran et se donnent le droit d&#8217;\u00e9crire des choses absurdes. <\/p>\n<p><a href=\"http:\/\/www.festival-blogs-bd.com\/2005\/08\/mais_cest_quoi__1.html\"><strong><span style=\"color: #660000;\">Que penses-tu des flux RSS ?<\/span><\/strong><\/a><\/p>\n<p><strong>Rem :<\/strong> Je ne sais pas ce que sais . . .<\/p>\n<p><strong>N\u00e9vert :<\/strong> Je n&#8217;ai toujours pas compris \u00e0 quoi cela servait&#8230; j&#8217;esp\u00e8re ne pas \u00eatre le seul ! <\/p>\n<p><strong><span style=\"color: #660000;\">Et en dehors des blogs o\u00f9 peut-on voir ton travail ?<\/span><\/strong><\/p>\n<p><strong>Rem :<\/strong> Dans des fanzines, sur mon site web . . .<\/p>\n<p><strong>N\u00e9vert :<\/strong> Je participe \u00e0 quelques fanzines mais je pr\u00e9sente mes cr\u00e9ations sur des forums en tous genres. <\/p>\n<p><strong><span style=\"color: #660000;\">As-tu des albums, si oui ? Peux-tu les pr\u00e9senter ?<\/span><\/strong><\/p>\n<p><strong>Rem :<\/strong> Ce ne sont pas vraiment des albums, mais des fanzines, des collectifs . . . <br \/>Il<br \/>\ny a Salut mag&#8217;z, 13 num\u00e9ros parus, qui est un petit fanzine de Bd que<br \/>\nj&#8217;ai cr\u00e9\u00e9 en ce2, donc \u00e7a fait beaucoup de temps qu&#8217;il existe . . . <br \/>Il<br \/>\ny a Divers gens qui a \u00e9t\u00e9 cr\u00e9\u00e9 par un ami bloggueur : Bac. Dedans il y<br \/>\na des illus, des rubriques et . . . des bd ! 1 num\u00e9ro paru. <br \/>Sinon un collectif vient de sortir, avec comme auteurs, entre autre, frantico, Laurel, Gio . . . et moi ! Edition l&#8217;\u00e9gouttoir.<\/p>\n<p><strong>N\u00e9vert :<\/strong> Il n&#8217;y en a pas pour l&#8217;instant, car je d\u00e9bute.<\/p>\n<p><strong><span style=\"color: #660000;\">Un dernier mot ?<br \/><\/span><\/strong><\/p>\n<p><strong>Rem :<\/strong> Coucou grand-m\u00e8re !<\/p>\n<p><img decoding=\"async\" border=\"0\" alt=\"counter statistics\" src=\"https:\/\/www.wedobd.com\/wp-content\/uploads\/2005\/09\/counter.php_-15.png\" \/><\/p>\n","protected":false},"excerpt":{"rendered":"<p>Comme chaque vendredi, on vous propose de d\u00e9couvrir des dessinateurs d\u00e9butants. Ceux d&#8217;aujourd&#8217;hui ont respectivement 12 et 13 ans, Rem et N\u00e9vert ont d\u00e9j\u00e0 publi\u00e9 leurs dessins dans des fanzines, d\u00e9j\u00e0 lanc\u00e9 leurs blogs, il n&#8217;attendent plus que vos commentaires et vos conseils&#8230;&nbsp; Comment avez-vous commenc\u00e9 \u00e0 dessiner ? Rem : Comme \u00e7a . . [&hellip;]<\/p>\n","protected":false},"author":4,"featured_media":0,"comment_status":"open","ping_status":"open","sticky":false,"template":"","format":"standard","meta":{"footnotes":""},"categories":[2],"tags":[273,457,895,894,816],"class_list":["post-5572","post","type-post","status-publish","format-standard","hentry","category-04-actualite-blogs-et-bd","tag-blogs-bd","tag-festival-des-blogs-bd","tag-interview-de-rem-et-nevert","tag-nevert","tag-rem"],"_links":{"self":[{"href":"https:\/\/www.wedobd.com\/index.php?rest_route=\/wp\/v2\/posts\/5572","targetHints":{"allow":["GET"]}}],"collection":[{"href":"https:\/\/www.wedobd.com\/index.php?rest_route=\/wp\/v2\/posts"}],"about":[{"href":"https:\/\/www.wedobd.com\/index.php?rest_route=\/wp\/v2\/types\/post"}],"author":[{"embeddable":true,"href":"https:\/\/www.wedobd.com\/index.php?rest_route=\/wp\/v2\/users\/4"}],"replies":[{"embeddable":true,"href":"https:\/\/www.wedobd.com\/index.php?rest_route=%2Fwp%2Fv2%2Fcomments&post=5572"}],"version-history":[{"count":1,"href":"https:\/\/www.wedobd.com\/index.php?rest_route=\/wp\/v2\/posts\/5572\/revisions"}],"predecessor-version":[{"id":7266,"href":"https:\/\/www.wedobd.com\/index.php?rest_route=\/wp\/v2\/posts\/5572\/revisions\/7266"}],"wp:attachment":[{"href":"https:\/\/www.wedobd.com\/index.php?rest_route=%2Fwp%2Fv2%2Fmedia&parent=5572"}],"wp:term":[{"taxonomy":"category","embeddable":true,"href":"https:\/\/www.wedobd.com\/index.php?rest_route=%2Fwp%2Fv2%2Fcategories&post=5572"},{"taxonomy":"post_tag","embeddable":true,"href":"https:\/\/www.wedobd.com\/index.php?rest_route=%2Fwp%2Fv2%2Ftags&post=5572"}],"curies":[{"name":"wp","href":"https:\/\/api.w.org\/{rel}","templated":true}]}}