{"id":5574,"date":"2005-09-01T19:15:00","date_gmt":"2005-09-01T17:15:00","guid":{"rendered":"https:\/\/www.wedobd.com\/?p=5574"},"modified":"2025-09-29T16:12:49","modified_gmt":"2025-09-29T14:12:49","slug":"nancy_pena","status":"publish","type":"post","link":"https:\/\/www.wedobd.com\/?p=5574","title":{"rendered":"Interview de Nancy Pe\u00f1a"},"content":{"rendered":"<p><strong><span style=\"color: #660000;\">Quand on \u00e9voque son nom dans la blogosph\u00e8re, on d\u00e9couvre tr\u00e8s vite que tout le monde conna\u00eet les dessins de cette artiste discr\u00e8te &quot;expatri\u00e9e&quot; \u00e0 Besan\u00e7on. Laiss\u00e9 \u00e0 l&#8217;abandon sur le bord d&#8217;une autoroute de vacances, son blog s&#8217;est tu pendant l&#8217;\u00e9t\u00e9. Avec la rentr\u00e9e, retrouvons <a href=\"http:\/\/www.20six.fr\/nancypena\">Nancy Pe\u00f1a<\/a>.<\/span><\/strong> <\/p>\n<p><strong><span style=\"color: #660000;\"><a href=\"http:\/\/yannicklejeune.blogs.com\/.shared\/image.html?\/photos\/uncategorized\/chatnoir.gif\" onclick=\"window.open(this.href, '_blank', 'width=539,height=519,scrollbars=yes,resizable=no,toolbar=no,directories=no,location=no,menubar=no,status=no,left=0,top=0'); return false\"><img loading=\"lazy\" decoding=\"async\" width=\"300\" height=\"288\" border=\"0\" src=\"https:\/\/www.wedobd.com\/wp-content\/uploads\/2005\/09\/chatnoir.gif\" alt=\"Chatnoir\" title=\"Chatnoir\" style=\"margin: 0px 5px 5px 0px; float: left;\" \/><\/a> Comment as-tu commenc\u00e9 \u00e0 dessiner ?<\/span><\/strong><\/p>\n<p>En imaginant des histoires apr\u00e8s l\u2019\u00e9cole.<\/p>\n<p><strong><span style=\"color: #660000;\">As-tu suivi des cours de dessin ou une&nbsp; &nbsp;formation artistique ?<\/span><\/strong><\/p>\n<p>J&#8217;ai fait toutes mes \u00e9tudes en arts appliqu\u00e9s, depuis le bac jusqu&#8217;\u00e0 une agr\u00e9gation.&nbsp; &nbsp;Et j&#8217;ai surtout suivi les cours de l&#8217;atelier de Catherine Escudi\u00e9 \u00e0 Toulouse, pendant plusieurs ann\u00e9es. C&#8217;est vraiment l\u00e0 <\/p>\n<p><strong><span style=\"color: #660000;\">Quel est ton objectif premier quand tu bloggues ?<\/span><\/strong><\/p>\n<p>Je voulais pouvoir pr\u00e9senter mes dessins plus librement et plus vite, et montrer des choses moins abouties que ce que je mets sur mon site, dont la vocation est plut\u00f4t de pr\u00e9senter des illustrations ou des planches finies.<\/p>\n<p><!--more--><\/p>\n<p><strong><span style=\"color: #660000;\">Quel \u00e9tait ton public cible au d\u00e9marrage&nbsp; &nbsp;?<\/span><\/strong><\/p>\n<p>Au d\u00e9part, j&#8217;ai ouvert ce blog surtout pour moi, pour m&#8217;obliger \u00e0<br \/>\ndessiner r\u00e9guli\u00e8rement. Donc je n&#8217;avais pas du tout id\u00e9e de qui pouvait<br \/>\nme lire parce que \u00e7a n&#8217;avait pas grande importance. <\/p>\n<p><strong><span style=\"color: #660000;\"><a href=\"http:\/\/yannicklejeune.blogs.com\/.shared\/image.html?\/photos\/uncategorized\/lewiscarrol_1.jpg\" onclick=\"window.open(this.href, '_blank', 'width=402,height=559,scrollbars=yes,resizable=no,toolbar=no,directories=no,location=no,menubar=no,status=no,left=0,top=0'); return false\"><img loading=\"lazy\" decoding=\"async\" width=\"300\" height=\"417\" border=\"0\" src=\"https:\/\/www.wedobd.com\/wp-content\/uploads\/2005\/09\/lewiscarrol_1.jpg\" alt=\"Lewiscarrol\" title=\"Lewiscarrol\" style=\"margin: 0px 0px 5px 5px; float: right;\" \/><\/a>Quels sont tes lecteurs aujourd&#8217;hui ?<\/span><\/strong><\/p>\n<p>Difficile \u00e0 dire, pas mal d&#8217;amis sans doute, mais c&#8217;est aussi un moyen de conserver un lien avec ses lecteurs entre deux albums.<\/p>\n<p><strong><span style=\"color: #660000;\">Combien de temps passes-tu sur tes notes&nbsp; &nbsp;(par jour\/par semaine) ?<\/span><\/strong><\/p>\n<p>Je ne fais pas vraiment de mises \u00e0 jour r\u00e9guli\u00e8res, et les dessins<br \/>\nque je mets en ligne sont tr\u00e8s divers aussi, \u00e7a va du croquis fait en 5<br \/>\nminutes \u00e0 des illustrations plus pouss\u00e9es.<\/p>\n<p><strong><span style=\"color: #660000;\">Est-ce du mat\u00e9riel fait expr\u00e8s pour le&nbsp; &nbsp;blog ou un carnet de croquis scann\u00e9 ou des trucs repris ailleurs ?<\/span><\/strong><\/p>\n<p>C&#8217;est surtout un carnet de croquis scann\u00e9, parfois mis en couleur \u00e0 l\u2019ordinateur.<\/p>\n<p><strong><span style=\"color: #660000;\">Comment les r\u00e9alises-tu ? (crayonn\u00e9s,&nbsp; &nbsp;palette graphique, aquarelle&#8230;)<\/span><\/strong><\/p>\n<p>Plume et encre pour les illustrations, crayon gras pour les croquis. <\/p>\n<p><strong><span style=\"color: #660000;\">Quelles sont tes influences graphiques (BD ou artistiques) ?<\/span><\/strong> <\/p>\n<p>C&#8217;est toujours assez dur de discerner ses propres influences. J&#8217;en vois deux vraiment importantes :<br \/>La premi\u00e8re, c&#8217;est will eisner, que j&#8217;ai d\u00e9couvert dans la biblioth\u00e8que g\u00e9ante de mon p\u00e8re.<br \/>C&#8217;est<br \/>\nlui qui m&#8217;a donn\u00e9 envie de raconter des histoires et qui m&#8217;a fait<br \/>\ncomprendre comment on pouvait se servir de labande dessin\u00e9e pour le<br \/>\nfaire.<br \/>La deuxi\u00e8me, c&#8217;est la gravure, et en particulier des graveurs comme Rembrandt et Callot.<br \/>C&#8217;est grace \u00e0 eux que j&#8217;aime tant la ligne.<br \/>Sinon,<br \/>\nj&#8217;ai l&#8217;impression d&#8217;\u00eatre tr\u00e8s influenc\u00e9e par les romans que je lis. Par<br \/>\nexemple pour dessiner le Cabinet Chinois, beaucoup d&#8217;images sont venues<br \/>\ndes livres de Marguerite Yourcenar.<\/p>\n<p><strong><span style=\"color: #660000;\"><a href=\"http:\/\/yannicklejeune.blogs.com\/.shared\/image.html?\/photos\/uncategorized\/guilde_1.gif\" onclick=\"window.open(this.href, '_blank', 'width=656,height=851,scrollbars=yes,resizable=no,toolbar=no,directories=no,location=no,menubar=no,status=no,left=0,top=0'); return false\"><img loading=\"lazy\" decoding=\"async\" width=\"300\" height=\"389\" border=\"0\" src=\"https:\/\/www.wedobd.com\/wp-content\/uploads\/2005\/09\/guilde_1.gif\" alt=\"Guilde\" title=\"Guilde\" style=\"margin: 0px 5px 5px 0px; float: left;\" \/><\/a>Combien de temps passes-tu \u00e0 lire les&nbsp; &nbsp;blogs des autres ?<\/span><\/strong><\/p>\n<p>Beaucoup trop de temps&#8230;<\/p>\n<p><strong><span style=\"color: #660000;\">Quels sont ceux dont tu es la plus fan ?<\/span><\/strong><\/p>\n<p>Les blogs des copains (Feyd, Miss Gally, Louis Bertrand Devaud\u2026), et<br \/>\nsinon&nbsp; &nbsp;Not a love song, Le journal de la jungle\u2026 des blogs dans<br \/>\nlesquels \u00e7a dessine&nbsp; &nbsp;en tout cas.<\/p>\n<p><strong><span style=\"color: #660000;\">As-tu rencontr\u00e9 des gens gr\u00e2ce aux blogs ?<\/span><\/strong> <\/p>\n<p>Oui, toi !<\/p>\n<p><strong><span style=\"color: #660000;\">Es-tu sensible aux commentaires ?<\/span><\/strong><\/p>\n<p>Comme tout dessinateur de bd, je marche pas mal \u00e0 l\u2019\u00e9go, donc oui, \u00e9videmment. <\/p>\n<p><strong><span style=\"color: #660000;\">Qu&#8217;est-ce qui te plait le plus dans les blogs ?<\/span><\/strong><\/p>\n<p>Ca fait tellement longtemps que je n&#8217;ai pas mis mon blog \u00e0 jour que j&#8217;ai honte de r\u00e9pondre&#8230;<\/p>\n<p><strong><span style=\"color: #660000;\">Qu&#8217;aimes-tu le moins dans les blogs ?<\/span><\/strong><\/p>\n<p>Peut-\u00eatre, que tout soit mis au m\u00eame niveau, et que donc, chacun<br \/>\npense avoir&nbsp; &nbsp;\u00e0 dire ou faire quelque chose d\u2019intelligent, alors que la<br \/>\nqualit\u00e9 des blogs&nbsp; &nbsp;est tr\u00e8s variable.<\/p>\n<p><a href=\"http:\/\/www.festival-blogs-bd.com\/2005\/08\/mais_cest_quoi__1.html\"><strong><span style=\"color: #660000;\">Que penses-tu des flux RSS ?<\/span><\/strong><\/a><\/p>\n<p>Depuis qu\u2019ils sont c\u00f4t\u00e9s en bourse, ils sont devenus beaucoup trop pr\u00e9tentieux.&nbsp; <\/p>\n<p><strong><span style=\"color: #660000;\"><a href=\"http:\/\/yannicklejeune.blogs.com\/.shared\/image.html?\/photos\/uncategorized\/miam.gif\" onclick=\"window.open(this.href, '_blank', 'width=629,height=624,scrollbars=yes,resizable=no,toolbar=no,directories=no,location=no,menubar=no,status=no,left=0,top=0'); return false\"><img loading=\"lazy\" decoding=\"async\" width=\"300\" height=\"297\" border=\"0\" src=\"https:\/\/www.wedobd.com\/wp-content\/uploads\/2005\/09\/miam.gif\" alt=\"Miam\" title=\"Miam\" style=\"margin: 0px 0px 5px 5px; float: right;\" \/><\/a>Et en dehors des blogs o\u00f9 peut-on voir ton travail ?<\/span><\/strong><\/p>\n<p><a href=\"http:\/\/nancipena.free.fr\/\">Sur mon site perso<\/a>, et puis<br \/>\ndans les rares parutions de mes travaux : un album (le cabinet chinois<br \/>\nparu \u00e0 la bo\u00eete \u00e0 Bulles, un tout petit livre (le p\u00e9ril l\u00e9poride paru<br \/>\nchez le reb\u2019) et des pages par ci par l\u00e0 (Porophore, Polystyr\u00e8ne, Zoo).<br \/>\nEt bient\u00f4t, il y aura le premier tome de la Guilde de la Mer, une s\u00e9rie<br \/>\nd\u2019aventures maritimes. <\/p>\n<p><strong><span style=\"color: #660000;\">As-tu des albums, si oui ? Peux-tu les pr\u00e9senter ?<\/span><\/strong><\/p>\n<p>Le cabinet chinois, donc, un album en noir et blanc dont l\u2019histoire<br \/>\nse d\u00e9roule dans la Hollande du XVI \u00e8me si\u00e8cle, et dans lequel on<br \/>\nrencontre des alchimistes et des dragons chinois. Et bient\u00f4t, il y aura<br \/>\nle premier tome de la Guilde de la Mer, une s\u00e9rie d\u2019aventures maritimes.<\/p>\n<p><span style=\"color: #660000;\"><strong>Un dernier mot ?<\/strong><\/span><\/p>\n<p><span style=\"color: #000000;\">Non, pas de dernier mot, c&#8217;est trop triste.<\/span><\/p>\n<p><strong><span style=\"color: #660000;\">NB : <\/span><\/strong>L<strong><span style=\"color: #660000;\">es mises en couleur de Nancy sont confi\u00e9es \u00e0 Feyd et Gally&#8230; A d\u00e9couvrir sur leur blogs respectif.<\/span><\/strong><\/p>\n<p><img decoding=\"async\" border=\"0\" src=\"https:\/\/www.wedobd.com\/wp-content\/uploads\/2005\/09\/counter.php_-16.png\" alt=\"web page hit counter\" \/> <\/p>\n","protected":false},"excerpt":{"rendered":"<p>Quand on \u00e9voque son nom dans la blogosph\u00e8re, on d\u00e9couvre tr\u00e8s vite que tout le monde conna\u00eet les dessins de cette artiste discr\u00e8te &quot;expatri\u00e9e&quot; \u00e0 Besan\u00e7on. Laiss\u00e9 \u00e0 l&#8217;abandon sur le bord d&#8217;une autoroute de vacances, son blog s&#8217;est tu pendant l&#8217;\u00e9t\u00e9. Avec la rentr\u00e9e, retrouvons Nancy Pe\u00f1a. Comment as-tu commenc\u00e9 \u00e0 dessiner ? En [&hellip;]<\/p>\n","protected":false},"author":4,"featured_media":0,"comment_status":"open","ping_status":"open","sticky":false,"template":"","format":"standard","meta":{"footnotes":""},"categories":[2],"tags":[273,457,896,323],"class_list":["post-5574","post","type-post","status-publish","format-standard","hentry","category-04-actualite-blogs-et-bd","tag-blogs-bd","tag-festival-des-blogs-bd","tag-interview-de-nancy-pena","tag-nancy-pena"],"_links":{"self":[{"href":"https:\/\/www.wedobd.com\/index.php?rest_route=\/wp\/v2\/posts\/5574","targetHints":{"allow":["GET"]}}],"collection":[{"href":"https:\/\/www.wedobd.com\/index.php?rest_route=\/wp\/v2\/posts"}],"about":[{"href":"https:\/\/www.wedobd.com\/index.php?rest_route=\/wp\/v2\/types\/post"}],"author":[{"embeddable":true,"href":"https:\/\/www.wedobd.com\/index.php?rest_route=\/wp\/v2\/users\/4"}],"replies":[{"embeddable":true,"href":"https:\/\/www.wedobd.com\/index.php?rest_route=%2Fwp%2Fv2%2Fcomments&post=5574"}],"version-history":[{"count":1,"href":"https:\/\/www.wedobd.com\/index.php?rest_route=\/wp\/v2\/posts\/5574\/revisions"}],"predecessor-version":[{"id":7274,"href":"https:\/\/www.wedobd.com\/index.php?rest_route=\/wp\/v2\/posts\/5574\/revisions\/7274"}],"wp:attachment":[{"href":"https:\/\/www.wedobd.com\/index.php?rest_route=%2Fwp%2Fv2%2Fmedia&parent=5574"}],"wp:term":[{"taxonomy":"category","embeddable":true,"href":"https:\/\/www.wedobd.com\/index.php?rest_route=%2Fwp%2Fv2%2Fcategories&post=5574"},{"taxonomy":"post_tag","embeddable":true,"href":"https:\/\/www.wedobd.com\/index.php?rest_route=%2Fwp%2Fv2%2Ftags&post=5574"}],"curies":[{"name":"wp","href":"https:\/\/api.w.org\/{rel}","templated":true}]}}