{"id":5579,"date":"2005-08-31T13:30:00","date_gmt":"2005-08-31T11:30:00","guid":{"rendered":"https:\/\/www.wedobd.com\/?p=5579"},"modified":"2025-09-29T16:13:33","modified_gmt":"2025-09-29T14:13:33","slug":"benbk","status":"publish","type":"post","link":"https:\/\/www.wedobd.com\/?p=5579","title":{"rendered":"Sp\u00e9ciale Belgique [2\/4] : BenBK"},"content":{"rendered":"<p><strong><span style=\"color: #660000;\">SPECIAL BELGIQUE EPISODE 2 : <\/span><\/strong><strong><span style=\"color: #660000;\">On continue notre visite des bloggueurs BD belges avec <a href=\"http:\/\/benbk.blogspot.com\/\">Benoit Bekaert dit BenBK<\/a>, un bloggueur fier d&#8217;\u00eatre coloriste.<\/span><span style=\"color: #660000;\">&nbsp;<\/span><\/strong><\/p>\n<p><strong><span style=\"color: #660000;\"><a onclick=\"window.open(this.href, '_blank', 'width=300,height=290,scrollbars=no,resizable=no,toolbar=no,directories=no,location=no,menubar=no,status=no,left=0,top=0'); return false\" href=\"http:\/\/yannicklejeune.blogs.com\/.shared\/image.html?\/photos\/uncategorized\/benbkyop.jpg\"><img loading=\"lazy\" decoding=\"async\" width=\"300\" height=\"290\" border=\"0\" src=\"https:\/\/www.wedobd.com\/wp-content\/uploads\/2005\/08\/benbkyop.jpg\" title=\"Yop\" alt=\"Yop\" style=\"margin: 0px 5px 5px 0px; float: left;\" \/><\/a>Comment as-tu commenc\u00e9 \u00e0 dessiner ?<br \/><\/span><\/strong><\/p>\n<p>C&#8217;est quelque chose qui fait partie de tout le monde. j&#8217;ai dessin\u00e9 d\u00e8s mon plus jeune \u00e2ge sans r\u00e9aliser ce que je faisais.<\/p>\n<p><strong><span style=\"color: #660000;\">As-tu suivi des cours de dessin ou une formation artistique ?<br \/><\/span><\/strong><\/p>\n<p>J&#8217;ai suivi l&#8217;ann\u00e9e de base \u00e0 l&#8217;\u00e9cole Saint-Luc \u00e0 Bruxelles. Comme je n&#8217;avais suivi aucune formation artistique avant de finir mes humanit\u00e9s (l&#8217;\u00e9quivalent belge du bac), je me suis dit que \u00e7a constituerait une base technique avant de m&#8217;inscrire \u00e0 la section BD. Grosse erreur ! Les profs \u00e9taient imbuvables, tyranniques et d\u00e9courageants. Heureusement que je fr\u00e9quentais d\u00e9j\u00e0 des amis auteurs pro qui m&#8217;ont mieux conseill\u00e9.<\/p>\n<p><!--more--><\/p>\n<p><strong><span style=\"color: #660000;\">Peux-tu pr\u00e9senter ton blog ?<br \/><\/span><\/strong><\/p>\n<p>On parle souvent des dessinateurs, moins des coloristes. \ud83d\ude42 Donc, je<br \/>\nparle des trucs qui se passent autour de moi, des bidules qui<br \/>\nm&#8217;\u00e9nervent ou des choses que j&#8217;adore&#8230;<\/p>\n<p><strong><span style=\"color: #660000;\">Comment en es-tu venu \u00e0 blogguer ?<br \/><\/span><\/strong><\/p>\n<p>Mon ancien site web avait \u00e9t\u00e9 fait tout en flash par un ami. Comme<br \/>\nje suis un nul en Flash, je n&#8217;arrivais pas \u00e0 le mettre \u00e0 jour, la honte<br \/>\n! (Si un webmaster lit ces lignes&#8230;) \ud83d\ude09 Le blog, c&#8217;est plus facile \u00e0<br \/>\ng\u00e9rer, plus instantan\u00e9, plus rigolo&#8230; Ca m&#8217;a plus plu \ud83d\ude42<\/p>\n<p><strong><span style=\"color: #660000;\"><a onclick=\"window.open(this.href, '_blank', 'width=400,height=408,scrollbars=no,resizable=no,toolbar=no,directories=no,location=no,menubar=no,status=no,left=0,top=0'); return false\" href=\"http:\/\/yannicklejeune.blogs.com\/.shared\/image.html?\/photos\/uncategorized\/20050630.jpg\"><img loading=\"lazy\" decoding=\"async\" width=\"300\" height=\"306\" border=\"0\" src=\"https:\/\/www.wedobd.com\/wp-content\/uploads\/2005\/08\/20050630.jpg\" title=\"30 06 2005\" alt=\"30 06 2005\" style=\"margin: 0px 0px 5px 5px; float: right;\" \/><\/a>Quel est ton objectif premier quand tu bloggues ?<br \/><\/span><\/strong><\/p>\n<p>Dire que je suis vivant \ud83d\ude00 Non, c&#8217;est plus un doux d\u00e9lire avec des trucs cons et des trucs moins cons.<\/p>\n<p><strong><span style=\"color: #660000;\">Quel \u00e9tait ton public cible au d\u00e9marrage ?<br \/><\/span><\/strong><\/p>\n<p>Les visiteurs de l&#8217;ancien site \ud83d\ude42 Comme je voulais un site \u00e0 la place du site \u00e7a me paraissait simple&#8230;<\/p>\n<p><strong><span style=\"color: #660000;\">Quels sont tes lecteurs aujourd&#8217;hui ?<br \/><\/span><\/strong><\/p>\n<p>J&#8217;ai l&#8217;impression que \u00e7a reste mon cercle de contacts d&#8217;internet<br \/>\net\/ou mes amis proches. Comme c&#8217;est souvent eux qui mettent des<br \/>\ncommentaires, je suppose qu&#8217;ils sont mes seuls lecteurs. \ud83d\ude42 Et<br \/>\ng\u00e9n\u00e9ralement, les nouveaux venus sont d&#8217;autres auteurs de BD ou des<br \/>\ngraphistes. Tr\u00e8s peu de lecteurs d&#8217;albums sur lesquels je bosse<br \/>\nfinalement.<\/p>\n<p><strong><span style=\"color: #660000;\">Combien de temps passes-tu sur tes notes (par jour\/par semaine) ?<br \/><\/span><\/strong><\/p>\n<p>2 ou 3 heures par semaine. Tout d\u00e9pend de mes boulots en cours et de l&#8217;urgence \ud83d\ude1b<\/p>\n<p><strong><span style=\"color: #660000;\">Est-ce du mat\u00e9riel fait expr\u00e8s pour le blog ou un carnet de croquis scann\u00e9 ou des trucs repris ailleurs ?<br \/><\/span><\/strong><\/p>\n<p>C&#8217;est souvent des dessins fait uniquement pour le blog. Sauf quand<br \/>\nje montre des images d&#8217;albums dont j&#8217;ai fait les couleurs, l\u00e0 c&#8217;est pas<br \/>\nmon dessin mais c&#8217;est mes couleurs \ud83d\ude42<\/p>\n<p><strong><span style=\"color: #660000;\">Comment les r\u00e9alises-tu ? (crayonn\u00e9s, palette graphique, aquarelle&#8230;)<br \/><\/span><\/strong><\/p>\n<p>Des crobars au crayon, au feutre sur un des bouts de papiers qui<br \/>\ntrainent.&nbsp; Je dessine de plus en plus directement \u00e0 la tablette<br \/>\ngraphique.<\/p>\n<p><strong><span style=\"color: #660000;\"><a onclick=\"window.open(this.href, '_blank', 'width=400,height=319,scrollbars=no,resizable=no,toolbar=no,directories=no,location=no,menubar=no,status=no,left=0,top=0'); return false\" href=\"http:\/\/yannicklejeune.blogs.com\/.shared\/image.html?\/photos\/uncategorized\/benbkbeavis.jpg\"><img loading=\"lazy\" decoding=\"async\" width=\"300\" height=\"239\" border=\"0\" src=\"https:\/\/www.wedobd.com\/wp-content\/uploads\/2005\/08\/benbkbeavis.jpg\" title=\"Beavis Butthead\" alt=\"Beavis Butthead\" style=\"margin: 0px 5px 5px 0px; float: left;\" \/><\/a>Quelles sont tes influences graphiques (BD ou artistiques) ?<br \/><\/span><\/strong><\/p>\n<p>Mon ma\u00eetre en BD, c&#8217;est Peyo ! Mais je pense \u00eatre plus influenc\u00e9 par<br \/>\nles s\u00e9ries anim\u00e9es comme les Simpsons, Futurama, les Powerpuff Girls,<br \/>\nSamurai Jack, Bob l&#8217;\u00e9ponge, South Park ou Beavis &amp; Butt-Head&#8230;<\/p>\n<p><strong><span style=\"color: #660000;\">Combien de temps passes-tu \u00e0 lire les blogs des autres ?<br \/><\/span><\/strong><\/p>\n<p>Tout d\u00e9pend s&#8217;il y a des nouvelles notes \ud83d\ude42 disons 20 minutes&#8230;<\/p>\n<p><strong><span style=\"color: #660000;\">Quels sont ceux dont tu es le plus fan ?<br \/><\/span><\/strong><\/p>\n<p>Le tout r\u00e9cent <a href=\"http:\/\/www.toupouri.com\/\">www.toupouri.com<\/a>, <a href=\"http:\/\/redak.spirou.com\/\">r\u00e9dac de Spirou<\/a>, <a href=\"http:\/\/beyondzedoodle.blogspot.com\/\">Marie<\/a>, <a href=\"http:\/\/pinkblogz.blogspot.com\/\">Grelin<\/a>, <a href=\"http:\/\/www.bengrrr.com\/1day\/index2.php\">BenGrrr<\/a>, <a href=\"http:\/\/chairafauteuil.over-blog.com\/\">Yuio<\/a>, <a href=\"http:\/\/enriquefernandez0.blogspot.com\/\">Enrique Fernandez<\/a> et <a href=\"http:\/\/www.20six.fr\/blogaloutre\">Loutre<\/a>.<\/p>\n<p><strong><span style=\"color: #660000;\">As-tu rencontr\u00e9 des gens gr\u00e2ce aux blogs ?<br \/><\/span><\/strong><\/p>\n<p>Oui. D\u00e9j\u00e0, mes contacts MSN se sont multipli\u00e9s \ud83d\ude42 Et puis j&#8217;ai fait plusieurs chouettes rencontres. \ud83d\ude42<\/p>\n<p><strong><span style=\"color: #660000;\"><a onclick=\"window.open(this.href, '_blank', 'width=300,height=234,scrollbars=no,resizable=no,toolbar=no,directories=no,location=no,menubar=no,status=no,left=0,top=0'); return false\" href=\"http:\/\/yannicklejeune.blogs.com\/.shared\/image.html?\/photos\/uncategorized\/benbkreponses.jpg\"><img loading=\"lazy\" decoding=\"async\" width=\"300\" height=\"234\" border=\"0\" src=\"https:\/\/www.wedobd.com\/wp-content\/uploads\/2005\/08\/benbkreponses.jpg\" title=\"Benbk R\u00e9ponses\" alt=\"Benbk R\u00e9ponses\" style=\"margin: 0px 0px 5px 5px; float: right;\" \/><\/a>As-tu une anecdote particuli\u00e8re li\u00e9e aux blogs ?<br \/><\/span><\/strong><\/p>\n<p>Quelques illus que j&#8217;avais fait au d\u00e9but de mon blog se sont<br \/>\nretrouv\u00e9es dans la balise \u00e0 cartoon du journal Spirou. J&#8217;\u00e9tais fier \ud83d\ude42<\/p>\n<p><strong><span style=\"color: #660000;\">Es-tu sensible aux commentaires ?<br \/><\/span><\/strong><\/p>\n<p>Heureusement qu&#8217;ils ne sont pas nombreux, donc je peux tous les lire \ud83d\ude42 Ca reste bon enfant et sans prise de t\u00eate.<\/p>\n<p><strong><span style=\"color: #660000;\">Qu&#8217;est-ce qui te plait le plus dans les blogs ?<br \/><\/span><\/strong><\/p>\n<p>J&#8217;aime le c\u00f4t\u00e9 d\u00e9connant, o\u00f9 on partage des passions, o\u00f9 on se<br \/>\nretrouve et o\u00f9 on peut aussi croiser des personnes int\u00e9ressantes qu&#8217;on<br \/>\nn&#8217;aurait pas crois\u00e9 ailleurs. J&#8217;aime aussi le c\u00f4t\u00e9 imm\u00e9diat et<br \/>\n\u00e9pisodique. Tant qu&#8217;on ne se prend pas trop au s\u00e9rieux, j&#8217;aime \ud83d\ude42<\/p>\n<p><a onclick=\"window.open(this.href, '_blank', 'width=520,height=787,scrollbars=no,resizable=no,toolbar=no,directories=no,location=no,menubar=no,status=no,left=0,top=0'); return false\" href=\"http:\/\/yannicklejeune.blogs.com\/.shared\/image.html?\/photos\/uncategorized\/20050810.jpg\"><img loading=\"lazy\" decoding=\"async\" width=\"300\" height=\"454\" border=\"0\" src=\"https:\/\/www.wedobd.com\/wp-content\/uploads\/2005\/08\/20050810.jpg\" title=\"10 08 2005\" alt=\"10 08 2005\" style=\"margin: 0px 5px 5px 0px; float: left;\" \/><\/a><strong><span style=\"color: #660000;\">Qu&#8217;aimes-tu le moins dans les blogs ?<br \/><\/span><\/strong><\/p>\n<p>J&#8217;aime moins l&#8217;effet &quot;starification&quot; ou l&#8217;inverse, le c\u00f4t\u00e9<br \/>\nsyst\u00e9matique casseur que les commentaires peuvent avoir. Les bloggeurs<br \/>\net les bloggeuses, ce sont des gens normaux, pas des vedettes qu&#8217;on<br \/>\nadule ou qu&#8217;on d\u00e9teste. Faut arr\u00eater de s&#8217;exciter l\u00e0 dessus!<br \/>Toujours<br \/>\npour les commentaires, j&#8217;aime moins le fait que certaines personnes<br \/>\nprennent les \u00e9v\u00e9nements qu&#8217;on raconte trop \u00e0 c\u0153ur&#8230; Ca d\u00e9chaine trop<br \/>\nles passions, \u00e7a divise les foules. C&#8217;est pareil sur les forums de<br \/>\ndiscussion. Ca me gave vite&#8230; Mieux vaut ne pas se prendre la t\u00eate,<br \/>\nrelativiser et avoir un karma super cool \ud83d\ude42<\/p>\n<p><a href=\"http:\/\/www.festival-blogs-bd.com\/2005\/08\/mais_cest_quoi__1.html\"><strong><span style=\"color: #660000;\">Que penses-tu des flux RSS ?<\/span><\/strong><\/a><\/p>\n<p>Haaaa, tu pr\u00eache un convaincu ! \ud83d\ude42 Je ne consulte que les flux RSS<br \/>\nou Atom. C&#8217;est vachement pratique et \u00e7a \u00e9vite de charger des pages web<br \/>\ninutilement. Je m&#8217;en sers aussi pour d&#8217;autres sites d&#8217;infos&#8230;<\/p>\n<p><strong><span style=\"color: #660000;\">Et en dehors des blogs o\u00f9 peut-on voir ton travail ?<br \/><\/span><\/strong><\/p>\n<p>Dans Spirou, Lanfeust Mag, Mickey, G\u00e9o Ado et dans les librairies BD \ud83d\ude42<\/p>\n<p><strong><span style=\"color: #660000;\">As-tu des albums, si oui ? Peux-tu les pr\u00e9senter ?<br \/><\/span><\/strong><\/p>\n<p>Un mini biblio : les s\u00e9ries &quot;Nathalie&quot;, &quot;Tamara&quot;, &quot;les p&#8217;tits<br \/>\ndiables&quot;, &quot;Basket Dunk&quot;, &quot;Mort de trouille&quot;, &quot;Le Style Catherine&quot;,&#8230;<\/p>\n<p>\n<img decoding=\"async\" border=\"0\" alt=\"counter statistics\" src=\"https:\/\/www.wedobd.com\/wp-content\/uploads\/2005\/08\/counter.php_-2.png\" \/><\/p>\n","protected":false},"excerpt":{"rendered":"<p>SPECIAL BELGIQUE EPISODE 2 : On continue notre visite des bloggueurs BD belges avec Benoit Bekaert dit BenBK, un bloggueur fier d&#8217;\u00eatre coloriste.&nbsp; Comment as-tu commenc\u00e9 \u00e0 dessiner ? C&#8217;est quelque chose qui fait partie de tout le monde. j&#8217;ai dessin\u00e9 d\u00e8s mon plus jeune \u00e2ge sans r\u00e9aliser ce que je faisais. As-tu suivi des [&hellip;]<\/p>\n","protected":false},"author":4,"featured_media":0,"comment_status":"open","ping_status":"open","sticky":false,"template":"","format":"standard","meta":{"footnotes":""},"categories":[2],"tags":[856,901,273,457,902],"class_list":["post-5579","post","type-post","status-publish","format-standard","hentry","category-04-actualite-blogs-et-bd","tag-benbk","tag-benoit-bekart","tag-blogs-bd","tag-festival-des-blogs-bd","tag-interview-de-benbk"],"_links":{"self":[{"href":"https:\/\/www.wedobd.com\/index.php?rest_route=\/wp\/v2\/posts\/5579","targetHints":{"allow":["GET"]}}],"collection":[{"href":"https:\/\/www.wedobd.com\/index.php?rest_route=\/wp\/v2\/posts"}],"about":[{"href":"https:\/\/www.wedobd.com\/index.php?rest_route=\/wp\/v2\/types\/post"}],"author":[{"embeddable":true,"href":"https:\/\/www.wedobd.com\/index.php?rest_route=\/wp\/v2\/users\/4"}],"replies":[{"embeddable":true,"href":"https:\/\/www.wedobd.com\/index.php?rest_route=%2Fwp%2Fv2%2Fcomments&post=5579"}],"version-history":[{"count":1,"href":"https:\/\/www.wedobd.com\/index.php?rest_route=\/wp\/v2\/posts\/5579\/revisions"}],"predecessor-version":[{"id":7306,"href":"https:\/\/www.wedobd.com\/index.php?rest_route=\/wp\/v2\/posts\/5579\/revisions\/7306"}],"wp:attachment":[{"href":"https:\/\/www.wedobd.com\/index.php?rest_route=%2Fwp%2Fv2%2Fmedia&parent=5579"}],"wp:term":[{"taxonomy":"category","embeddable":true,"href":"https:\/\/www.wedobd.com\/index.php?rest_route=%2Fwp%2Fv2%2Fcategories&post=5579"},{"taxonomy":"post_tag","embeddable":true,"href":"https:\/\/www.wedobd.com\/index.php?rest_route=%2Fwp%2Fv2%2Ftags&post=5579"}],"curies":[{"name":"wp","href":"https:\/\/api.w.org\/{rel}","templated":true}]}}