{"id":5590,"date":"2005-08-29T19:00:00","date_gmt":"2005-08-29T17:00:00","guid":{"rendered":"https:\/\/www.wedobd.com\/?p=5590"},"modified":"2025-09-29T16:14:34","modified_gmt":"2025-09-29T14:14:34","slug":"interview_daude","status":"publish","type":"post","link":"https:\/\/www.wedobd.com\/?p=5590","title":{"rendered":"Interview d&#8217;Aude Soleilhac"},"content":{"rendered":"<p><strong><span style=\"color: #660000;\">D\u00e9couvrons aujourd&#8217;hui <a href=\"http:\/\/www.20six.fr\/audesoleilhac\">Aude Soleilhac<\/a>, une <\/span><span style=\"color: #660000;\">dessinatrice angoumoisine de l&#8217;atelier Sanzot.<\/span><\/strong><\/p>\n<p><strong><span style=\"color: #660000;\"><a href=\"http:\/\/yannicklejeune.blogs.com\/.shared\/image.html?\/photos\/uncategorized\/mon_antre.jpg\" onclick=\"window.open(this.href, '_blank', 'width=383,height=382,scrollbars=no,resizable=no,toolbar=no,directories=no,location=no,menubar=no,status=no,left=0,top=0'); return false\"><img loading=\"lazy\" decoding=\"async\" width=\"300\" height=\"299\" border=\"0\" src=\"https:\/\/www.wedobd.com\/wp-content\/uploads\/2005\/08\/mon_antre.jpg\" alt=\"Mon antre\" title=\"Mon antre\" style=\"margin: 0px 5px 5px 0px; float: left;\" \/><\/a>Comment as-tu commenc\u00e9 \u00e0 dessiner ?<br \/><\/span><\/strong><\/p>\n<p>Je crois que c&#8217;est pour suivre mon p\u00e8re et mon fr\u00e8re qui dessinaient beaucoup quand j&#8217;\u00e9tais petite. G\u00e9n\u00e9ralement j&#8217;essayais de reproduire les dessins paternels et je tenter d&#8217;\u00e9galer le grand fr\u00e8re au niveau BD. Apr\u00e8s naturellement, j&#8217;ai continu\u00e9 dans les marges des cahiers \u00e0 l\u2019\u00e9cole (classique), et voil\u00e0.<\/p>\n<p><strong><span style=\"color: #660000;\">As-tu suivi des cours de dessin ou une formation artistique ?<br \/><\/span><\/strong><\/p>\n<p>Oui.&nbsp; Apr\u00e8s un court passage en fac de droit, j&#8217;ai tout abandonn\u00e9 et je me suis inscrite en pr\u00e9pa d&#8217;art, puis j&#8217;ai \u00e9t\u00e9 prise \u00e0 l&#8217;\u00e9cole de l&#8217;image d&#8217;Angoul\u00eame (qui rappelons-le, n&#8217;est pas une \u00e9cole de BD, mais bien une \u00e9cole de beaux arts, avec une petite option BD qui ne s&#8217;av\u00e8re importante qu&#8217;en 3\u00b0 ann\u00e9e).<\/p>\n<p><strong><span style=\"color: #660000;\">Peux-tu pr\u00e9senter ton blog ?<br \/><\/span><\/strong><\/p>\n<p>J&#8217;y raconte des anecdotes toutes b\u00eates de ma vie de tous les jours. Il me permet d&#8217;entretenir un dessin l\u00e2ch\u00e9 et dynamique (du moins j&#8217;essaie!!) et de faire des pauses r\u00e9cr\u00e9atives par rapport au &quot;boulots&quot; plus s\u00e9rieux.<\/p>\n<p><!--more--><\/p>\n<p><strong><span style=\"color: #660000;\"><a href=\"http:\/\/yannicklejeune.blogs.com\/.shared\/image.html?\/photos\/uncategorized\/glande.jpg\" onclick=\"window.open(this.href, '_blank', 'width=246,height=203,scrollbars=no,resizable=no,toolbar=no,directories=no,location=no,menubar=no,status=no,left=0,top=0'); return false\"><img loading=\"lazy\" decoding=\"async\" width=\"300\" height=\"247\" border=\"0\" src=\"https:\/\/www.wedobd.com\/wp-content\/uploads\/2005\/08\/glande.jpg\" alt=\"Glande\" title=\"Glande\" style=\"margin: 0px 0px 5px 5px; float: right;\" \/><\/a>Comment en es-tu venu \u00e0 blogguer ?<br \/><\/span><\/strong><\/p>\n<p>A force de voir d&#8217;autres auteurs bloggeurs, \u00e7a donne forc\u00e9ment envie de <br \/>s&#8217;y mettre aussi! et puis \u00e7a permet de raconter des choses qu&#8217;on aurait <br \/>jamais raconter en d&#8217;autres circonstances!:)<\/p>\n<p><strong><span style=\"color: #660000;\">Quel est ton objectif premier quand tu bloggues ?<br \/><\/span><\/strong><\/p>\n<p>Passer un bon moment en dessinant une nouvelle note, et oser penser faire rire les gens qui verront tout cela!<\/p>\n<p><strong><span style=\"color: #660000;\">Quel \u00e9tait ton public cible au d\u00e9marrage ?<br \/><\/span><\/strong><\/p>\n<p>Mes amis et ma famille, ainsi que quelques auteurs angoumoisins que je connais.<\/p>\n<p><strong><span style=\"color: #660000;\">Quels sont tes lecteurs aujourd&#8217;hui ?<br \/><\/span><\/strong><\/p>\n<p>Mes amis, ma famille, les quelques auteurs angoumoisins, et quelques<br \/>\nnouveaux venus issus du monde la BD ou non que je ne connais que par le<br \/>\npseudo internet. <\/p>\n<p><strong><span style=\"color: #660000;\">Combien de temps passes-tu sur tes notes (par jour\/par semaine) ?<br \/><\/span><\/strong><\/p>\n<p>C&#8217;est tr\u00e8s in\u00e9gal. Je ne prends pas toujours le temps de poster de<br \/>\nnouvelles notes. Ainsi il peut se passer quelques jours (hum&#8230; voire<br \/>\nsemaine) sans rien. Mais j&#8217;essaie d&#8217;y rem\u00e9dier pour poster une note au<br \/>\nmoins un fois tous les 3 jours.<\/p>\n<p><strong><span style=\"color: #660000;\"><a href=\"http:\/\/yannicklejeune.blogs.com\/.shared\/image.html?\/photos\/uncategorized\/cafards.jpg\" onclick=\"window.open(this.href, '_blank', 'width=457,height=305,scrollbars=no,resizable=no,toolbar=no,directories=no,location=no,menubar=no,status=no,left=0,top=0'); return false\"><img loading=\"lazy\" decoding=\"async\" width=\"300\" height=\"200\" border=\"0\" src=\"https:\/\/www.wedobd.com\/wp-content\/uploads\/2005\/08\/cafards.jpg\" alt=\"Cafards\" title=\"Cafards\" style=\"margin: 0px 5px 5px 0px; float: left;\" \/><\/a>Est-ce du mat\u00e9riel fait expr\u00e8s pour le blog ou un carnet de croquis scann\u00e9 ou des trucs repris ailleurs ?<br \/><\/span><\/strong><\/p>\n<p>Je r\u00e9alise des petites BD expr\u00e8s pour le blog. Il m&#8217;est arriv\u00e9 une<br \/>\nseule fois d&#8217;utiliser un extrait d&#8217;une planche d&#8217;un projet \u00e0 envoyer<br \/>\naux \u00e9diteurs.<\/p>\n<p><strong><span style=\"color: #660000;\">Comment les r\u00e9alises-tu ? (crayonn\u00e9s, palette graphique, aquarelle&#8230;)<br \/><\/span><\/strong><\/p>\n<p>Je fais g\u00e9n\u00e9ralement un crayonn\u00e9 tr\u00e8s rapide sur papier et zou,<br \/>\nencrage puis scannage puis mise en ligne. rien de pus simple. je les<br \/>\nlaisse g\u00e9n\u00e9ralement en noir et blanc.<\/p>\n<p><strong><span style=\"color: #660000;\">Quelles sont tes influences graphiques (BD ou artistiques) ?<br \/><\/span><\/strong><\/p>\n<p>Alors je dirais que j&#8217;ai \u00e9t\u00e9 tellement influenc\u00e9e par tellement de<br \/>\nmonde que \u00e7a va \u00eatre difficile d&#8217;\u00eatre pr\u00e9cis! Mais derni\u00e8rement, je<br \/>\ncrois pouvor citer sans me fourvoyer Larcenet, Trondheim, Sfar,<br \/>\nJouvray, Blain&#8230; tous ces gens l\u00e0 quoi!<\/p>\n<p><strong><span style=\"color: #660000;\">Combien de temps passes-tu \u00e0 lire les blogs des autres ?<br \/><\/span><\/strong><\/p>\n<p>Tous les matins, je fais le tour de mes blogs favoris. J&#8217;y passe au<br \/>\nmoins 15 minutes. Mais souvent je vais visiter les favoris d&#8217;autres<br \/>\nblogger et l\u00e0 \u00e7a peut durer longtemps&#8230;:) <\/p>\n<p><strong><span style=\"color: #660000;\"><a href=\"http:\/\/yannicklejeune.blogs.com\/.shared\/image.html?\/photos\/uncategorized\/jogg.jpg\" onclick=\"window.open(this.href, '_blank', 'width=433,height=273,scrollbars=no,resizable=no,toolbar=no,directories=no,location=no,menubar=no,status=no,left=0,top=0'); return false\"><img loading=\"lazy\" decoding=\"async\" width=\"300\" height=\"189\" border=\"0\" src=\"https:\/\/www.wedobd.com\/wp-content\/uploads\/2005\/08\/jogg.jpg\" alt=\"Jogging\" title=\"Jogging\" style=\"margin: 0px 0px 5px 5px; float: right;\" \/><\/a>Quels sont ceux dont tu es le plus fan ?<br \/><\/span><\/strong><\/p>\n<p>Le blog de Monsieur Boulet! quel talent!:) bien s\u00fbr, celui de<br \/>\nFrantico, h\u00e9las achev\u00e9; et je trouve celui de Cha relativement<br \/>\npertinent! <\/p>\n<p><strong><span style=\"color: #660000;\">As-tu rencontr\u00e9 des gens gr\u00e2ce aux blogs ?<br \/><\/span><\/strong><\/p>\n<p>Virtuellement oui. j&#8217;en ai surtout d\u00e9couvert!<\/p>\n<p><strong><span style=\"color: #660000;\">As-tu une anecdote particuli\u00e8re li\u00e9e aux blogs ?<br \/><\/span><\/strong><\/p>\n<p>Euh&#8230; non aucune.. d\u00e9sol\u00e9e&#8230;<\/p>\n<p><strong><span style=\"color: #660000;\">Es-tu sensibles aux commentaires ?<br \/><\/span><\/strong><\/p>\n<p>Oui! quelle d\u00e9ception quand une note reste des jours sans aucun<br \/>\ncommentaire!! Je sais bien que \u00e7a ne veut pas forc\u00e9ment dire que<br \/>\npersonne ne va lire, mais quand m\u00eame, \u00e7a rend triste!<\/p>\n<p><strong><span style=\"color: #660000;\">Qu&#8217;est-ce qui te plait le plus dans les blogs ?<br \/><\/span><\/strong><\/p>\n<p>C&#8217;est un moment de d\u00e9tente. Quand je lis des blogs, je m&#8217;amuse, je d\u00e9couvre des univers diff\u00e9rents et \u00e7a fait plaisir!<br \/>Quand<br \/>\nje bloggue, c&#8217;est aussi pour me faire plaisir. Je me fais sourire, je<br \/>\nne me mets pas de contrainte dans mes dessins, je laisse aller le<br \/>\ncrayon&#8230; bref, c&#8217;est la libert\u00e9!<br \/>Et en plus on peut partager \u00e7a<br \/>\navec tous les internautes! De plus on r\u00e9alise des choses qu&#8217;on aurait<br \/>\njamais faites dans un autre cadre que celui du blog.<\/p>\n<p><strong><span style=\"color: #660000;\"><a href=\"http:\/\/yannicklejeune.blogs.com\/.shared\/image.html?\/photos\/uncategorized\/voilavoila.jpg\" onclick=\"window.open(this.href, '_blank', 'width=437,height=186,scrollbars=no,resizable=no,toolbar=no,directories=no,location=no,menubar=no,status=no,left=0,top=0'); return false\"><img loading=\"lazy\" decoding=\"async\" width=\"300\" height=\"127\" border=\"0\" src=\"https:\/\/www.wedobd.com\/wp-content\/uploads\/2005\/08\/voilavoila.jpg\" alt=\"Voila voila\" title=\"Voila voila\" style=\"margin: 0px 5px 5px 0px; float: left;\" \/><\/a>Qu&#8217;aimes-tu le moins dans les blogs ?<br \/><\/span><\/strong><\/p>\n<p>Euh&#8230; J&#8217;ai un peu de mal avec les blogs de personnes qui raconte<br \/>\nleur vie priv\u00e9 et intime par pav\u00e9 de texte avec un s\u00e9rieux tel que \u00e7a<br \/>\nmet mal \u00e0 l&#8217;aise. j&#8217;ai assez de mal \u00e0 concevoir qu&#8217;on puisse \u00e9taler sa<br \/>\nvie sur le net comme \u00e7a aux yeux de tous. Frantico est une des rares<br \/>\nexceptions, car 1\/ pas de pav\u00e9 de texte indigeste et 2\/ au moins il y a<br \/>\nde la d\u00e9rision.<\/p>\n<p><a href=\"http:\/\/www.festival-blogs-bd.com\/2005\/08\/mais_cest_quoi__1.html\"><strong><span style=\"color: #660000;\">Que penses-tu des flux RSS ?<\/span><\/strong><\/a><\/p>\n<p>Je ne m&#8217;en sers pas, vu que je fais la tourn\u00e9e des blogs quotidiennement.<\/p>\n<p><strong><span style=\"color: #660000;\">Et en dehors des blogs o\u00f9 peut-on voir ton travail ?<br \/><\/span><\/strong><\/p>\n<p>J&#8217;ai <a href=\"http:\/\/lumabgo.free.fr\/\">un site web encore inachev\u00e9<\/a>&#8230; <\/p>\n<p><strong><span style=\"color: #660000;\">As-tu des albums, si oui ? Peux-tu les pr\u00e9senter ?<br \/><\/span><\/strong><\/p>\n<p>Non aucun album pour l&#8217;instant, mais j&#8217;ai particip\u00e9 aux 3 derniers<br \/>\n(et seuls de cette nouvel cuv\u00e9e) num\u00e9ros de Y\u00e9ti. Il s&#8217;agissait de gags<br \/>\nen une planche sur le quotidien d&#8217;une jeune fille. j&#8217;y avais aussi<br \/>\nrepris une histoire compl\u00e8tement absurde de 8 pages r\u00e9alis\u00e9es aux beaux<br \/>\narts.<\/p>\n<p><strong><span style=\"color: #660000;\">Un dernier mot ?<br \/><\/span><\/strong><\/p>\n<p>Euh&#8230; Vive la blogosph\u00e8re BD ?<\/p>\n<p><img decoding=\"async\" border=\"0\" src=\"https:\/\/www.wedobd.com\/wp-content\/uploads\/2005\/08\/counter.php_-6.png\" alt=\"counter hit make\" \/> <\/p>\n","protected":false},"excerpt":{"rendered":"<p>D\u00e9couvrons aujourd&#8217;hui Aude Soleilhac, une dessinatrice angoumoisine de l&#8217;atelier Sanzot. Comment as-tu commenc\u00e9 \u00e0 dessiner ? Je crois que c&#8217;est pour suivre mon p\u00e8re et mon fr\u00e8re qui dessinaient beaucoup quand j&#8217;\u00e9tais petite. G\u00e9n\u00e9ralement j&#8217;essayais de reproduire les dessins paternels et je tenter d&#8217;\u00e9galer le grand fr\u00e8re au niveau BD. Apr\u00e8s naturellement, j&#8217;ai continu\u00e9 dans [&hellip;]<\/p>\n","protected":false},"author":4,"featured_media":0,"comment_status":"open","ping_status":"open","sticky":false,"template":"","format":"standard","meta":{"footnotes":""},"categories":[2],"tags":[915,273,457,916],"class_list":["post-5590","post","type-post","status-publish","format-standard","hentry","category-04-actualite-blogs-et-bd","tag-aude-soleilhac","tag-blogs-bd","tag-festival-des-blogs-bd","tag-interview-daude-soleilhac"],"_links":{"self":[{"href":"https:\/\/www.wedobd.com\/index.php?rest_route=\/wp\/v2\/posts\/5590","targetHints":{"allow":["GET"]}}],"collection":[{"href":"https:\/\/www.wedobd.com\/index.php?rest_route=\/wp\/v2\/posts"}],"about":[{"href":"https:\/\/www.wedobd.com\/index.php?rest_route=\/wp\/v2\/types\/post"}],"author":[{"embeddable":true,"href":"https:\/\/www.wedobd.com\/index.php?rest_route=\/wp\/v2\/users\/4"}],"replies":[{"embeddable":true,"href":"https:\/\/www.wedobd.com\/index.php?rest_route=%2Fwp%2Fv2%2Fcomments&post=5590"}],"version-history":[{"count":1,"href":"https:\/\/www.wedobd.com\/index.php?rest_route=\/wp\/v2\/posts\/5590\/revisions"}],"predecessor-version":[{"id":7343,"href":"https:\/\/www.wedobd.com\/index.php?rest_route=\/wp\/v2\/posts\/5590\/revisions\/7343"}],"wp:attachment":[{"href":"https:\/\/www.wedobd.com\/index.php?rest_route=%2Fwp%2Fv2%2Fmedia&parent=5590"}],"wp:term":[{"taxonomy":"category","embeddable":true,"href":"https:\/\/www.wedobd.com\/index.php?rest_route=%2Fwp%2Fv2%2Fcategories&post=5590"},{"taxonomy":"post_tag","embeddable":true,"href":"https:\/\/www.wedobd.com\/index.php?rest_route=%2Fwp%2Fv2%2Ftags&post=5590"}],"curies":[{"name":"wp","href":"https:\/\/api.w.org\/{rel}","templated":true}]}}