{"id":5591,"date":"2005-08-29T13:00:00","date_gmt":"2005-08-29T11:00:00","guid":{"rendered":"https:\/\/www.wedobd.com\/?p=5591"},"modified":"2025-09-29T16:14:38","modified_gmt":"2025-09-29T14:14:38","slug":"obion-4","status":"publish","type":"post","link":"https:\/\/www.wedobd.com\/?p=5591","title":{"rendered":"Interview d&#8217;Obion"},"content":{"rendered":"<p><strong><span style=\"color: #660000;\">Nous d\u00e9butons la semaine avec <a href=\"http:\/\/www.20six.fr\/Obion\">Obion<\/a>, un auteur de BD habitu\u00e9 de Bulledair dont le blog est actuellement habit\u00e9 par la musique.<\/span><span style=\"color: #660000;\">&nbsp;<\/span><\/strong><\/p>\n<p><strong><span style=\"color: #660000;\"><a href=\"http:\/\/yannicklejeune.blogs.com\/.shared\/image.html?\/photos\/uncategorized\/portrait.jpg\" onclick=\"window.open(this.href, '_blank', 'width=500,height=840,scrollbars=no,resizable=no,toolbar=no,directories=no,location=no,menubar=no,status=no,left=0,top=0'); return false\"><img loading=\"lazy\" decoding=\"async\" width=\"300\" height=\"504\" border=\"0\" alt=\"Portrait\" title=\"Portrait\" src=\"https:\/\/www.wedobd.com\/wp-content\/uploads\/2005\/08\/portrait.jpg\" style=\"margin: 0px 5px 5px 0px; float: left;\" \/><\/a>Comment as-tu commenc\u00e9 \u00e0 dessiner ?<br \/><\/span><\/strong><\/p>\n<p>Un peu comme tout le monde, je pense\u2026 je n\u2019ai aucun souvenir d\u2019une \u00e9poque o\u00f9 je ne dessinais pas. J\u2019ai toujours dessin\u00e9 pour diff\u00e9rentes raisons. Essayer de plaire aux gens, de plaire aux filles(\u00e7a marche moins bien que la guitare mais bon\u2026), de communiquer\u2026 Aujourd\u2019hui ce sont des raisons beaucoup plus \u00e9go\u00efstes qui l\u2019ont emport\u00e9 ! \uf04a<\/p>\n<p><strong><span style=\"color: #660000;\">As-tu suivi des cours de dessin ou une formation artistique ?<br \/><\/span><\/strong><\/p>\n<p>Apr\u00e8s le bac (S), j\u2019ai pass\u00e9 quelques ann\u00e9es aux beaux arts mais je n\u2019y faisais pas vraiment de dessin, j\u2019ai plut\u00f4t l\u2019impression d\u2019avoir appris tout seul dans mon coin &#8230; A vrai dire, ce qui m\u2019a le plus handicap\u00e9 pendant les 20 premi\u00e8res ann\u00e9es de ma vie, c\u2019est que ma famille et mes copains trouvaient que je dessinais bien. J\u2019ai donc mis un peu te temps \u00e0 r\u00e9aliser que j\u2019avais tout \u00e0 apprendre.<\/p>\n<p><strong><span style=\"color: #660000;\">Peux-tu pr\u00e9senter ton blog ?<br \/><\/span><\/strong><\/p>\n<p>Mon blog est une sorte d\u2019immonde fourre-tout qui me sert un peu de laboratoire. Je suis assez impressionn\u00e9 par les bloggueurs qui arrivent \u00e0 \u00eatre constants et raconter des histoires avec les m\u00eames personnages tout le temps\u2026 En tout cas ce n\u2019est pas mon objectif.<br \/>Apr\u00e8s tout, chacun donne ce qu\u2019il veut ! :p<\/p>\n<p><!--more--><\/p>\n<p><strong><span style=\"color: #660000;\">Comment en es-tu venu \u00e0 blogguer ?<br \/><\/span><\/strong><\/p>\n<p>Bah, un peu comme tout le monde je pense, j\u2019\u00e9tais tr\u00e8s imbus de<br \/>\nmoi-m\u00eame, de la vanit\u00e9 \u00e0 revendre et je voulais montrer au monde entier<br \/>\nque je dessinais bien, que j\u2019\u00e9tais beau et intelligent, je voulais<br \/>\nqu\u2019on m\u2019aime\u2026 que\u2026 hum\u2026 non, en fait je ne sais plus tr\u00e8s bien\u2026 \ud83d\ude42<\/p>\n<p><strong><span style=\"color: #660000;\"><a href=\"http:\/\/yannicklejeune.blogs.com\/.shared\/image.html?\/photos\/uncategorized\/demon.jpg\" onclick=\"window.open(this.href, '_blank', 'width=400,height=716,scrollbars=no,resizable=no,toolbar=no,directories=no,location=no,menubar=no,status=no,left=0,top=0'); return false\"><img loading=\"lazy\" decoding=\"async\" width=\"300\" height=\"537\" border=\"0\" alt=\"Demon\" title=\"Demon\" src=\"https:\/\/www.wedobd.com\/wp-content\/uploads\/2005\/08\/demon.jpg\" style=\"margin: 0px 0px 5px 5px; float: right;\" \/><\/a>Quel est ton objectif premier quand tu bloggues ?<br \/><\/span><\/strong><\/p>\n<p>Partager des petits bouts souvent insignifiants de mon boulot, juste une ambiance, un ton. Une sorte d\u2019humeur du moment. <\/p>\n<p><strong><span style=\"color: #660000;\">Quel \u00e9tait ton public cible au d\u00e9marrage ?<br \/><\/span><\/strong><\/p>\n<p>Je n\u2019y ai jamais pens\u00e9 \u00e0 vrai dire mais maintenant que je dois<br \/>\nr\u00e9pondre \u00e0 la question, je suppose que je visais des gens un peu comme<br \/>\nmoi\u2026 qui avaient du temps \u00e0 perdre sur le net mais pas que.<\/p>\n<p><strong><span style=\"color: #660000;\">Quels sont tes lecteurs aujourd&#8217;hui ?<br \/><\/span><\/strong><\/p>\n<p>Je ne sais pas vraiment\u2026 <\/p>\n<p><strong><span style=\"color: #660000;\">Combien de temps passes-tu sur tes notes (par jour\/par semaine) ?<br \/><\/span><\/strong><\/p>\n<p>C\u2019est compl\u00e8tement variable, \u00e7a d\u00e9pend du temps que me laisse mon<br \/>\nboulot, des choses qui m\u2019arrivent dans la vie. Je ne suis pas un<br \/>\nbloggueur mod\u00e8le \u00e0 ce niveau l\u00e0\u2026 J\u2019ai un peu tendance \u00e0 privil\u00e9gier la<br \/>\nvraie vie \u00e0 la vie virtuelle\u2026<\/p>\n<p><strong><span style=\"color: #660000;\">Est-ce du mat\u00e9riel fait expr\u00e8s pour le blog ou un carnet de croquis scann\u00e9 ou des trucs repris ailleurs ?<br \/><\/span><\/strong><\/p>\n<p>Souvent je poste des recherches que j\u2019effectue dans le cadre de<br \/>\nprojets persos, ou juste pour le plaisir, des gribouillis faits au<br \/>\nt\u00e9l\u00e9phone\u2026 comme un carnet de route en quelque sorte. Mais petit \u00e0<br \/>\npetit, je fais de plus en plus de dessins sp\u00e9cialement pour le blog<\/p>\n<p><strong><span style=\"color: #660000;\">Comment les r\u00e9alises-tu ? (crayonn\u00e9s, palette graphique, aquarelle&#8230;)<br \/><\/span><\/strong><\/p>\n<p>J\u2019aime varier les plaisirs. Je fais un peu de tout, crayonn\u00e9s,<br \/>\nencrages, couleurs \u00e0 l\u2019encre ou l\u2019aquarelle mais aussi par ordi<br \/>\n(surtout par flemme en fait). Ces temps ci c\u2019est surtout crayonn\u00e9s<br \/>\ncolor\u00e9s \u00e0 l\u2019ordi (\u00e0 la souris). Mais j\u2019ai envie de revenir \u00e0 la couleur<br \/>\ntradi.<\/p>\n<p><strong><span style=\"color: #660000;\"><a href=\"http:\/\/yannicklejeune.blogs.com\/.shared\/image.html?\/photos\/uncategorized\/personnages.jpg\" onclick=\"window.open(this.href, '_blank', 'width=400,height=1123,scrollbars=no,resizable=no,toolbar=no,directories=no,location=no,menubar=no,status=no,left=0,top=0'); return false\"><img loading=\"lazy\" decoding=\"async\" width=\"300\" height=\"842\" border=\"0\" alt=\"Personnages\" title=\"Personnages\" src=\"https:\/\/www.wedobd.com\/wp-content\/uploads\/2005\/08\/personnages.jpg\" style=\"margin: 0px 5px 5px 0px; float: left;\" \/><\/a>Quelles sont tes influences graphiques (BD ou artistiques) ?<br \/><\/span><\/strong><\/p>\n<p>J\u2019ai toujours eu beaucoup de mal \u00e0 discerner mes influences<br \/>\ndirectes. J\u2019aime beaucoup de choses mais je ne sais pas lesquelles ont<br \/>\nvraiment marqu\u00e9 mon boulot. Quand j\u2019ai commenc\u00e9 \u00e0 faire s\u00e9rieusement de<br \/>\nla Bande dessin\u00e9e, il y avait incontestablement R\u00e9gis Loisel. Et<br \/>\nquelques autres, Claire Wendling, Mignola, \u2026 Aujourd\u2019hui je ne sais pas<br \/>\ntrop ce qu\u2019il en reste ni qui des auteurs qui me parlent le plus<br \/>\naujourd\u2019hui sont pr\u00e9sents dans mes dessins&#8230; Larcenet ? Blutch ? Blain<br \/>\n? De Crecy ? Schiele ?&nbsp; Carlos Nine ? Aucun d\u2019entre eux ?<\/p>\n<p><strong><span style=\"color: #660000;\">Combien de temps passes-tu \u00e0 lire les blogs des autres ?<br \/><\/span><\/strong><\/p>\n<p>En r\u00e9alit\u00e9 je suis peu de blogs de fa\u00e7on tr\u00e8s r\u00e9guli\u00e8re. 5 ou 6 de<br \/>\nfa\u00e7on quasi journali\u00e8re, les autres j\u2019y vais de temps en temps et je<br \/>\nsuis content de d\u00e9couvrir autant de nouvelles notes \u00e0 chaque fois ! \uf04a<br \/>Je<br \/>\nme suis rendu compte en rencontrant Miss Gally pour de vrai qu\u2019elle<br \/>\nsuivait pr\u00e8s de 80 blogs au quotidien. Heu\u2026 m\u00eame si j\u2019ai un peu de mal<br \/>\n\u00e0 comprendre qu\u2019on puisse y passer autant de temps, je ne peux qu\u2019\u00eatre<br \/>\nadmiratif ! \uf04a<\/p>\n<p><strong><span style=\"color: #660000;\">Quels sont ceux dont tu es le plus fan ?<br \/><\/span><\/strong><\/p>\n<p>J\u2019aime beaucoup les blogs de Boulet, comme tout le monde, Gally,<br \/>\nEverland, L_Amiral, cha, \u2026 bah, si je commence \u00e0 tous les citer il va<br \/>\nen manquer obligatoirement et je ferai trop de malheureux\u2026 Je ne peux<br \/>\npas faire \u00e7a\u2026<\/p>\n<p><strong><span style=\"color: #660000;\">As-tu rencontr\u00e9 des gens gr\u00e2ce aux blogs ?<br \/><\/span><\/strong><\/p>\n<p>Hihihi\u2026 oui\u2026 hum\u2026 je\u2026 <\/p>\n<p><strong><span style=\"color: #660000;\">As-tu une anecdote particuli\u00e8re li\u00e9e aux blogs ?<br \/><\/span><\/strong><\/p>\n<p>Oui. J\u2019ai rencontr\u00e9 des gens gr\u00e2ce aux blogs. <br \/>Hum\u2026 bon, ok, c\u2019est pas une super anecdote mais bon. <\/p>\n<p> <strong><span style=\"color: #660000;\">Es-tu sensible aux commentaires ?<br \/><\/span><\/strong><\/p>\n<p>Oui, je suis sensible aux commentaires d\u2019autant plus que j\u2019en ai<br \/>\ntr\u00e8s peu. Bon, c\u2019est ma faute, je ne suis pas assez r\u00e9gulier. Mais en<br \/>\nm\u00eame temps je ne suis pas devenu un bloggueur blas\u00e9 d\u2019avoir 86<br \/>\ncommentaires par note\u2026 ben oui, on se fait les raisons qu\u2019on peut.<\/p>\n<p><strong><span style=\"color: #660000;\">Qu&#8217;est-ce qui te plait le plus dans les blogs ?<br \/><\/span><\/strong><\/p>\n<p>C\u2019est pas important. C\u2019est jetable. Dispensable. Gadget. \u00c7a laisse des images \u00e9ph\u00e9m\u00e8res. <\/p>\n<p><strong><span style=\"color: #660000;\"><a href=\"http:\/\/yannicklejeune.blogs.com\/.shared\/image.html?\/photos\/uncategorized\/nuage.jpg\" onclick=\"window.open(this.href, '_blank', 'width=500,height=595,scrollbars=no,resizable=no,toolbar=no,directories=no,location=no,menubar=no,status=no,left=0,top=0'); return false\"><img loading=\"lazy\" decoding=\"async\" width=\"300\" height=\"357\" border=\"0\" alt=\"Nuage\" title=\"Nuage\" src=\"https:\/\/www.wedobd.com\/wp-content\/uploads\/2005\/08\/nuage.jpg\" style=\"margin: 0px 0px 5px 5px; float: right;\" \/><\/a>Qu&#8217;aimes-tu le moins dans les blogs ?<br \/><\/span><\/strong><\/p>\n<p>Les vilains visiteurs qui laissent des commentaires blessants. Et les gentils visiteurs qui laissent des commentaires niais.<\/p>\n<p><a href=\"http:\/\/www.festival-blogs-bd.com\/2005\/08\/mais_cest_quoi__1.html\"><strong><span style=\"color: #660000;\">Que penses-tu des flux RSS ?<\/span><\/strong><\/a><\/p>\n<p>L\u2019Ex URSS ?? Houl\u00e0\u2026 c\u2019est un vaste sujet\u2026<\/p>\n<p><strong><span style=\"color: #660000;\">Et en dehors des blogs o\u00f9 peut-on voir ton travail ?<br \/><\/span><\/strong><\/p>\n<p>J\u2019ai un site perso mais qui n\u2019a pas \u00e9t\u00e9 mis \u00e0 jour depuis pas loin d\u2019un an et demi\u2026 <a href=\"http:\/\/obion.net\/\">il y a des vieilles choses dedans<\/a>. J\u2019ai une expo sur <a href=\"http:\/\/www.bulledair.com\/index.php?rubrique=expo&amp;expo=obion\">Bulledair<\/a> mais elle date aussi et j\u2019ai \u00e9galement post\u00e9 des dessins dans <a href=\"http:\/\/www.bulledair.com\/index.php?rubrique=illustrations-archives&amp;pseudo=obion\">la Bullegalerie.<\/a><br \/>&nbsp; <\/p>\n<p><strong><span style=\"color: #660000;\">As-tu des albums, si oui ? Peux-tu les pr\u00e9senter ?<br \/><\/span><\/strong><\/p>\n<p>J\u2019ai commenc\u00e9 une s\u00e9rie chez Delcourt qui s\u2019appelle \u00ab Le D\u00e9serteur<br \/>\n\u00bb, sur un sc\u00e9nario de Kris. Elle comporte pour le moment 2 tomes.<br \/>\nJ\u2019avais \u00e9galement commenc\u00e9 une autre s\u00e9rie chez eux (KrOb art) mais il<br \/>\nsemblerait qu\u2019elle ait \u00e9t\u00e9 annul\u00e9e depuis deux mois. Il y a aussi les<br \/>\nDeath Squad , une s\u00e9rie de strips r\u00e9alis\u00e9s par Mike pour lesquels je<br \/>\nfais la couleur, \u00e7a para\u00eet en hebdo sur Bulledair ainsi que dans<br \/>\nLanfeust Mag. <br \/>J\u2019ai d\u2019autres projets en t\u00eate\u2026 enfin je crois, \u00e0<br \/>\nvrai dire, ces temps ci je ne sais plus trop ce que je vais faire\u2026<br \/>\nC\u2019est \u00e0 la fois flippant et assez grisant je trouve. Enfin\u2026<\/p>\n<p><a onclick=\"window.open(this.href, '_blank', 'width=700,height=193,scrollbars=no,resizable=no,toolbar=no,directories=no,location=no,menubar=no,status=no,left=0,top=0'); return false\" href=\"http:\/\/yannicklejeune.blogs.com\/.shared\/image.html?\/photos\/uncategorized\/deathsquad_1.jpg\"><img loading=\"lazy\" decoding=\"async\" width=\"450\" height=\"124\" border=\"0\" src=\"https:\/\/www.wedobd.com\/wp-content\/uploads\/2005\/08\/deathsquad_1.jpg\" title=\"Deathsquad_1\" alt=\"Deathsquad_1\" \/><\/a>\n<\/p>\n<p><strong><span style=\"color: #660000;\">Un dernier mot ?<br \/><\/span><\/strong><\/p>\n<p>Heu\u2026 Me mettez pas la pression comme \u00e7a\u2026 je dois trouver un truc intelligent \u00e0 dire juste l\u00e0 sinon&nbsp; c\u2019est trop tard, c\u2019est \u00e7a ?<br \/>\u2026\u2026.<br \/>Argh, trop tard.<\/p>\n<p><img decoding=\"async\" border=\"0\" src=\"https:\/\/www.wedobd.com\/wp-content\/uploads\/2005\/08\/counter.php_-7.png\" alt=\"best website stats\" \/><\/p>\n","protected":false},"excerpt":{"rendered":"<p>Nous d\u00e9butons la semaine avec Obion, un auteur de BD habitu\u00e9 de Bulledair dont le blog est actuellement habit\u00e9 par la musique.&nbsp; Comment as-tu commenc\u00e9 \u00e0 dessiner ? Un peu comme tout le monde, je pense\u2026 je n\u2019ai aucun souvenir d\u2019une \u00e9poque o\u00f9 je ne dessinais pas. J\u2019ai toujours dessin\u00e9 pour diff\u00e9rentes raisons. Essayer de [&hellip;]<\/p>\n","protected":false},"author":4,"featured_media":0,"comment_status":"open","ping_status":"open","sticky":false,"template":"","format":"standard","meta":{"footnotes":""},"categories":[2],"tags":[273,868,917,83],"class_list":["post-5591","post","type-post","status-publish","format-standard","hentry","category-04-actualite-blogs-et-bd","tag-blogs-bd","tag-festival-blogs-bd","tag-interview-dobion","tag-obion"],"_links":{"self":[{"href":"https:\/\/www.wedobd.com\/index.php?rest_route=\/wp\/v2\/posts\/5591","targetHints":{"allow":["GET"]}}],"collection":[{"href":"https:\/\/www.wedobd.com\/index.php?rest_route=\/wp\/v2\/posts"}],"about":[{"href":"https:\/\/www.wedobd.com\/index.php?rest_route=\/wp\/v2\/types\/post"}],"author":[{"embeddable":true,"href":"https:\/\/www.wedobd.com\/index.php?rest_route=\/wp\/v2\/users\/4"}],"replies":[{"embeddable":true,"href":"https:\/\/www.wedobd.com\/index.php?rest_route=%2Fwp%2Fv2%2Fcomments&post=5591"}],"version-history":[{"count":1,"href":"https:\/\/www.wedobd.com\/index.php?rest_route=\/wp\/v2\/posts\/5591\/revisions"}],"predecessor-version":[{"id":7350,"href":"https:\/\/www.wedobd.com\/index.php?rest_route=\/wp\/v2\/posts\/5591\/revisions\/7350"}],"wp:attachment":[{"href":"https:\/\/www.wedobd.com\/index.php?rest_route=%2Fwp%2Fv2%2Fmedia&parent=5591"}],"wp:term":[{"taxonomy":"category","embeddable":true,"href":"https:\/\/www.wedobd.com\/index.php?rest_route=%2Fwp%2Fv2%2Fcategories&post=5591"},{"taxonomy":"post_tag","embeddable":true,"href":"https:\/\/www.wedobd.com\/index.php?rest_route=%2Fwp%2Fv2%2Ftags&post=5591"}],"curies":[{"name":"wp","href":"https:\/\/api.w.org\/{rel}","templated":true}]}}