{"id":5596,"date":"2005-08-27T19:07:00","date_gmt":"2005-08-27T17:07:00","guid":{"rendered":"https:\/\/www.wedobd.com\/?p=5596"},"modified":"2025-09-29T16:15:12","modified_gmt":"2025-09-29T14:15:12","slug":"vie_du_lutin","status":"publish","type":"post","link":"https:\/\/www.wedobd.com\/?p=5596","title":{"rendered":"Interview d&#8217;Allan"},"content":{"rendered":"<p><strong><span style=\"color: #660000;\">A l&#8217;aide son blog <a href=\"http:\/\/laviedulutin.over-blog.com\/\">La vie du lutin<\/a> <\/span><a href=\"http:\/\/www.20six.fr\/dolph\"><span style=\"color: #660000;\">&nbsp;<\/span><\/a><span style=\"color: #660000;\">, Allan s&#8217;est fait remarqu\u00e9 par Trondheim et Spirou, \u00e7a fait r\u00eaver&#8230;<\/span><span style=\"color: #660000;\">&nbsp;<\/span><\/strong><\/p>\n<p><strong><span style=\"color: #660000;\"><a href=\"http:\/\/yannicklejeune.blogs.com\/.shared\/image.html?\/photos\/uncategorized\/barte_1.jpg\" onclick=\"window.open(this.href, '_blank', 'width=400,height=345,scrollbars=yes,resizable=no,toolbar=no,directories=no,location=no,menubar=no,status=no,left=0,top=0'); return false\"><img loading=\"lazy\" decoding=\"async\" width=\"300\" height=\"258\" border=\"0\" alt=\"Rencontre avec Trondheim\" title=\"Rencontre avec Trondheim\" src=\"https:\/\/www.wedobd.com\/wp-content\/uploads\/2005\/08\/barte_1.jpg\" style=\"margin: 0px 5px 5px 0px; float: left;\" \/><\/a>Comment as-tu commenc\u00e9 \u00e0 dessiner ?<br \/><\/span><\/strong><\/p>\n<p>Comme tout le monde je pense. Ca commence \u00e0 la maternelle quand les instits sollicitent les gamins pour le faire, \u00e7a continue un peu en primaire. Et puis au coll\u00e8ge, comme on nous demande plus vraiment de gribouiller mais qu&#8217;on aime bien \u00e7a, bah on s&#8217;exprime sur les cahiers et les tables. Ensuite \u00e0 force de voir les tables de classe lav\u00e9es toutes les semaines et quand j&#8217;en ai eu trop marre de d\u00e9couper mes cahiers pour y r\u00e9cup\u00e9rer les dessins que j&#8217;aimais bien, je me suis mis \u00e0 dessiner sur de belles feuilles blanches (mais en fait je continuais aussi sur les tables et les cahiers alors \u00e7a revenait au m\u00eame !). <\/p>\n<p><strong><span style=\"color: #660000;\">As-tu suivi des cours de dessin ou une formation artistique ?<br \/><\/span><\/strong><\/p>\n<p>Non mon gars, mon \u00e9cole \u00e0 moi c&#8217;est la rue, je suis un guerrier de l&#8217;asphalte et&#8230;euh&#8230; enfin non quoi.<\/p>\n<p><!--more--><\/p>\n<p><strong><span style=\"color: #660000;\"><a onclick=\"window.open(this.href, '_blank', 'width=400,height=400,scrollbars=yes,resizable=no,toolbar=no,directories=no,location=no,menubar=no,status=no,left=0,top=0'); return false\" href=\"http:\/\/yannicklejeune.blogs.com\/.shared\/image.html?\/photos\/uncategorized\/barte_4.jpg\"><img loading=\"lazy\" decoding=\"async\" width=\"300\" height=\"300\" border=\"0\" src=\"https:\/\/www.wedobd.com\/wp-content\/uploads\/2005\/08\/barte_4.jpg\" title=\"La vie du lutin d\u00e9voil\u00e9e\" alt=\"La vie du lutin d\u00e9voil\u00e9e\" style=\"margin: 0px 0px 5px 5px; float: right;\" \/><\/a>Peux-tu pr\u00e9senter tes blogs ?<br \/><\/span><\/strong><\/p>\n<p>Mon blog <a href=\"http:\/\/dessine-et-gribouille.over-blog.com\/\">\u00ab dessine et gribouille \u00bb<\/a><br \/>\nest simplement un pr\u00e9texte pour m&#8217;imposer de dessiner r\u00e9guli\u00e8rement. Il<br \/>\nn&#8217;est pas impersonnel mais il n&#8217;est pas intime non plus. J&#8217;y dessine<br \/>\ndes trucs dont je pourrais parler avec n&#8217;importe qui. De toutes fa\u00e7ons,<br \/>\nil n&#8217;est vu que par une vingtaine de personnes par jour: mes proches<br \/>\nqui se tiennent ainsi inform\u00e9s. <br \/>Pour ce qui est de <a href=\"http:\/\/laviedulutin.over-blog.com\/\">\u00ab la vie du lutin \u00bb<\/a><br \/>\nc&#8217;est le journal (pour ne pas dire \u00ab cahier intime \u00bb, \u00e7a c&#8217;est pour les<br \/>\nfilles) d&#8217;un gamin de 8 ans qui gribouille son quotidien ainsi que ses<br \/>\npetites \u00ab blagounettes \u00bb sous formes dessin\u00e9e. Il est parfois un peu<br \/>\ncruel et m\u00e9chant, mais je ne trouve pas \u00e7a tr\u00e8s \u00e9loign\u00e9 de la fa\u00e7on<br \/>\ndont peuvent se comporter les gamins: tout mignons puis horribles la<br \/>\nseconde d&#8217;apr\u00e8s. L&#8217;apprentissage de \u00ab ce qui se fait \u00bb et de \u00ab ce qui<br \/>\nne se fait pas \u00bb est parfois difficile ! \ud83d\ude42 <\/p>\n<p><strong><span style=\"color: #660000;\"><a onclick=\"window.open(this.href, '_blank', 'width=600,height=486,scrollbars=yes,resizable=no,toolbar=no,directories=no,location=no,menubar=no,status=no,left=0,top=0'); return false\" href=\"http:\/\/yannicklejeune.blogs.com\/.shared\/image.html?\/photos\/uncategorized\/cherchezaimeur.jpg\"><img loading=\"lazy\" decoding=\"async\" width=\"300\" height=\"243\" border=\"0\" src=\"https:\/\/www.wedobd.com\/wp-content\/uploads\/2005\/08\/cherchezaimeur.jpg\" title=\"Le zaimeur\" alt=\"Le zaimeur\" style=\"margin: 0px 5px 5px 0px; float: left;\" \/><\/a>Comment en es-tu venu \u00e0 blogguer ?<br \/><\/span><\/strong><\/p>\n<p>Je cherchais des infos sur Manu Larcenet. Son site n&#8217;\u00e9tant plus \u00e0<br \/>\njour je me demandais ce qu&#8217;il pouvait bien fabriquer. Je suis tomb\u00e9 sur<br \/>\nson blog et je me suis dit \u00ab ahhh mais on peut dessiner aussi sur un<br \/>\nblog ?!!! \u00bb Jusqu&#8217;alors, les blogs n&#8217;\u00e9taient pour moi qu&#8217;une petite<br \/>\nfen\u00eatre sur l&#8217;\u00e9go de chacun. Je me suis dit que je pouvais m&#8217;en servir<br \/>\npour m&#8217;astreindre \u00e0 un certain rythme dans ma production et&#8230; ouvrir<br \/>\nune petite fen\u00eatre sur mon \u00e9go. <\/p>\n<p><strong><span style=\"color: #660000;\">Quel est ton objectif premier quand tu bloggues ?<br \/><\/span><\/strong><\/p>\n<p>M&#8217;amuser. C&#8217;est vrai que parfois j&#8217;ai plus de mal \u00e0 me motiver mais<br \/>\nau final, une fois que je m&#8217;y mets, j&#8217;y prends beaucoup de plaisir.<\/p>\n<p><strong><span style=\"color: #660000;\">Quel \u00e9tait ton public cible au d\u00e9marrage ?<br \/><\/span><\/strong><\/p>\n<p>Je me suis clairement positionn\u00e9 sur la cible des 25-35 ans de<br \/>\ncat\u00e9gories socioprofessionnelles interm\u00e9diaires et donc plut\u00f4t urbains.<br \/>\nNon ! Bah en fait, je ne me suis pas amus\u00e9 \u00e0 faire une \u00e9tude marketing.<br \/>\nC&#8217;\u00e9tait un peu \u00ab qui m&#8217;aime me suive \u00bb ! <\/p>\n<p><strong><span style=\"color: #660000;\"><a onclick=\"window.open(this.href, '_blank', 'width=700,height=567,scrollbars=yes,resizable=no,toolbar=no,directories=no,location=no,menubar=no,status=no,left=0,top=0'); return false\" href=\"http:\/\/yannicklejeune.blogs.com\/.shared\/image.html?\/photos\/uncategorized\/fetedindannee.jpg\"><img loading=\"lazy\" decoding=\"async\" width=\"299\" height=\"243\" border=\"0\" src=\"https:\/\/www.wedobd.com\/wp-content\/uploads\/2005\/08\/fetedindannee.jpg\" title=\"Fete de fin d'ann\u00e9e\" alt=\"Fete de fin d'ann\u00e9e\" style=\"margin: 0px 0px 5px 5px; float: right;\" \/><\/a>Quels sont tes lecteurs aujourd&#8217;hui ?<br \/><\/span><\/strong><\/p>\n<p>Les 25-35 ans de cat\u00e9gories socioprofessionnelles interm\u00e9diaires et<br \/>\ndonc plut\u00f4t urbains. Euh non, franchement je ne sais pas. Je ne peux me<br \/>\nbaser que sur les gens qui laissent des commentaires. A priori donc, je<br \/>\ncrois que c&#8217;est un public tr\u00e8s large: des femmes, des hommes, des<br \/>\nadultes, des enfants. C&#8217;est vrai qu&#8217;en g\u00e9n\u00e9ral, ce sont des gens qui<br \/>\neux-m\u00eames animent des blogs. Mais encore une fois, ce ne sont que les<br \/>\ngens qui laissent des commentaires et ils sont peu nombreux par rapport<br \/>\nau nombre de visites que j&#8217;ai sur mon site.<\/p>\n<p><strong><span style=\"color: #660000;\">Combien de temps passes-tu sur tes notes (par jour\/par semaine) ?<br \/><\/span><\/strong><\/p>\n<p>Sur dessine et gribouille, \u00e7a me prend un quart d&#8217;heure entre le<br \/>\ndessin, la colorisation et la mise en ligne. Pour La vie du lutin,<br \/>\nc&#8217;est tr\u00e8s variable. Comme il me faut un sc\u00e9nario sympa, \u00e7a peut me<br \/>\nprendre longtemps ou \u00eatre imm\u00e9diat. Ensuite c&#8217;est aussi un quart<br \/>\nd&#8217;heure. <\/p>\n<p><strong><span style=\"color: #660000;\"><a onclick=\"window.open(this.href, '_blank', 'width=600,height=486,scrollbars=yes,resizable=no,toolbar=no,directories=no,location=no,menubar=no,status=no,left=0,top=0'); return false\" href=\"http:\/\/yannicklejeune.blogs.com\/.shared\/image.html?\/photos\/uncategorized\/masoeur.jpg\"><img loading=\"lazy\" decoding=\"async\" width=\"300\" height=\"243\" border=\"0\" src=\"https:\/\/www.wedobd.com\/wp-content\/uploads\/2005\/08\/masoeur.jpg\" title=\"Ma soeur\" alt=\"Ma soeur\" style=\"margin: 0px 5px 5px 0px; float: left;\" \/><\/a>Est-ce du mat\u00e9riel fait expr\u00e8s pour le blog ou un carnet de croquis scann\u00e9 ou des trucs repris ailleurs ?<br \/><\/span><\/strong><\/p>\n<p>Pour dessine et gribouille c&#8217;est souvent un dessin spontan\u00e9 fait sur<br \/>\nun coin de feuille. Pour le lutin, c&#8217;est fait \u00ab expr\u00e8s pour ! \u00bb<\/p>\n<p><strong><span style=\"color: #660000;\">Comment les r\u00e9alises-tu ? (crayonn\u00e9s, palette graphique, aquarelle&#8230;)<br \/><\/span><\/strong><\/p>\n<p>Je dessine sur feuille blanche A4, style papier d&#8217;imprimante, au<br \/>\nstylo ou au feutre noir. Je scanne le tout. Je mets un peu de couleur<br \/>\nvia toshop et hop&#8230; c&#8217;est parti pour le web ! Pour le lutin, c&#8217;est<br \/>\nsecret, mais je rajoute un calque de feuille quadrill\u00e9e en dessous : Le<br \/>\ndessin de base se fait aussi sur feuille blanche.<\/p>\n<p><strong><span style=\"color: #660000;\">Quelles sont tes influences graphiques (BD ou artistiques) ?<br \/><\/span><\/strong><\/p>\n<p>Principalement les peintres italiens de la renaissance. En fait j&#8217;ai<br \/>\npens\u00e9 pendant un temps que je m&#8217;\u00e9tais pas mal inspir\u00e9 de monsieur<br \/>\nTrondheim mais j&#8217;ai r\u00e9cemment revu mes dessins de coll\u00e8ge et lyc\u00e9e (\u00e0<br \/>\nl&#8217;\u00e9poque je ne connaissais rien \u00e0 la BD \u00e0 part les schtroumpfs) et en<br \/>\nfait mon trait n&#8217;a pas trop chang\u00e9, m\u00eame s&#8217;il s&#8217;est un peu assur\u00e9.<br \/>\n(Attention je ne dis pas non plus que Lewis Trondheim a pomp\u00e9<br \/>\noutrageusement mes dessins). Du coup, l&#8217;univers graphique qui m&#8217;a le<br \/>\nplus s\u00e9duit durant mes premiers temps est peut-\u00eatre celui des joyeux<br \/>\nloufoques !!! Si, si ! ce manga tout d\u00e9bile me faisait hurler de rire<br \/>\net j&#8217;adorais quand ils r\u00e9t\u00e9cissaient tous. De l\u00e0 vient le fait que<br \/>\nj&#8217;assume tout \u00e0 fait le non-respect de toute proportion anatomique ! <\/p>\n<p><strong><span style=\"color: #660000;\">Combien de temps passes-tu \u00e0 lire les blogs des autres ?<br \/><\/span><\/strong><\/p>\n<p>C&#8217;est tr\u00e8s variable. Mais rarement plus de 20 minutes par jour.<\/p>\n<p><strong><span style=\"color: #660000;\">Quels sont ceux dont tu es le plus fan ?<br \/><\/span><\/strong><\/p>\n<p>C&#8217;est con mais comme beaucoup, je visite en g\u00e9n\u00e9ral les sites des<br \/>\ngens qui me laissent des commentaires. C&#8217;est sympa de voir qui est qui.<br \/>\nJe fais donc r\u00e9guli\u00e8rement des tours sur les blogs de la Juv\u00e9niste, de<br \/>\nFancymoon, de Aniel, de Moma, de LeGnosh, Tom Frankson et d&#8217;autres. Ils<br \/>\nne sont pas forc\u00e9ment dessinateurs. J&#8217;aime bien celui de Lo\u00efc<br \/>\nSecheresse aussi. En fait, je ne suis pas trop dans la galaxie des<br \/>\nBlogs de dessinateurs. M\u00eame si je vais voir de temps en temps leur blog<br \/>\n(notamment ceux de Boulet, de Baril, d&#8217;Everland, de Madame Fa et des<br \/>\nCaramboleuses) je ne suis pas du tout s\u00fbr qu&#8217;ils me connaissent. \ud83d\ude1b \n<\/p>\n<p><strong><span style=\"color: #660000;\">As-tu rencontr\u00e9 des gens gr\u00e2ce aux blogs ?<br \/><\/span><\/strong><\/p>\n<p>En chair et en os ? Oui, Lewis Trondheim. \ud83d\ude42 <\/p>\n<p><strong><span style=\"color: #660000;\">As-tu une anecdote particuli\u00e8re li\u00e9e aux blogs ?<br \/><\/span><\/strong><\/p>\n<p><strong><span style=\"color: #660000;\"><a onclick=\"window.open(this.href, '_blank', 'width=600,height=546,scrollbars=yes,resizable=no,toolbar=no,directories=no,location=no,menubar=no,status=no,left=0,top=0'); return false\" href=\"http:\/\/yannicklejeune.blogs.com\/.shared\/image.html?\/photos\/uncategorized\/premierdelaclasse.jpg\"><img loading=\"lazy\" decoding=\"async\" width=\"300\" height=\"273\" border=\"0\" src=\"https:\/\/www.wedobd.com\/wp-content\/uploads\/2005\/08\/premierdelaclasse.jpg\" title=\"Premier de la classe\" alt=\"Premier de la classe\" style=\"margin: 0px 0px 5px 5px; float: right;\" \/><\/a><\/span><\/strong>Oui,<br \/>\nen rapport avec ma r\u00e9ponse pr\u00e9c\u00e9dente. Le 19 Avril, je venais d&#8217;\u00e9chouer<br \/>\nau concours d&#8217;attach\u00e9 territorial, et je gal\u00e9rais depuis un an et demi<br \/>\n\u00e0 chercher un boulot avec en poche un DESS de communication politique.<br \/>\nPour me remonter le moral, j&#8217;ai cr\u00e9\u00e9 la vie du lutin en me disant que<br \/>\n\u00e7a pourrait peut \u00eatre faire rire quelques personnes en plus de moi.<br \/>\nJ&#8217;ai eu rapidement de bons \u00e9chos. Cinq jours plus tard, je recevais un<br \/>\nmail de Lewis Trondheim me disant que si mon blog tenait le coup, il<br \/>\naurait peut-\u00eatre sa place dans le catalogue de sa nouvelle collection<br \/>\nchez Delcourt: Shampooing. Apr\u00e8s quelques secondes de stupeur, j&#8217;ai<br \/>\ncommenc\u00e9 \u00e0 douter. Je venais de recevoir la veille un mail d&#8217;un faux<br \/>\nFrantico me proposant une collaboration. Je me suis donc dit, encore un<br \/>\ngros malin qui se fout de moi. J&#8217;avais donc demand\u00e9 \u00e0 cet hypoth\u00e9tique<br \/>\nLewis une photo de lui avec le journal du jour pour \u00f4ter tout doute de<br \/>\nmon esprit, mais il ne l&#8217;a jamais fait. J&#8217;ai quand m\u00eame attendu 6 jours<br \/>\navant qu&#8217;on me confirme que l&#8217;email en question \u00e9tait bien le sien<br \/>\n(merci Ga\u00efs). Ca a \u00e9t\u00e9 un vrai moment de joie: mon auteur de BD pr\u00e9f\u00e9r\u00e9<br \/>\nme contactait pour me dire que j&#8217;avais peut-\u00eatre un petit avenir dans<br \/>\nla profession !!! Le r\u00eave quoi ! <br \/>Lorsque plus tard, je l&#8217;ai<br \/>\naccost\u00e9 \u00e0 la fin d&#8217;une discussion publique, m\u00eame apr\u00e8s deux mois<br \/>\nd&#8217;\u00e9changes de mail, je n&#8217;ai pas pu m&#8217;emp\u00eacher de penser qu&#8217;au moment ou<br \/>\nj&#8217;allais lui parler il allait me dire: \u00ab mais t&#8217;es qui toi ? \u00bb. A<br \/>\npr\u00e9sent, \u00e0 moins qu&#8217;il ne s&#8217;agisse d&#8217;une conspiration extra-terrestre<br \/>\nsuper bien foutue, je suis presque s\u00fbr que je suis en contact avec<br \/>\nLewis Trondheim. Et si ce n&#8217;est pas le cas, les \u00e9ditions Delcourt<br \/>\nsemble \u00eatre du complot&#8230; <br \/>Quelques semaines plus tard, c&#8217;est<br \/>\nMister OVV ( Olivier Van Vaerenbergh, r\u00e9dacteur en chef adjoint du<br \/>\njournal de Spirou ) qui me contacte pour para\u00eetre dans Spirou. Depuis<br \/>\ntout \u00e7a, je ne me d\u00e9place toujours pas sans mon petit nuage sous les<br \/>\npieds. J&#8217;ai conscience d&#8217;avoir \u00e9t\u00e9 tr\u00e8s chanceux que ces personnes me<br \/>\nremarquent, d&#8217;autant plus qu&#8217;elles se sont montr\u00e9es vraiment<br \/>\nsympathiques et attentives avec moi. <\/p>\n<p><strong><span style=\"color: #660000;\">Es-tu sensibles aux commentaires ?<br \/><\/span><\/strong><\/p>\n<p>Oui. Ca me touche toujours quand quelqu&#8217;un fait la d\u00e9marche d&#8217;\u00e9crire<br \/>\nqu&#8217;il aime ce que je fais ou qu&#8217;un dessin l&#8217;a particuli\u00e8rement fait<br \/>\nrire. Je suis tr\u00e8s heureux de voir quelques habitu\u00e9s venir<br \/>\nr\u00e9guli\u00e8rement voir ce qui se passe sur mon blog. Quand j&#8217;ai la flemme<br \/>\nde bosser, leurs regards me motivent pour me bouger. Contrairement \u00e0<br \/>\ncertains blogs que je visite, j&#8217;ai la chance de ne pas avoir d&#8217;insultes<br \/>\nou autres. Donc c&#8217;est bon enfant chez moi. Je suis tr\u00e8s attach\u00e9 \u00e0 mes \u00ab<br \/>\ncommentateurs \u00bb. <\/p>\n<p><strong><span style=\"color: #660000;\"><a onclick=\"window.open(this.href, '_blank', 'width=400,height=284,scrollbars=yes,resizable=no,toolbar=no,directories=no,location=no,menubar=no,status=no,left=0,top=0'); return false\" href=\"http:\/\/yannicklejeune.blogs.com\/.shared\/image.html?\/photos\/uncategorized\/barte_2.jpg\"><img loading=\"lazy\" decoding=\"async\" width=\"300\" height=\"213\" border=\"0\" src=\"https:\/\/www.wedobd.com\/wp-content\/uploads\/2005\/08\/barte_2.jpg\" title=\"Alan et son lutin\" alt=\"Alan et son lutin\" style=\"margin: 0px 5px 5px 0px; float: left;\" \/><\/a>Qu&#8217;est-ce qui te plait le plus dans les blogs ?<br \/><\/span><\/strong><\/p>\n<p>En tant que lecteur, j&#8217;aime bien entendre les gens parler de ce qui<br \/>\nles passionne. Parfois on tombe sur des trucs compl\u00e8tement farfelus,<br \/>\ndes sujets qu\u2019on n\u2019aurait pas eu l&#8217;id\u00e9e ou la curiosit\u00e9 d&#8217;aborder. <br \/>Concernant<br \/>\nles autres blogs de BD\/dessins, c&#8217;est l&#8217;occasion de d\u00e9couvrir toutes<br \/>\nsortes de graphismes diff\u00e9rents. C&#8217;est tr\u00e8s stimulant et<br \/>\nenthousiasmant. Je suis content quand je tombe sur quelque chose qui ne<br \/>\nressemble \u00e0 rien d&#8217;autre, et \u00e7a arrive plus souvent sur les blogs qu&#8217;en<br \/>\nlibrairie ! <br \/>Je trouve que c&#8217;est moins fig\u00e9 qu&#8217;un site perso<br \/>\nhabituel et donc un peu plus vivant (faut dire que je ne suis pas une<br \/>\nb\u00eate non plus en webmastering). Ca me semble aussi plus accessible pour<br \/>\nles gens. C&#8217;est une fen\u00eatre directe sur le dernier truc que l&#8217;on a<br \/>\nproduit et sur lequel on a tout de suite une r\u00e9action. C&#8217;est une<br \/>\nd\u00e9marche plus dynamique qu&#8217;un site que l&#8217;on a tendance \u00e0 actualiser<br \/>\ntout les 32 du mois. Ca pousse \u00e0 se bouger un peu. <\/p>\n<p><strong><span style=\"color: #660000;\">Qu&#8217;aimes-tu le moins dans les blogs ?<br \/><\/span><\/strong><\/p>\n<p>Le cot\u00e9 \u00ab Regardez-moi ! Regardez-moi ! \u00bb Et quand je dis \u00e7a je ne<br \/>\nme d\u00e9solidarise pas des autres bloggueurs. Apr\u00e8s, chacun l&#8217;assume plus<br \/>\nou moins, avec humour ou pas. Moi perso, mon \u00e9go n&#8217;a pas de place dans<br \/>\nmon blog, je fais \u00e7a juste pour l&#8217;amour de l&#8217;art ! <\/p>\n<p><a href=\"http:\/\/www.festival-blogs-bd.com\/2005\/08\/mais_cest_quoi__1.html\"><strong><span style=\"color: #660000;\">Que penses-tu des flux RSS ?<\/span><\/strong><\/a><\/p>\n<p>Je sais pas, j&#8217;ai jamais gout\u00e9&#8230; Je n&#8217;ai aucune id\u00e9e de ce que \u00e7a peut \u00eatre. Ca a un vague rapport avec l&#8217;URSS ?<\/p>\n<p><strong><span style=\"color: #660000;\"><a onclick=\"window.open(this.href, '_blank', 'width=650,height=679,scrollbars=yes,resizable=no,toolbar=no,directories=no,location=no,menubar=no,status=no,left=0,top=0'); return false\" href=\"http:\/\/yannicklejeune.blogs.com\/.shared\/image.html?\/photos\/uncategorized\/barte_7.JPG\"><img loading=\"lazy\" decoding=\"async\" width=\"300\" height=\"313\" border=\"0\" src=\"https:\/\/www.wedobd.com\/wp-content\/uploads\/2005\/08\/barte_7.jpg\" title=\"Le mot\" alt=\"Le mot\" style=\"margin: 0px 0px 5px 5px; float: right;\" \/><\/a>Et en dehors des blogs o\u00f9 peut-on voir ton travail ?<br \/><\/span><\/strong><\/p>\n<p>Sur mon site <a href=\"http:\/\/projetbulle.free.fr\/\">\u00ab projet bulle \u00bb<\/a><br \/>\nmais il est tout vieux et tout pourri comme une vieille patate. Il faut<br \/>\nque je le refasse. Sinon j&#8217;ai fait des petits dessins au pastel qui<br \/>\nsont \u00e0 vendre chez \u00ab le cadre d&#8217;Olivier \u00bb pr\u00eat de Bastille. Mais je ne<br \/>\nsais pas s&#8217;il lui en reste \ud83d\ude1b<br \/>Sinon, je dessine r\u00e9guli\u00e8rement<br \/>\nmaintenant pour un mag professionnel (Assistante + ) o\u00f9 je fais de<br \/>\nl&#8217;illustration d&#8217;articles. Vous pouvez aussi me lire toutes les<br \/>\nsemaines dans la balise de Spirou ! Apr\u00e8s si vous avez les clefs de mon<br \/>\nappart, c&#8217;est dans les tiroirs de mon bureau et un peu partout<br \/>\nailleurs&#8230;<\/p>\n<p><strong><span style=\"color: #660000;\">As-tu des albums, si oui ? Peux-tu les pr\u00e9senter ?<br \/><\/span><\/strong><\/p>\n<p>Oui, mais vous ne pourrez trouver \u00ab le journal du lutin \u00bb qu&#8217;\u00e0<br \/>\npartir du premier trimestre 2006. Il sortira donc chez Delcourt dans la<br \/>\ncollection shampooing. C&#8217;est vraiment le bonheur pour moi !<\/p>\n<p><strong><span style=\"color: #660000;\">Un dernier mot ?<br \/><\/span><\/strong><\/p>\n<p>C&#8217;est une mani\u00e8re polie de me dire de la fermer ? Bah c&#8217;est pas joli<br \/>\njoli je trouve. Jusqu&#8217;ici je te trouvais fort sympathique mais l\u00e0&#8230; et<br \/>\nben&#8230; bah dis donc hein ! <\/p>\n<p>Ah si, euh&#8230; si vous, lecteur,<br \/>\nvous voyez un pauvre dessinateur tout penaud le 11 septembre et que<br \/>\npersonne ne le sollicite pour un seul dessin, faites une bonne action,<br \/>\ndemandez lui un petit gribouillis, un Victor, un ptit mouton ou bien<br \/>\nm\u00eame un stroumpf, \u00e7a me ferait plaisir&#8230; enfin, je parlais pas pour<br \/>\nmoi hein&#8230; mais enfin voil\u00e0 quoi&#8230; <\/p>\n<p>Wow, j&#8217;ai pt\u00eatre le plus<br \/>\nlong dernier mot ! Ahahha. Oui j&#8217;en fais trop alors j&#8217;en terminerai d\u00e8s<br \/>\n\u00e0 pr\u00e9sent avec un glop. Au revoir.<\/p>\n<p>\u00ab Glop ! \u00bb<\/p>\n<p>\n<img decoding=\"async\" border=\"0\" alt=\"web statistics\" src=\"https:\/\/www.wedobd.com\/wp-content\/uploads\/2005\/08\/counter.php_-10.png\" \/><\/p>\n","protected":false},"excerpt":{"rendered":"<p>A l&#8217;aide son blog La vie du lutin &nbsp;, Allan s&#8217;est fait remarqu\u00e9 par Trondheim et Spirou, \u00e7a fait r\u00eaver&#8230;&nbsp; Comment as-tu commenc\u00e9 \u00e0 dessiner ? Comme tout le monde je pense. Ca commence \u00e0 la maternelle quand les instits sollicitent les gamins pour le faire, \u00e7a continue un peu en primaire. Et puis au [&hellip;]<\/p>\n","protected":false},"author":4,"featured_media":0,"comment_status":"open","ping_status":"open","sticky":false,"template":"","format":"standard","meta":{"footnotes":""},"categories":[2],"tags":[273,457,921,793],"class_list":["post-5596","post","type-post","status-publish","format-standard","hentry","category-04-actualite-blogs-et-bd","tag-blogs-bd","tag-festival-des-blogs-bd","tag-la-vue-du-lutin","tag-victor"],"_links":{"self":[{"href":"https:\/\/www.wedobd.com\/index.php?rest_route=\/wp\/v2\/posts\/5596","targetHints":{"allow":["GET"]}}],"collection":[{"href":"https:\/\/www.wedobd.com\/index.php?rest_route=\/wp\/v2\/posts"}],"about":[{"href":"https:\/\/www.wedobd.com\/index.php?rest_route=\/wp\/v2\/types\/post"}],"author":[{"embeddable":true,"href":"https:\/\/www.wedobd.com\/index.php?rest_route=\/wp\/v2\/users\/4"}],"replies":[{"embeddable":true,"href":"https:\/\/www.wedobd.com\/index.php?rest_route=%2Fwp%2Fv2%2Fcomments&post=5596"}],"version-history":[{"count":1,"href":"https:\/\/www.wedobd.com\/index.php?rest_route=\/wp\/v2\/posts\/5596\/revisions"}],"predecessor-version":[{"id":7380,"href":"https:\/\/www.wedobd.com\/index.php?rest_route=\/wp\/v2\/posts\/5596\/revisions\/7380"}],"wp:attachment":[{"href":"https:\/\/www.wedobd.com\/index.php?rest_route=%2Fwp%2Fv2%2Fmedia&parent=5596"}],"wp:term":[{"taxonomy":"category","embeddable":true,"href":"https:\/\/www.wedobd.com\/index.php?rest_route=%2Fwp%2Fv2%2Fcategories&post=5596"},{"taxonomy":"post_tag","embeddable":true,"href":"https:\/\/www.wedobd.com\/index.php?rest_route=%2Fwp%2Fv2%2Ftags&post=5596"}],"curies":[{"name":"wp","href":"https:\/\/api.w.org\/{rel}","templated":true}]}}