{"id":5611,"date":"2005-08-23T13:00:00","date_gmt":"2005-08-23T11:00:00","guid":{"rendered":"https:\/\/www.wedobd.com\/?p=5611"},"modified":"2025-09-29T16:17:01","modified_gmt":"2025-09-29T14:17:01","slug":"simon_fardeau","status":"publish","type":"post","link":"https:\/\/www.wedobd.com\/?p=5611","title":{"rendered":"Interview de Simon"},"content":{"rendered":"<p><strong><span style=\"color: #660000;\"><a href=\"http:\/\/simonbd.blogspot.com\/\">Simon BD<\/a> a fait le voeu de pondre une planche de BD par jour et il faut dire que son dernier stage lui a fourni la mati\u00e8re n\u00e9cessaire. <\/span><span style=\"color: #660000;\">&#8230;<\/span> <span style=\"color: #660000;\">.<\/span><\/strong><\/p>\n<p><strong><span style=\"color: #660000;\"><a onclick=\"window.open(this.href, '_blank', 'width=650,height=926,scrollbars=yes,resizable=no,toolbar=no,directories=no,location=no,menubar=no,status=no,left=0,top=0'); return false\" href=\"http:\/\/yannicklejeune.blogs.com\/.shared\/image.html?\/photos\/uncategorized\/26_juillet.jpg\"><img loading=\"lazy\" decoding=\"async\" title=\"26_juillet\" height=\"398\" alt=\"26 juillet Partie 1\" src=\"https:\/\/www.wedobd.com\/wp-content\/uploads\/2005\/08\/26_juillet.jpg\" width=\"280\" border=\"0\" style=\"FLOAT: left; MARGIN: 0px 5px 5px 0px\" \/><\/a> Comment as-tu commenc\u00e9 \u00e0 dessiner ?<\/span><\/strong><\/p>\n<p>J\u2019ai dessin\u00e9 mon premier personnage de bande dessin\u00e9 le jour de la mort de Franquin\u2026 J\u2019ai vu un reportage qui lui \u00e9tait consacr\u00e9 et j&#8217;ai tout de suite eu l\u2019envie de reproduire ses gestes. J\u2019ai donc commenc\u00e9 par m\u2019exercer sur le personnage de Gaston Lagaffe, un incontournable du monde de la bd\u2026et l\u2019un de mes pr\u00e9f\u00e9r\u00e9s. Petit \u00e0 petit j\u2019ai dessin\u00e9 mes propres personnages et ai invent\u00e9 quelques petites histoires.<\/p>\n<p><strong><span style=\"color: #660000;\">As-tu suivi des cours de dessin ou une formation artistique ?<\/span><\/strong><\/p>\n<p>Je n\u2019ai jamais pris de cours de dessin bien que l\u2019envie me prenait souvent de m\u2019inscrire dans n\u2019importe quel cours qui auraient pu me faire dessiner. L\u2019un de mes choix les plus difficiles a \u00e9t\u00e9 de choisir entre la fili\u00e8re artistique et technique.<\/p>\n<p>La premi\u00e8re \u00e9tant celle que je pr\u00e9f\u00e9rais mais aussi la plus risqu\u00e9e (peu de chance de succ\u00e8s, salaire plus que modeste\u2026). Pour cette derni\u00e8re raison je me suis orient\u00e9 vers la technique. Je me demande bien aujourd\u2019hui si ce choix \u00e9tait le bon et commence \u00e0 le regretter.<\/p>\n<p><!--more--><\/p>\n<p><strong><span style=\"color: #660000;\">Peux-tu pr\u00e9senter ton blog ?<\/span><\/strong><\/p>\n<p>Mon blog est une image de ce que je vis au quotidien, mes impressions sur la soci\u00e9t\u00e9 qui m\u2019entoure, mes coups de gueule, ma petite vie conjugale\u2026 Beaucoup de choses auxquelles tout le monde est confront\u00e9 en fin de compte.<br \/>Je traite aussi de mes choix, de mes doutes, notamment de ce que je vais faire de ma vie, professionnelle entre autre.<\/p>\n<p><strong><span style=\"color: #660000;\"><a onclick=\"window.open(this.href, '_blank', 'width=650,height=972,scrollbars=yes,resizable=no,toolbar=no,directories=no,location=no,menubar=no,status=no,left=0,top=0'); return false\" href=\"http:\/\/yannicklejeune.blogs.com\/.shared\/image.html?\/photos\/uncategorized\/26_juillet_2.jpg\"><img loading=\"lazy\" decoding=\"async\" title=\"26_juillet_2\" height=\"418\" alt=\"26 juillet Partie 2\" src=\"https:\/\/www.wedobd.com\/wp-content\/uploads\/2005\/08\/26_juillet_2.jpg\" width=\"280\" border=\"0\" style=\"FLOAT: right; MARGIN: 0px 0px 5px 5px\" \/><\/a> Comment en es-tu venu \u00e0 blogguer ?<\/span><\/strong><\/p>\n<p>J\u2019ai eu l\u2019envie de cr\u00e9er un blog en voyant ceux des autres. Il n\u2019y avait que tr\u00e8s peu de blog en bande dessin\u00e9es, et ce concept de raconter sa vie au jour le jour dans une planche me convenait tout \u00e0 fait : je me suis dit que le blog \u00e9tait un bon moyen de progresser. Je trouvais aussi le lien avec le lecteur vraiment int\u00e9ressant par l\u2019interm\u00e9diaire des commentaires.<\/p>\n<p>Ceux-ci donnent vraiment une autre dimension au dessin et apportent beaucoup plus \u00e0 l\u2019auteur qu\u2019un simple site internet sans aucun \u00e9change avec l\u2019internaute. Je me suis donc lanc\u00e9 dans cette aventure vite prenante, en cr\u00e9ant mon propre blog.<\/p>\n<p><strong><span style=\"color: #660000;\">Quel est ton objectif premier quand tu bloggues ?<\/span><\/strong><\/p>\n<p>Mon but premier est de faire plaisir aux internautes qui viennent me lire, de les amener \u00e0 r\u00e9fl\u00e9chir et \u00e0 r\u00e9agir sur quelques th\u00e8mes que j\u2019effleure dans mes planches, de leur montrer que chacun vit souvent les m\u00eames choses, pense les m\u00eames choses,\u2026et m\u00eame de les faire rire pourquoi pas\u2026<\/p>\n<p><strong><span style=\"color: #660000;\">Quel \u00e9tait ton public cible au d\u00e9marrage ?<\/span><\/strong><\/p>\n<p>Je n\u2019avais pas de public cibl\u00e9 particuli\u00e8rement, j\u2019ai cr\u00e9\u00e9 mon blog en me disant que ceux qui pouvaient se reconna\u00eetre dans ce que je disais pouvaient aimer et continuer de me lire. Les personnes pouvant se reconna\u00eetre \u00e9tant plus des \u00e9tudiants h\u00e9sitant, comme moi, entre une carri\u00e8re artistique ou une autre, moins abstraite.<\/p>\n<p><strong><span style=\"color: #660000;\"><a onclick=\"window.open(this.href, '_blank', 'width=650,height=966,scrollbars=yes,resizable=no,toolbar=no,directories=no,location=no,menubar=no,status=no,left=0,top=0'); return false\" href=\"http:\/\/yannicklejeune.blogs.com\/.shared\/image.html?\/photos\/uncategorized\/25_juillet.jpg\"><img loading=\"lazy\" decoding=\"async\" title=\"25_juillet\" height=\"416\" alt=\"25 juillet\" src=\"http:\/\/www.festival-blogs-bd.com\/images\/25_juillet.jpg\" width=\"280\" border=\"0\" style=\"FLOAT: left; MARGIN: 0px 5px 5px 0px\" \/><\/a> Quels sont tes lecteurs aujourd&#8217;hui ?<\/span><\/strong><\/p>\n<p>Aujourd\u2019hui, je suis lu surtout par des \u00e9tudiants, amateur de bande dessin\u00e9es ou non, mais aussi des jeunes employ\u00e9s d\u2019entreprise se demandant si leur choix \u00e9tait le bon.<\/p>\n<p><strong><span style=\"color: #660000;\">Combien de temps passes-tu sur tes notes (par jour\/par semaine) ?<\/span><\/strong><\/p>\n<p>Je passe en moyenne 2 bonnes heures \u00e0 dessiner ma planche par jour.<\/p>\n<p><strong><span style=\"color: #660000;\">Est-ce du mat\u00e9riel fait expr\u00e8s pour le blog ou un carnet de croquis scann\u00e9 ou des trucs repris ailleurs ?<\/span><\/strong><\/p>\n<p>J\u2019utilise un carnet \u00e0 croquis contenant des feuilles assez \u00e9paisses (150g\/m\u00b2), elles sont ensuite scann\u00e9es.<\/p>\n<p><strong><span style=\"color: #660000;\">Comment les r\u00e9alises-tu ? (crayonn\u00e9s, palette graphique, aquarelle&#8230;)<\/span><\/strong><\/p>\n<p>Je r\u00e9alise ma planche du jour directement au feutre noir sans passer par l\u2019\u00e9tape du crayonn\u00e9. De cette mani\u00e8re il ne peut pas y avoir de retouche et me force donc \u00e0 donner au trait de l\u2019assurance. Dessiner directement au feutre me permet aussi de garder au dessin une certaine spontan\u00e9it\u00e9. Je passe ensuite \u00e0 l\u2019\u00e9tape de la mise en couleur, faite avec des feutres pentone. Je pr\u00e9f\u00e8re colorier ma planche \u00e0 la main plut\u00f4t qu\u2019\u00e0 l\u2019ordinateur, il n\u2019est ainsi pas n\u00e9cessaire d\u2019avoir \u00e0 disposition un pc pour finir sa planche du jour. Viens ensuite la phase de correction par Amandine, sp\u00e9cialiste en orthographe. Puis le scannage de la planche et la publication sur le blog.<\/p>\n<p><strong><span style=\"color: #660000;\">Quelles sont tes influences graphiques (BD ou artistiques) ?<\/span><\/strong><\/p>\n<p>Comme j&#8217;en parle plus haut, Franquin est l&#8217;un des auteurs qui a le plus enfluenc\u00e9 ma fa\u00e7on de dessiner, et surement aussi le fait que je dessine. Depuis plusieurs ann\u00e9e je me suis aussi passionn\u00e9 pour le trait de Trondheim et n&#8217;arrive vraiment pas \u00e0 m&#8217;en sortir. Tous ses albums sont pour moi de v\u00e9ritables oeuvres, je passe un temps fou \u00e0 admirer chaque case, la construction du sc\u00e9nario d&#8217;un album et peux facilement mettre plusieurs heures \u00e0 lire l&#8217;un d&#8217;entre eux.<\/p>\n<p><strong><span style=\"color: #660000;\"><a onclick=\"window.open(this.href, '_blank', 'width=650,height=932,scrollbars=yes,resizable=no,toolbar=no,directories=no,location=no,menubar=no,status=no,left=0,top=0'); return false\" href=\"http:\/\/yannicklejeune.blogs.com\/.shared\/image.html?\/photos\/uncategorized\/23_juillet.jpg\"><img loading=\"lazy\" decoding=\"async\" title=\"23_juillet\" height=\"401\" alt=\"23 juillet\" src=\"https:\/\/www.wedobd.com\/wp-content\/uploads\/2005\/08\/23_juillet.jpg\" width=\"280\" border=\"0\" style=\"FLOAT: right; MARGIN: 0px 0px 5px 5px\" \/><\/a>Combien de temps passes-tu \u00e0 lire les blogs des autres ?<\/span><\/strong><\/p>\n<p>Je dois passer en moyenne une heure par jour \u00e0 surfer sur les diff\u00e9rents blogs. C\u2019est devenu un plaisir quotidien, je fais ma petite tourn\u00e9e des blogs et s\u00e8me quelques commentaires au passage.<\/p>\n<p><strong><span style=\"color: #660000;\">Quels sont ceux dont tu es le plus fan ?<\/span><\/strong><\/p>\n<p>Avant qu\u2019il n\u2019arr\u00eate, c\u2019\u00e9tait celui de <a href=\"http:\/\/www.zanorg.com\/frantico\">frantico<\/a> qui me faisait rire, vient ensuite celui de <a href=\"http:\/\/www.20six.fr\/LaurelBD\">Laurel<\/a> qui rehausse le niveau avec sa touche de douceur, puis <a href=\"http:\/\/www.festival-blogs-bd.com\/2005\/08\/interview_dak_b.html\">Boulet<\/a>, <a href=\"http:\/\/ma-vie-est-une-bande-dessinee.blogspot.com\/\">Cha<\/a>.<\/p>\n<p><strong><span style=\"color: #660000;\">As-tu rencontr\u00e9 des gens gr\u00e2ce aux blogs ?<\/span><\/strong><\/p>\n<p>Jusqu\u2019\u00e0 pr\u00e9sent, je n\u2019ai pas rencontr\u00e9 de personne gr\u00e2ce aux blogs, mais les \u00e9changes que l\u2019on peut avoir avec les lecteurs sont la plupart du temps riches et conviviales.<\/p>\n<p><strong><span style=\"color: #660000;\">As-tu une anecdote particuli\u00e8re li\u00e9e aux blogs ?<\/span><\/strong><\/p>\n<p>On dit souvent que \u00ab le monde est petit \u00bb, et bien j\u2019en ai fait les frais. Je fais un stage dans une grande entreprise automobile. Il s\u2019est av\u00e9r\u00e9 qu\u2019un de mes lecteurs travaillait dans le m\u00eame b\u00e2timent que moi. N\u2019ayant pas \u00e9t\u00e9 toujours tr\u00e8s sympathique avec mes coll\u00e8gues de bureau dans mes planches, j\u2019imaginais mal continuer \u00e0 parler avec eux alors qu\u2019ils avaient lu ce que je pensais d\u2019eux\u2026mais bon, ce sont les risques d\u2019exposer au monde entier sa vie et ses pens\u00e9es.<\/p>\n<p><strong><span style=\"color: #660000;\"><a onclick=\"window.open(this.href, '_blank', 'width=650,height=941,scrollbars=yes,resizable=no,toolbar=no,directories=no,location=no,menubar=no,status=no,left=0,top=0'); return false\" href=\"http:\/\/yannicklejeune.blogs.com\/.shared\/image.html?\/photos\/uncategorized\/7_juillet.jpg\"><img loading=\"lazy\" decoding=\"async\" title=\"7_juillet\" height=\"405\" alt=\"7 juillet Partie 1\" src=\"https:\/\/www.wedobd.com\/wp-content\/uploads\/2005\/08\/7_juillet.jpg\" width=\"280\" border=\"0\" style=\"FLOAT: left; MARGIN: 0px 5px 5px 0px\" \/><\/a> Es-tu sensibles aux commentaires ?<\/span><\/strong><\/p>\n<p>Je ne peux que r\u00e9pondre OUI ! Si il y a bien une chose que j\u2019adore dans les blogs, se sont les commentaires.<br \/>Je ne peux pas m\u2019emp\u00eacher de regarder toutes les deux minutes si un nouveau commentaire a \u00e9t\u00e9 post\u00e9. C\u2019est incroyable comme un petit message de la part d\u2019un internaute peut faire plaisir et nous donner le courage et l\u2019envie de continuer. <\/p>\n<p><strong><span style=\"color: #660000;\">Qu&#8217;est-ce qui te plait le plus dans les blogs ?<\/span><\/strong><\/p>\n<p>Ce que j&#8217;aime le plus dans les blogs c&#8217;est cette convivialit\u00e9 qu&#8217;il existe dans les commentaires&#8230;chaque blog a ses habitu\u00e9s qui reviennent quotidiennement pour parler du posts du jour et cela donne beaucoup plus de dimension \u00e0 la planche. et d&#8217;un autre cot\u00e9 ils poussent l&#8217;auteur \u00e0 toujours donner d&#8217;avantage.<\/p>\n<p><strong><span style=\"color: #660000;\">Qu&#8217;aimes-tu le moins dans les blogs ?<\/span><\/strong><\/p>\n<p>Il se trouve que ce que j\u2019aime le moins dans les blogs se situe justement dans les choses que j\u2019aime le plus, les commentaires. M\u00eame si j\u2019accepte volontiers les critiques (ceux sont m\u00eame les commentaires les plus constructifs), je ne supporte pas les gens qui envoient des commentaires qui cassent, sans fondement, n\u2019ayant pour seul but que de ruiner le moral du dessinateur.<br \/>Je ne pense pas que ces gens savent \u00e0 quel point un message de ce type peut se r\u00e9percuter sur notre productivit\u00e9.<\/p>\n<p><strong><span style=\"color: #660000;\"><a onclick=\"window.open(this.href, '_blank', 'width=650,height=933,scrollbars=yes,resizable=no,toolbar=no,directories=no,location=no,menubar=no,status=no,left=0,top=0'); return false\" href=\"http:\/\/yannicklejeune.blogs.com\/.shared\/image.html?\/photos\/uncategorized\/7_juillet_2.jpg\"><img loading=\"lazy\" decoding=\"async\" title=\"7_juillet_2\" height=\"401\" alt=\"7 juillet Partie 2\" src=\"https:\/\/www.wedobd.com\/wp-content\/uploads\/2025\/09\/7_juillet_2.jpg\" width=\"280\" border=\"0\" style=\"FLOAT: right; MARGIN: 0px 0px 5px 5px\" \/><\/a>Que penses-tu des flux RSS ?<\/span><\/strong><\/p>\n<p>Je n\u2019utilise pas cet outil, m\u00eame s&#8217;il s\u2019av\u00e8re tr\u00e8s pratique lorsque le nombre de blog vu quotidiennement commence \u00e0 \u00eatre important. En ce qui me concerne, je pr\u00e9f\u00e8re faire la petite&nbsp; tourn\u00e9e de mes blogs pr\u00e9f\u00e9r\u00e9s.<\/p>\n<p><strong><span style=\"color: #660000;\">Et en dehors des blogs o\u00f9 peut-on voir ton travail ?<\/span><\/strong><\/p>\n<p>Je n\u2019ai pas encore trouv\u00e9 le temps de me construire un site qui montrerait mes travaux\u2026peut \u00eatre parce que je n\u2019ai pas beaucoup de \u00ab travaux \u00bb.<\/p>\n<p><strong><span style=\"color: #660000;\">As-tu des albums, si oui ? Peux-tu les pr\u00e9senter ?<\/span><\/strong><\/p>\n<p>Je n\u2019ai pas d\u2019albums\u2026pas encore (espoir, espoir !)<\/p>\n<p><strong><span style=\"color: #660000;\">Un dernier mot ?<\/span><\/strong><\/p>\n<p>Merci pour ce festival.<\/p>\n<p><img decoding=\"async\" alt=\"free tracking\" src=\"https:\/\/www.wedobd.com\/wp-content\/uploads\/2005\/08\/counter.php_-18.png\" border=\"0\" \/> <\/p>\n","protected":false},"excerpt":{"rendered":"<p>Simon BD a fait le voeu de pondre une planche de BD par jour et il faut dire que son dernier stage lui a fourni la mati\u00e8re n\u00e9cessaire. &#8230; . Comment as-tu commenc\u00e9 \u00e0 dessiner ? J\u2019ai dessin\u00e9 mon premier personnage de bande dessin\u00e9 le jour de la mort de Franquin\u2026 J\u2019ai vu un reportage [&hellip;]<\/p>\n","protected":false},"author":4,"featured_media":0,"comment_status":"open","ping_status":"open","sticky":false,"template":"","format":"standard","meta":{"footnotes":""},"categories":[2],"tags":[273,457,937,936],"class_list":["post-5611","post","type-post","status-publish","format-standard","hentry","category-04-actualite-blogs-et-bd","tag-blogs-bd","tag-festival-des-blogs-bd","tag-simon-bd","tag-simon-fardeau"],"_links":{"self":[{"href":"https:\/\/www.wedobd.com\/index.php?rest_route=\/wp\/v2\/posts\/5611","targetHints":{"allow":["GET"]}}],"collection":[{"href":"https:\/\/www.wedobd.com\/index.php?rest_route=\/wp\/v2\/posts"}],"about":[{"href":"https:\/\/www.wedobd.com\/index.php?rest_route=\/wp\/v2\/types\/post"}],"author":[{"embeddable":true,"href":"https:\/\/www.wedobd.com\/index.php?rest_route=\/wp\/v2\/users\/4"}],"replies":[{"embeddable":true,"href":"https:\/\/www.wedobd.com\/index.php?rest_route=%2Fwp%2Fv2%2Fcomments&post=5611"}],"version-history":[{"count":1,"href":"https:\/\/www.wedobd.com\/index.php?rest_route=\/wp\/v2\/posts\/5611\/revisions"}],"predecessor-version":[{"id":7451,"href":"https:\/\/www.wedobd.com\/index.php?rest_route=\/wp\/v2\/posts\/5611\/revisions\/7451"}],"wp:attachment":[{"href":"https:\/\/www.wedobd.com\/index.php?rest_route=%2Fwp%2Fv2%2Fmedia&parent=5611"}],"wp:term":[{"taxonomy":"category","embeddable":true,"href":"https:\/\/www.wedobd.com\/index.php?rest_route=%2Fwp%2Fv2%2Fcategories&post=5611"},{"taxonomy":"post_tag","embeddable":true,"href":"https:\/\/www.wedobd.com\/index.php?rest_route=%2Fwp%2Fv2%2Ftags&post=5611"}],"curies":[{"name":"wp","href":"https:\/\/api.w.org\/{rel}","templated":true}]}}