{"id":5615,"date":"2005-08-22T13:10:00","date_gmt":"2005-08-22T11:10:00","guid":{"rendered":"https:\/\/www.wedobd.com\/?p=5615"},"modified":"2025-09-29T16:17:37","modified_gmt":"2025-09-29T14:17:37","slug":"benoit_springer","status":"publish","type":"post","link":"https:\/\/www.wedobd.com\/?p=5615","title":{"rendered":"Interview de S\u00e9verine Lambour et de Beno\u00eet Springer"},"content":{"rendered":"<p><strong><span style=\"color: #660000;\">Partenaires de blogs, S\u00e9verine Lambour et Beno\u00eet Springer le sont aussi \u00e0 la ville<\/span><span style=\"color: #660000;\">. Bient\u00f4t parents de 3 ardoises, un album \u00e0 sortir chez Carabas, les deux auteurs de <a href=\"http:\/\/selam.free.fr\/pot-pourri\/\">pot-pourri<\/a> font vraiment la paire..<\/span><span style=\"color: #660000;\">.<\/span><\/strong><\/p>\n<p><strong><span style=\"color: #660000;\"><a onclick=\"window.open(this.href, '_blank', 'width=526,height=709,scrollbars=yes,resizable=no,toolbar=no,directories=no,location=no,menubar=no,status=no,left=0,top=0'); return false\" href=\"http:\/\/yannicklejeune.blogs.com\/.shared\/image.html?\/photos\/uncategorized\/springerplanche_1.jpg\"><img loading=\"lazy\" decoding=\"async\" width=\"280\" height=\"377\" border=\"0\" title=\"Springerplanche_1\" alt=\"Springerplanche_1\" src=\"https:\/\/www.wedobd.com\/wp-content\/uploads\/2005\/08\/springerplanche_1.jpg\" style=\"margin: 0px 5px 5px 0px; float: left;\" \/><\/a><\/span><\/strong><strong><span style=\"color: #660000;\">S\u00e9verine, comment as-tu commenc\u00e9 \u00e0 \u00e9crire ?<\/span><\/strong><\/p>\n<p>J\u2019ai commenc\u00e9 par vendre de la bande dessin\u00e9e avant d\u2019en faire. D\u2019abord en librairie et ensuite en maison d\u2019\u00e9dition, c\u2019est \u00e0 cette \u00e9poque l\u00e0 que j\u2019ai rencontr\u00e9 les auteurs, qu\u2019ils m\u2019ont racont\u00e9, expliqu\u00e9 leur m\u00e9tier et que j\u2019ai os\u00e9 passer de l\u2019\u00e9criture de petits textes \u00ab pour moi \u00bb \u00e0 celle de sc\u00e9narios de bandes dessin\u00e9es \u00e0 publier.<\/p>\n<p><strong><span style=\"color: #660000;\">Benoit, comment as-tu commenc\u00e9 \u00e0 dessiner ?<\/span><\/strong><\/p>\n<p><strong>Beno\u00eet Springer:<\/strong> Je n\u2019en sais rien\u2026 comme tout le monde, quand j\u2019\u00e9tais petit.<\/p>\n<p><strong><span style=\"color: #660000;\">As-tu suivi des cours de dessin ou une formation artistique ?<\/span><\/strong><\/p>\n<p><strong>Beno\u00eet :<\/strong> Bin oui, Bac A3, cours de dessin du soir + \u00c9cole d\u2019Angoul\u00eame.<\/p>\n<p><strong><\/strong><\/p>\n<p><strong><span style=\"color: #660000;\"><br \/>Comment s&#8217;est faite votre rencontre ?<\/span><\/strong><\/p>\n<p><strong>S\u00e9verine :<\/strong> J\u2019ai rencontr\u00e9 Beno\u00eet \u00e0 l\u2019occasion d\u2019un festival d\u2019Angoul\u00eame et on ne s\u2019est plus quitt\u00e9.<br \/>Beno\u00eet a lu mes nouvelles et on a eu envie de travailler ensemble.<\/p>\n<p><!--more--><\/p>\n<p><strong><span style=\"color: #660000;\">Pouvez-vous pr\u00e9senter votre blog ?<\/span><\/strong><\/p>\n<p><strong>Beno\u00eet &amp; S\u00e9verine :<\/strong> Comme son nom l\u2019indique, c\u2019est un pot-pourri \ud83d\ude09<br \/>Il<br \/>\ny a des textes, quelques photos, quelques dessins. On y parle de nos<br \/>\nprojets, de nos lectures, de nos disques et on pousse parfois des coups<br \/>\nde gueule\u2026<\/p>\n<p><strong><span style=\"color: #660000;\">Comment en \u00eates-vous venus \u00e0 blogguer ?<\/span><\/strong><\/p>\n<p><strong>Beno\u00eet :<\/strong> L\u2019envie de combler le d\u00e9calage temporel entre mes publications et mon travail quotidien.<br \/><strong>S\u00e9verine :<\/strong> Pour reprendre plaisir \u00e0 \u00e9crire sur tout et n\u2019importe quoi sans but pr\u00e9cis.<\/p>\n<p><strong><span style=\"color: #660000;\"><a onclick=\"window.open(this.href, '_blank', 'width=513,height=704,scrollbars=yes,resizable=no,toolbar=no,directories=no,location=no,menubar=no,status=no,left=0,top=0'); return false\" href=\"http:\/\/yannicklejeune.blogs.com\/.shared\/image.html?\/photos\/uncategorized\/springercastorama.jpg\"><img loading=\"lazy\" decoding=\"async\" width=\"250\" height=\"343\" border=\"0\" title=\"Springercastorama\" alt=\"Springercastorama\" src=\"https:\/\/www.wedobd.com\/wp-content\/uploads\/2005\/08\/springercastorama.jpg\" style=\"margin: 0px 0px 5px 5px; float: right;\" \/><\/a><\/span><\/strong><strong><span style=\"color: #660000;\">Quel est votre objectif premier quand vous blogguez ?<\/span><\/strong><\/p>\n<p><strong>Beno\u00eet :<\/strong> parler de mon sujet favori : moi.<br \/><strong>S\u00e9verine :<\/strong> apprendre \u00e0 parler de moi.<\/p>\n<p><strong><span style=\"color: #660000;\">Quel \u00e9tait votre public cible au d\u00e9marrage ?<\/span><\/strong><\/p>\n<p><strong>S\u00e9verine &amp; Beno\u00eet :<\/strong> aucun.<\/p>\n<p><strong><span style=\"color: #660000;\">Quels sont vos lecteurs aujourd&#8217;hui ?<\/span><\/strong><\/p>\n<p><strong>S\u00e9verine :<\/strong> les lecteurs de Beno\u00eet \ud83d\ude09<br \/><strong>Beno\u00eet :<\/strong> d\u2019autres bloggeurs, quelques potes, des gens qui connaissent mon boulot.<\/p>\n<p><strong><span style=\"color: #660000;\">Combien de temps passes-tu sur tes notes (par jour\/par semaine) ?<\/span><\/strong><\/p>\n<p><strong>S\u00e9verine &amp; Beno\u00eet :<\/strong> 1\/2 heure par note soit 1\/2 heure par jour \u00e0 1\/2 heure par semaine.<\/p>\n<p><strong><span style=\"color: #660000;\">Est-ce du mat\u00e9riel fait expr\u00e8s pour le blog ou un carnet de croquis scann\u00e9 ou des trucs repris ailleurs ?<\/span><\/strong><\/p>\n<p><strong>S\u00e9verine &amp; Beno\u00eet :<\/strong> les deux.<\/p>\n<p><strong><span style=\"color: #660000;\">Comment les r\u00e9alises-tu ? (crayonn\u00e9s, palette graphique, aquarelle&#8230;)<\/span><\/strong><\/p>\n<p><strong>Beno\u00eet :<\/strong> les trois.<\/p>\n<p><strong><span style=\"color: #660000;\"><a onclick=\"window.open(this.href, '_blank', 'width=475,height=652,scrollbars=yes,resizable=no,toolbar=no,directories=no,location=no,menubar=no,status=no,left=0,top=0'); return false\" href=\"http:\/\/yannicklejeune.blogs.com\/.shared\/image.html?\/photos\/uncategorized\/springerconsommation.jpg\"><img loading=\"lazy\" decoding=\"async\" width=\"250\" height=\"343\" border=\"0\" title=\"Springerconsommation\" alt=\"Springerconsommation\" src=\"https:\/\/www.wedobd.com\/wp-content\/uploads\/2005\/08\/springerconsommation.jpg\" style=\"margin: 0px 5px 5px 0px; float: left;\" \/><\/a>Quelles sont vos influences ? <\/span><\/strong><\/p>\n<p><strong>S\u00e9verine :<\/strong> En fait, je ne sais pas&#8230;J\u2019ai toujours lu<br \/>\nbeaucoup de nouvelles et de romans courts, j\u2019aime qu\u2019on me raconte des<br \/>\nhistoires tr\u00e8s vite sans fioritures, sans grandes descriptions, que<br \/>\nl\u2019auteur rentre tout de suite dans le vif du sujet.<br \/>J\u2019aime les romans policiers, les romans noirs dans lesquels les personnages ont autant d\u2019importance que l\u2019intrigue.<br \/>Au<br \/>\ncin\u00e9ma, je suis attir\u00e9e par les films qui parlent des gens, des<br \/>\nhistoires de famille comme \u00ab Festen \u00bb de Thomas Vinterberg, ou ceux de<br \/>\nJaoui et Bacri\u2026<br \/>Et je suis tr\u00e8s attentive aux \u00ab petites histoires \u00bb<br \/>\ndu quotidien, les \u00ab petits \u00bb meurtres, les \u00ab petits \u00bb r\u00e8glements de<br \/>\ncomptes, les histoires banales finalement. C\u2019est la lecture des bandes<br \/>\ndessin\u00e9es d\u2019\u00c9tienne Davodeau qui m\u2019a fait prendre conscience qu\u2019on<br \/>\npouvait les raconter en bande dessin\u00e9e et qui m\u2019a donn\u00e9 envie d\u2019\u00e9crire<br \/>\ndes histoires \u00ab sociales \u00bb \u00e0 mon tour.<\/p>\n<p><strong>Benoit :<\/strong> Je ne sais plus quoi r\u00e9pondre \u00e0 \u00e7a&#8230;Je ne peux me<br \/>\nlimiter \u00e0 quelques noms, \u00e7a ne veut rien dire. On se nourrit<br \/>\ngraphiquement et textuellement en permanence. Un roman peut vous<br \/>\ninfluencer, un dessin, une remarque, une conversation, un film. Ca ne<br \/>\ns&#8217;arr\u00eate jamais. Je pense que c&#8217;est un peu comme notre \u00e9ducation: les<br \/>\ngrandes bases, les influences dominantes sont pos\u00e9es au d\u00e9but<br \/>\n(enfance\/adolescence) et apr\u00e8s on enrichit ce bagage avec tout ce qu&#8217;on<br \/>\nvit, voit, lit, entend. <\/p>\n<div>Si je dois parler de mes influences de jeunesse principales, ce<br \/>\nsera Franquin, John Byrne, les peintres classiques et le Baron perch\u00e9<br \/>\nd&#8217;Italo Calvino. Ces images et ces mots l\u00e0 sont imprim\u00e9s \u00e0 vie et<br \/>\nfondent une grande partie de mon travail.<\/div>\n<p><strong><span style=\"color: #660000;\">Combien de temps passes-tu \u00e0 lire les blogs des autres ?<\/span><\/strong><\/p>\n<p><strong>S\u00e9verine &amp; Beno\u00eet :<\/strong> environ une heure par jour.<\/p>\n<p><strong><span style=\"color: #660000;\">Quels sont ceux dont tu es le plus fan ?<\/span><\/strong><\/p>\n<p><strong>Beno\u00eet :<\/strong> ceux de <a href=\"http:\/\/www.20six.fr\/Despentes\">V. Despentes<\/a> et <a href=\"http:\/\/ma-vie-est-une-bande-dessinee.blogspot.com\/\">Cha<\/a>.<br \/><strong>S\u00e9verine :<\/strong> celui de <a href=\"http:\/\/ma-vie-est-une-bande-dessinee.blogspot.com\/\">Cha<\/a>, <a href=\"http:\/\/notalovesong.over-blog.com\/\">NotALoveSong<\/a>, ceux de <a href=\"http:\/\/www.20six.fr\/jazzi\">Jazzi<\/a>, <a href=\"http:\/\/www.ciboulette.fr\/blog\">Gally<\/a>.<\/p>\n<p><strong><span style=\"color: #660000;\">As-tu rencontr\u00e9 des gens gr\u00e2ce aux blogs ?<\/span><\/strong><\/p>\n<p><strong>Beno\u00eet &amp; S\u00e9verine :<\/strong> non.<\/p>\n<p><strong><span style=\"color: #660000;\">As-tu une anecdote particuli\u00e8re li\u00e9e aux blogs ?<\/span><\/strong><\/p>\n<p><strong>Beno\u00eet &amp; S\u00e9verine :<\/strong> non.<\/p>\n<p><strong><span style=\"color: #660000;\">Es-tu sensibles aux commentaires ?<\/span><\/strong><\/p>\n<p><strong>S\u00e9verine :<\/strong> non.<br \/><strong>Beno\u00eet :<\/strong> oui quand il n\u2019y en a pas.<\/p>\n<p><strong><span style=\"color: #660000;\"><a onclick=\"window.open(this.href, '_blank', 'width=493,height=473,scrollbars=yes,resizable=no,toolbar=no,directories=no,location=no,menubar=no,status=no,left=0,top=0'); return false\" href=\"http:\/\/yannicklejeune.blogs.com\/.shared\/image.html?\/photos\/uncategorized\/springersarkozy.jpg\"><img loading=\"lazy\" decoding=\"async\" width=\"250\" height=\"239\" border=\"0\" title=\"Springersarkozy\" alt=\"Springersarkozy\" src=\"https:\/\/www.wedobd.com\/wp-content\/uploads\/2005\/08\/springersarkozy.jpg\" style=\"margin: 0px 0px 5px 5px; float: right;\" \/><\/a>Qu&#8217;est-ce qui te plait le plus dans les blogs ?<\/span><\/strong><\/p>\n<p><strong>S\u00e9verine :<\/strong> les notes dans lesquelles les auteurs s&#8217;autorisent<br \/>\n\u00e0 \u00eatre d\u00e9sagr\u00e9ables. j&#8217;aime les auteurs qui n&#8217;ont pas peur de para\u00eetre<br \/>\nparfois m\u00e9chants, \u00e9gocentriques ou vuln\u00e9rables&#8230; <br \/><strong>Beno\u00eet :<\/strong> j&#8217;aime quand l&#8217;auteur d&#8217;un blog m&#8217;ouvre \u00e0 un point de vue diff\u00e9rent du mien, m&#8217;enrichit ou me surprend.<\/p>\n<p><strong><span style=\"color: #660000;\">Qu&#8217;aimes-tu le moins dans les blogs ?<\/span><\/strong><\/p>\n<p><strong>S\u00e9verine :<\/strong> les notes pas suffisamment pens\u00e9es.<br \/><strong>Beno\u00eet :<\/strong> les notes qui ne d\u00e9passent pas la hauteur de leur auteur.<\/p>\n<p><strong><span style=\"color: #660000;\">Que penses-tu des flux RSS ?<\/span><\/strong><\/p>\n<p><strong>S\u00e9verine :<\/strong> qu\u2019est ce ?\u2026<br \/><strong>Beno\u00eet :<\/strong> absolument rien.<\/p>\n<p><strong><span style=\"color: #660000;\">Et en dehors des blogs o\u00f9 peut-on voir ton travail ?<\/span><\/strong><\/p>\n<p><strong>S\u00e9verine &amp; Beno\u00eet :<\/strong> dans nos livres \ud83d\ude09<br \/>Et sur nos sites <a href=\"http:\/\/selam.free.fr\/\">http:\/\/selam.free.fr<\/a> et <a href=\"http:\/\/perso.wanadoo.fr\/homepage.springer\/\">http:\/\/perso.wanadoo.fr\/homepage.springer\/<\/a><\/p>\n<p><strong><span style=\"color: #660000;\"><a onclick=\"window.open(this.href, '_blank', 'width=263,height=317,scrollbars=yes,resizable=no,toolbar=no,directories=no,location=no,menubar=no,status=no,left=0,top=0'); return false\" href=\"http:\/\/yannicklejeune.blogs.com\/.shared\/image.html?\/photos\/uncategorized\/springercase.jpg\"><img loading=\"lazy\" decoding=\"async\" width=\"250\" height=\"301\" border=\"0\" title=\"Springercase\" alt=\"Springercase\" src=\"https:\/\/www.wedobd.com\/wp-content\/uploads\/2005\/08\/springercase.jpg\" style=\"margin: 0px 5px 5px 0px; float: left;\" \/><\/a>As-tu des albums, si oui ? Peux-tu les pr\u00e9senter ?<\/span><\/strong><\/p>\n<p><strong>S\u00e9verine &amp; Beno\u00eet :<\/strong> \u00ab Trois ardoises \u00bb chez carabas<\/p>\n<p><strong>S\u00e9verine :<\/strong> 3 nouvelles, 3 petites villes tranquilles, 3 meurtres.<\/p>\n<p><strong>Beno\u00eet :<\/strong> \u00ab Volunteer \u00bb Sc\u00e9nario: Muriel Sevestre, \u00e9ditions<br \/>\nDelcourt,2 tomes \/3, sortie tome 3 en 2006 L&#8217;histoire d&#8217;une jeune femme<br \/>\n\u00e0 la recherche de son pass\u00e9 qui se r\u00e9v\u00e8le \u00eatre TR\u00c8S sombre&#8230;<br \/>\u00ab<br \/>\nTerres d\u2019ombre \u00bb sc\u00e9nario de Christophe Gibelin, \u00e9ditions Delcourt Tout<br \/>\nl&#8217;int\u00e9r\u00eat de cette histoire r\u00e9side dans le fait que le sc\u00e9nariste<br \/>\nn&#8217;aime pas l&#8217;heroic-fantasy; du coup, il s&#8217;est appropri\u00e9 ce genre tr\u00e8s<br \/>\nbalis\u00e9 et en a bouscul\u00e9 les codes pour mieux s&#8217;amuser avec eux.<\/p>\n<p><img decoding=\"async\" border=\"0\" alt=\"website hit counter\" src=\"https:\/\/www.wedobd.com\/wp-content\/uploads\/2005\/08\/counter.php_-20.png\" \/><\/p>\n","protected":false},"excerpt":{"rendered":"<p>Partenaires de blogs, S\u00e9verine Lambour et Beno\u00eet Springer le sont aussi \u00e0 la ville. Bient\u00f4t parents de 3 ardoises, un album \u00e0 sortir chez Carabas, les deux auteurs de pot-pourri font vraiment la paire&#8230; S\u00e9verine, comment as-tu commenc\u00e9 \u00e0 \u00e9crire ? J\u2019ai commenc\u00e9 par vendre de la bande dessin\u00e9e avant d\u2019en faire. D\u2019abord en librairie [&hellip;]<\/p>\n","protected":false},"author":4,"featured_media":0,"comment_status":"open","ping_status":"open","sticky":false,"template":"","format":"standard","meta":{"footnotes":""},"categories":[2],"tags":[939,591,457,941,942,940],"class_list":["post-5615","post","type-post","status-publish","format-standard","hentry","category-04-actualite-blogs-et-bd","tag-benoit-springer","tag-blogs","tag-festival-des-blogs-bd","tag-interview-de-benoit-springer","tag-interview-de-severine-lambour","tag-severine-lambour"],"_links":{"self":[{"href":"https:\/\/www.wedobd.com\/index.php?rest_route=\/wp\/v2\/posts\/5615","targetHints":{"allow":["GET"]}}],"collection":[{"href":"https:\/\/www.wedobd.com\/index.php?rest_route=\/wp\/v2\/posts"}],"about":[{"href":"https:\/\/www.wedobd.com\/index.php?rest_route=\/wp\/v2\/types\/post"}],"author":[{"embeddable":true,"href":"https:\/\/www.wedobd.com\/index.php?rest_route=\/wp\/v2\/users\/4"}],"replies":[{"embeddable":true,"href":"https:\/\/www.wedobd.com\/index.php?rest_route=%2Fwp%2Fv2%2Fcomments&post=5615"}],"version-history":[{"count":1,"href":"https:\/\/www.wedobd.com\/index.php?rest_route=\/wp\/v2\/posts\/5615\/revisions"}],"predecessor-version":[{"id":7470,"href":"https:\/\/www.wedobd.com\/index.php?rest_route=\/wp\/v2\/posts\/5615\/revisions\/7470"}],"wp:attachment":[{"href":"https:\/\/www.wedobd.com\/index.php?rest_route=%2Fwp%2Fv2%2Fmedia&parent=5615"}],"wp:term":[{"taxonomy":"category","embeddable":true,"href":"https:\/\/www.wedobd.com\/index.php?rest_route=%2Fwp%2Fv2%2Fcategories&post=5615"},{"taxonomy":"post_tag","embeddable":true,"href":"https:\/\/www.wedobd.com\/index.php?rest_route=%2Fwp%2Fv2%2Ftags&post=5615"}],"curies":[{"name":"wp","href":"https:\/\/api.w.org\/{rel}","templated":true}]}}