{"id":5627,"date":"2005-08-16T17:45:00","date_gmt":"2005-08-16T15:45:00","guid":{"rendered":"https:\/\/www.wedobd.com\/?p=5627"},"modified":"2025-09-29T16:19:15","modified_gmt":"2025-09-29T14:19:15","slug":"interview_de_tu","status":"publish","type":"post","link":"https:\/\/www.wedobd.com\/?p=5627","title":{"rendered":"Interview de Turalo"},"content":{"rendered":"<p><span style=\"color: #660000;\"><strong>On continue notre d\u00e9couverte des auteurs de blogs BD avec l&#8217;iconoclaste Turalo, un bloggueur \u00e0 la fois sc\u00e9nariste, dessinateur et coloriste professionnel. Son blog pr\u00e9c\u00e9dent ayant \u00e9t\u00e9 victime d&#8217;un &quot;accident&quot;, c&#8217;est avec un blog tout neuf &quot;<a href=\"http:\/\/www.20six.fr\/Turalo2\">Le glop du renouvo<\/a>&quot; que Turalo aborde ce festival&#8230;<\/p>\n<p><\/strong><\/span><span style=\"color: #660000;\"><strong><a href=\"http:\/\/yannicklejeune.blogs.com\/.shared\/image.html?\/photos\/uncategorized\/turalodouche.jpg\" onclick=\"window.open(this.href, '_blank', 'width=502,height=392,scrollbars=no,resizable=no,toolbar=no,directories=no,location=no,menubar=no,status=no,left=0,top=0'); return false\"><img loading=\"lazy\" decoding=\"async\" width=\"300\" height=\"234\" border=\"0\" src=\"https:\/\/www.wedobd.com\/wp-content\/uploads\/2005\/08\/turalodouche.jpg\" alt=\"Turalodouche\" title=\"Turalodouche\" style=\"margin: 0px 5px 5px 0px; float: left;\" \/><\/a><\/strong><\/span><span style=\"color: #660000;\"><strong>Comment as-tu commenc\u00e9 \u00e0 dessiner ?<\/strong><\/span><\/p>\n<p>En attrapant un crayon, j\u2019imagine\u2026<br \/>Une l\u00e9gende familiale raconte qu\u2019\u00e0 ma naissance, trois bonnes f\u00e9es se sont pench\u00e9es sur mon berceau. La premi\u00e8re m\u2019a dot\u00e9 de la beaut\u00e9, la seconde de l\u2019intelligence et la troisi\u00e8me du sens de la communication. H\u00e9las, une quatri\u00e8me f\u00e9e, qui n\u2019avait pas \u00e9t\u00e9 invit\u00e9e, s\u2019est incrust\u00e9e \u00e0 la f\u00eate. Elle leur dit \u00abVous avez fait de bons souhaits, je ne peux rien y ajouter de plus.\u00bb, et elle \u00e9mit \u00e0 son tour un v\u0153u \u00ab\u00c9ric, tu seras dessinateur de b\u00e9d\u00e9 !\u00bb. Depuis, les trois autres f\u00e9es n\u2019ont cess\u00e9 de pleurer. Elles savaient bien que cette orientation briserait mes liens sociaux, stopperait net l\u2019\u00e9volution de mon intellect tout en provocant la chute financi\u00e8re de ma famille. De plus, les multiples d\u00e9pressions ont depuis alt\u00e9r\u00e9 ma probit\u00e9 physique, l\u2019alcool et la nourriture de mauvaise qualit\u00e9 ayant eu raison de mes derniers charmes.<\/p>\n<p><!--more--><\/p>\n<p><span style=\"color: #660000;\"><strong>As-tu suivi des cours de dessin ou une formation artistique ?<\/strong><\/span><\/p>\n<p>J\u2019ai \u00e9t\u00e9 inscrit dans divers \u00e9tablissements dont je ne voudrais pas faire la publicit\u00e9.<br \/>La<br \/>\nrumeur selon laquelle les \u00e9coles d\u2019Art sont tenues par des artistes<br \/>\nrat\u00e9s se v\u00e9rifie souvent. Ils ne font d\u2019ailleurs pas de meilleurs<br \/>\nfonctionnaires. Mais ils ont la s\u00e9curit\u00e9 de l\u2019emploi, une retraite<br \/>\nassur\u00e9e, des cong\u00e9s pay\u00e9s et plein d\u2019avantages sociaux, ces cons. Je me<br \/>\ndemande parfois si ce n\u2019est pas eux qui ont raison. Et puis je<br \/>\nr\u00e9fl\u00e9chis une demi-seconde, et je me dis que non.<\/p>\n<p><span style=\"color: #660000;\"><strong>Peux-tu pr\u00e9senter ton blog ?<\/strong><\/span><\/p>\n<p>Un cama\u00efeu de bleus avec du trait, de l\u2019esprit, parfois des traits<br \/>\nd\u2019esprit. Parfois pas grand-chose non plus, c\u2019est selon l\u2019humeur.<\/p>\n<p><span style=\"color: #660000;\"><strong>Comment en es-tu venu \u00e0 blogguer ?<\/strong><\/span><\/p>\n<p>Par de mauvaises influences.<br \/>J\u2019ai commenc\u00e9 lecteur, et puis un doigt dans l\u2019engrenage entra\u00eenant l\u2019autre\u2026<br \/>En<br \/>\nfait, je comprenais mal le ph\u00e9nom\u00e8ne. Il fallait que je le touche du<br \/>\ndoigt. Aujourd\u2019hui, apr\u00e8s un an et demi, je ne suis pas plus avanc\u00e9.<\/p>\n<p><span style=\"color: #660000;\"><strong>Quel est ton objectif premier quand tu bloggues ?<\/strong><\/span><\/p>\n<p>Perdre du temps.<br \/>J\u2019en ai trop, il faut croire.<\/p>\n<p><span style=\"color: #660000;\"><strong><img decoding=\"async\" border=\"0\" src=\"https:\/\/www.wedobd.com\/wp-content\/uploads\/2005\/08\/turaloaffiche_2.jpg\" alt=\"Turaloaffiche_2\" title=\"Turaloaffiche_2\" style=\"margin: 0px 5px 5px 0px; float: left;\" \/><\/strong><\/span><span style=\"color: #660000;\"><strong>Quel \u00e9tait ton public cible au d\u00e9marrage ?<\/strong><\/span>\n<\/p>\n<p>Je n\u2019avais pas d\u2019id\u00e9e pr\u00e9con\u00e7ue, consid\u00e9rant que j\u2019\u00e9tais mon premier<br \/>\nlecteur.Peut-\u00eatre l\u2019envie de maintenir un lien avec certaines<br \/>\npersonnes, certains amis avec lesquels je ne maintiens que trop peu de<br \/>\ncontact.Aussi absurde que cela puisse para\u00eetre, la d\u00e9marche du blog se<br \/>\nrapproche beaucoup de celle que l\u2019on peut avoir lorsque l\u2019on tient un<br \/>\njournal intime (m\u00eame si je n\u2019ai jamais trouv\u00e9 le courage d\u2019en tenir un<br \/>\ntr\u00e8s longtemps). Mais j\u2019ai toujours consid\u00e9r\u00e9 que, m\u00eame dans la<br \/>\nr\u00e9daction d\u2019un journal, le fantasme d\u2019\u00eatre lu clandestinement joue<br \/>\nbeaucoup dans le fait d\u2019\u00e9crire ou d\u2019exprimer des id\u00e9es intimes, de se<br \/>\nlivrer\u2026 Pour \u00e7a, je pr\u00e9f\u00e8re maintenant l\u2019expression \u00abjournal extime\u00bb,<br \/>\nemprunt\u00e9e au hasard sur le net.<\/p>\n<p><span style=\"color: #660000;\"><strong>Quels sont tes lecteurs aujourd&#8217;hui ?<\/strong><\/span><\/p>\n<p>\u00c7a, je me le demande bien.<br \/>Ce serait plut\u00f4t \u00e0 eux de se pr\u00e9senter\u2026<br \/>Des gens biens, dans leur majorit\u00e9, je crois.<\/p>\n<p><span style=\"color: #660000;\"><strong>Combien de temps passes-tu sur tes notes (par jour\/par semaine) ?<\/strong><\/span><\/p>\n<p>Y\u2019a pas de r\u00e8gle.<\/p>\n<p><span style=\"color: #660000;\"><strong>Est-ce du mat\u00e9riel fait expr\u00e8s pour le blog ou un carnet de croquis scann\u00e9 ou des trucs repris ailleurs ?<\/strong><\/span><\/p>\n<p>J\u2019ai commenc\u00e9 par publier mes travaux en cours, fa\u00e7on mini-site de<br \/>\npr\u00e9sentation de mes divers travaux. Puis \u00e7a a d\u00e9riv\u00e9. J\u2019ai continu\u00e9<br \/>\npetit \u00e0 petit \u00e0 dessiner \u00ab pour \u00bb le blog. Aujourd\u2019hui, la majeure<br \/>\npartie de ce qu\u2019on peut y lire ou voir est r\u00e9alis\u00e9e exclusivement pour<br \/>\nle blog.<\/p>\n<p><span style=\"color: #660000;\"><strong><a href=\"http:\/\/yannicklejeune.blogs.com\/.shared\/image.html?\/photos\/uncategorized\/chinon10ans.jpg\" onclick=\"window.open(this.href, '_blank', 'width=425,height=552,scrollbars=no,resizable=no,toolbar=no,directories=no,location=no,menubar=no,status=no,left=0,top=0'); return false\"><img loading=\"lazy\" decoding=\"async\" width=\"300\" height=\"389\" border=\"0\" src=\"https:\/\/www.wedobd.com\/wp-content\/uploads\/2005\/08\/chinon10ans.jpg\" alt=\"Chinon10ans\" title=\"Chinon10ans\" style=\"margin: 0px 5px 5px 0px; float: left;\" \/><\/a> Comment les r\u00e9alises-tu ? (crayonn\u00e9s, palette graphique, aquarelle&#8230;)<\/strong><\/span><\/p>\n<p>De fa\u00e7on assez trad\u2019\u2026 Dessin \u00e0 la main, mise en couleur num\u00e9rique\u2026 Rien de bien particulier.<\/p>\n<p><strong><span style=\"color: #660000;\">Quelles sont tes influences ?<\/span><\/strong><\/p>\n<p><span style=\"color: #000000;\">Je suis un fan inconditionnel de Franquin qui<br \/>\nest un dieu. Sinon j&#8217;ai appris mes bases dans les pages de Tortax, une<br \/>\ntortue super-h\u00e9ros dessin\u00e9e par Dubouillon. Y a aussi Eddy Rissack<br \/>\n(Colin Colas) que j&#8217;oublie tout le temps et puis Cavazano. J&#8217;en oublie<br \/>\ncertainement mais je pense \u00e9galement aux Aventures du Marquis de<br \/>\nSt-Piastre de Grammax.<\/span><\/p>\n<p><span style=\"color: #660000;\"><strong>Combien de temps passes-tu \u00e0 lire les blogs des autres ?<\/strong><\/span><\/p>\n<p>Trop.<\/p>\n<p><span style=\"color: #660000;\"><strong>Quels sont ceux dont tu es le plus fan ?<\/strong><\/span><\/p>\n<p>Pass\u00e9 la mode \u00ab Frantico \u00bb, je reste lecteur en priorit\u00e9 des blogs<br \/>\ndes copains\/copines. C\u2019est un lien affectif plus que toute autre<br \/>\nconsid\u00e9ration. Je redeviendrai \u00abfan\u00bb le jour o\u00f9 Franquin nous tiendra<br \/>\nun blog de l\u2019au-del\u00e0.<\/p>\n<p><span style=\"color: #660000;\"><strong>As-tu rencontr\u00e9 des gens gr\u00e2ce aux blogs ?<\/strong><\/span><\/p>\n<p>C\u2019est ce que j\u2019ai d\u00e9couvert avec mon blog. Le fait de se d\u00e9couvrir<br \/>\nde fa\u00e7on, au bout du compte, si extravertie remporte soit de la<br \/>\nsympathie, soit de l\u2019antipathie. C\u2019est finalement assez naturel. Au<br \/>\nfinal se cr\u00e9ent des liens virtuels entre les personnes qui peuvent<br \/>\nensuite d\u00e9river vers des rencontres physiques, souvent de bonnes<br \/>\nsurprises.<\/p>\n<p><span style=\"color: #660000;\"><strong>As-tu une anecdote particuli\u00e8re li\u00e9e aux blogs ?<\/strong><\/span><\/p>\n<p>Plus y\u2019a du caca, plus y\u2019a d\u2019audience. La blogosph\u00e8re c\u2019est un peu<br \/>\nle Voicigala du net. Plusieurs anecdotes se bousculent, je suis rentr\u00e9<br \/>\nen conflit avec quelques personnes par blog ou commentaires interpos\u00e9s,<br \/>\net cela reste de bons souvenirs, en g\u00e9n\u00e9ral. Mais ce ne sont plus que<br \/>\ndes souvenirs depuis que mon compte a \u00e9t\u00e9 pirat\u00e9 et que le contenu de<br \/>\nmon premier blog a \u00e9t\u00e9 effac\u00e9.<br \/>Finalement, faire table rase de tout \u00e7a permet de repartir \u00e0 z\u00e9ro.<\/p>\n<p><span style=\"color: #660000;\"><strong>Es-tu sensibles aux commentaires ?<\/strong><\/span><\/p>\n<p>Sans parler d\u2019insensibilit\u00e9, je m\u2019emploie \u00e0 ne pas me laisser<br \/>\ninfluencer par le contenu \u00abcommentaires\u00bb. Quand mon premier blog a<br \/>\nd\u00e9marr\u00e9 \u00abfort\u00bb au niveau audience, je me suis rendu compte que je<br \/>\ncommen\u00e7ais \u00e0 r\u00e9diger en fonction d\u2019un lectorat potentiel, que j\u2019entrais<br \/>\ndans une esp\u00e8ce de consensus, comme un acte de s\u00e9duction. J\u2019ai d\u00fb<br \/>\nprendre un petit peu de recul n\u00e9cessaire, je n\u2019\u00e9cris pas pour \u00eatre lu.<br \/>Du<br \/>\ncoup, je consid\u00e8re mon blog en 2 parties distinctes : les notes d\u2019un<br \/>\nc\u00f4t\u00e9, espace d\u2019expression libre, et les commentaires de l\u2019autre, sorte<br \/>\nd\u2019ersatz de forum.<\/p>\n<p><span style=\"color: #660000;\"><strong>Qu&#8217;est-ce qui te plait le plus dans les blogs ?<\/strong><\/span><\/p>\n<p>Mettre le doigt dans quelque chose de compl\u00e8tement incontr\u00f4lable.<\/p>\n<p><span style=\"color: #660000;\"><strong><a href=\"http:\/\/yannicklejeune.blogs.com\/.shared\/image.html?\/photos\/uncategorized\/turalovieprivee.jpg\" onclick=\"window.open(this.href, '_blank', 'width=425,height=262,scrollbars=no,resizable=no,toolbar=no,directories=no,location=no,menubar=no,status=no,left=0,top=0'); return false\"><img loading=\"lazy\" decoding=\"async\" width=\"300\" height=\"184\" border=\"0\" src=\"https:\/\/www.wedobd.com\/wp-content\/uploads\/2005\/08\/turalovieprivee.jpg\" alt=\"Turalovieprivee\" title=\"Turalovieprivee\" style=\"margin: 0px 0px 5px 5px; float: right;\" \/><\/a>Qu&#8217;aimes-tu le moins dans les blogs ?<\/strong><\/span><\/p>\n<p>J\u2019ai un peu de mal avec les gens qui s\u2019inventent un personnage plus<br \/>\nqu\u2019ils ne se livrent. Il y a un c\u00f4t\u00e9 \u00abmanipulation d\u2019audience\u00bb, \u00abprise<br \/>\nen otage \u00e9motionnelle\u00bb qui parfois m\u2019exasp\u00e8re. Il faudrait mener une<br \/>\nr\u00e9flexion sur les limites de l\u2019autofiction sous couvert d\u2019authenticit\u00e9\u2026<\/p>\n<p><span style=\"color: #660000;\"><strong>Que penses-tu des flux RSS ?<\/strong><\/span><\/p>\n<p>Ha, ha, ha ! Je n\u2019ai jamais compris ce que c\u2019\u00e9tait !<\/p>\n<p><span style=\"color: #660000;\"><strong>Et en dehors des blogs o\u00f9 peut-on voir ton travail ?<\/strong><\/span><\/p>\n<p>Chez les libraires ou dans la presse.<br \/>Sur mon bureau ou dans ma t\u00eate, autour d\u2019un verre.<\/p>\n<p><span style=\"color: #660000;\"><strong>As-tu des albums, si oui ? Peux-tu les pr\u00e9senter ?<\/strong><\/span><\/p>\n<p>Une bonne recherche sur Google devrait suffire.<br \/>Je tiens mon<br \/>\npseudo d\u2019un de mes personnages f\u00e9tiches qui vivait sa vie de lapin<br \/>\nmalheureux dans un format \u00abstrip\u00bb muet et noir et blanc, \u00abTuralo le<br \/>\nlapin\u00bb (\u00e9ditions Triskel).<br \/>J&#8217;avais publi\u00e9 auparavant deux albums noir et blanc : &quot;Picasso a disparu&quot; <br \/>(\u00e9ditions<br \/>\nCAF16), une aventure pour enfants de 30 pages, et &quot;Humain trop humain<br \/>\n(sic)&quot; (avec Richard Marazano, \u00e9ditions le Cycliste), un r\u00e9cit<br \/>\nd&#8217;anticipation socio-philosophique de 24 pages. Mes premi\u00e8res armes\u2026<br \/>\nSinon, j\u2019ai anim\u00e9 depuis en tant que dessinateur une s\u00e9rie de gags chez<br \/>\nGl\u00e9nat qui s\u2019appelait \u00abHermine\u00bb (3 tomes parus, avec Delphine Rieu), et<br \/>\nje r\u00e9dige aujourd\u2019hui le sc\u00e9nario d\u2019une toute jeune s\u00e9rie polici\u00e8re,<br \/>\n\u00abLes Enqu\u00eates des D\u00e9tectives Harley &amp; Davidson\u00bb aux \u00e9ditions EP (1<br \/>\ntome paru, avec Ullcer).<br \/>Je travaille aussi en collaboration avec<br \/>\nd\u2019autres dessinateurs comme co-auteur coloriste (\u00abL\u2019Irlandais\u00bb, \u00abLe<br \/>\nChocolat Magique\u00bb\u2026).<br \/>Mais les plus beaux projets restent \u00e0 venir.&quot;<\/p>\n<p><!-- Start of StatCounter Code --><br \/>\n<img decoding=\"async\" src=\"https:\/\/www.wedobd.com\/wp-content\/uploads\/2005\/08\/counter.php_-27.png\" alt=\"free counter statistics\" border=\"0\"><br \/>\n<!-- End of StatCounter Code --><\/p>\n","protected":false},"excerpt":{"rendered":"<p>On continue notre d\u00e9couverte des auteurs de blogs BD avec l&#8217;iconoclaste Turalo, un bloggueur \u00e0 la fois sc\u00e9nariste, dessinateur et coloriste professionnel. Son blog pr\u00e9c\u00e9dent ayant \u00e9t\u00e9 victime d&#8217;un &quot;accident&quot;, c&#8217;est avec un blog tout neuf &quot;Le glop du renouvo&quot; que Turalo aborde ce festival&#8230; Comment as-tu commenc\u00e9 \u00e0 dessiner ? En attrapant un crayon, [&hellip;]<\/p>\n","protected":false},"author":4,"featured_media":0,"comment_status":"open","ping_status":"open","sticky":false,"template":"","format":"standard","meta":{"footnotes":""},"categories":[2],"tags":[273,457,950,205],"class_list":["post-5627","post","type-post","status-publish","format-standard","hentry","category-04-actualite-blogs-et-bd","tag-blogs-bd","tag-festival-des-blogs-bd","tag-interview-de-turalo","tag-turalo"],"_links":{"self":[{"href":"https:\/\/www.wedobd.com\/index.php?rest_route=\/wp\/v2\/posts\/5627","targetHints":{"allow":["GET"]}}],"collection":[{"href":"https:\/\/www.wedobd.com\/index.php?rest_route=\/wp\/v2\/posts"}],"about":[{"href":"https:\/\/www.wedobd.com\/index.php?rest_route=\/wp\/v2\/types\/post"}],"author":[{"embeddable":true,"href":"https:\/\/www.wedobd.com\/index.php?rest_route=\/wp\/v2\/users\/4"}],"replies":[{"embeddable":true,"href":"https:\/\/www.wedobd.com\/index.php?rest_route=%2Fwp%2Fv2%2Fcomments&post=5627"}],"version-history":[{"count":1,"href":"https:\/\/www.wedobd.com\/index.php?rest_route=\/wp\/v2\/posts\/5627\/revisions"}],"predecessor-version":[{"id":7540,"href":"https:\/\/www.wedobd.com\/index.php?rest_route=\/wp\/v2\/posts\/5627\/revisions\/7540"}],"wp:attachment":[{"href":"https:\/\/www.wedobd.com\/index.php?rest_route=%2Fwp%2Fv2%2Fmedia&parent=5627"}],"wp:term":[{"taxonomy":"category","embeddable":true,"href":"https:\/\/www.wedobd.com\/index.php?rest_route=%2Fwp%2Fv2%2Fcategories&post=5627"},{"taxonomy":"post_tag","embeddable":true,"href":"https:\/\/www.wedobd.com\/index.php?rest_route=%2Fwp%2Fv2%2Ftags&post=5627"}],"curies":[{"name":"wp","href":"https:\/\/api.w.org\/{rel}","templated":true}]}}