{"id":5634,"date":"2005-08-09T16:43:00","date_gmt":"2005-08-09T14:43:00","guid":{"rendered":"https:\/\/www.wedobd.com\/?p=5634"},"modified":"2025-09-29T16:20:17","modified_gmt":"2025-09-29T14:20:17","slug":"festival_des_bl-2","status":"publish","type":"post","link":"https:\/\/www.wedobd.com\/?p=5634","title":{"rendered":"Festival des blogs BD"},"content":{"rendered":"<p><span class=\"paragraphetexte\"><span style=\"color: black; font-family: &quot;Trebuchet MS&quot;;\">Bonjour et bienvenue sur le site du premier festival des blogs BD, un \u00e9v\u00e9nement qui, je l\u2019esp\u00e8re, vous apportera bien du plaisir \u2026<\/span><\/span><\/p>\n<\/p>\n<p><span class=\"paragraphetexte\"><span style=\"color: black; font-family: &quot;Trebuchet MS&quot;;\"><span class=\"paragraphetexte\"><span style=\"color: black; font-family: 'Trebuchet MS';\"><span class=\"paragraphetexte\"><span style=\"color: black; font-family: Symbol;\"><span class=\"paragraphetexte\"><span style=\"color: black; font-family: 'Trebuchet MS';\"><span class=\"paragraphetexte\"><span style=\"color: black; font-family: 'Trebuchet MS';\"><a href=\"http:\/\/yannicklejeune.blogs.com\/.shared\/image.html?\/photos\/uncategorized\/festiblogweb_2.jpg\" onclick=\"window.open(this.href, '_blank', 'width=800,height=1171,scrollbars=no,resizable=no,toolbar=no,directories=no,location=no,menubar=no,status=no,left=0,top=0'); return false\"><\/a><\/span><\/span><\/span><\/span><\/span><\/span><\/span><\/span><a href=\"http:\/\/yannicklejeune.blogs.com\/.shared\/image.html?\/photos\/uncategorized\/festivalblogsbd.jpg\" onclick=\"window.open(this.href, '_blank', 'width=600,height=878,scrollbars=no,resizable=no,toolbar=no,directories=no,location=no,menubar=no,status=no,left=0,top=0'); return false\"><img loading=\"lazy\" decoding=\"async\" width=\"300\" height=\"439\" border=\"0\" src=\"https:\/\/www.wedobd.com\/wp-content\/uploads\/2005\/08\/festivalblogsbd.jpg\" alt=\"Festivalblogsbd\" title=\"Festivalblogsbd\" style=\"margin: 0px 5px 5px 0px; float: left;\" \/><\/a>Comme il ne s\u2019agit pas ici de vous raconter ma vie, je me contenterai de pr\u00e9ciser que je partage le gros de mon temps entre le management d\u2019une structure d\u00e9di\u00e9e \u00e0 l\u2019innovation informatique et le journalisme sp\u00e9cialis\u00e9 en BD. Il se trouve que le blog rassemble id\u00e9alement c<\/span><\/span><span class=\"paragraphetexte\"><span style=\"color: black; font-family: &quot;Trebuchet MS&quot;;\">es deux orientations assez distinctes&#8230; Je suis donc tomb\u00e9 dedans tr\u00e8s t\u00f4t, mais plut\u00f4t en tant que lecteur.<\/p>\n<p>En traversant la blogosph\u00e8re b\u00e9d\u00e9phile, j&#8217;ai trouv\u00e9 des tr\u00e9sors de cr\u00e9ativit\u00e9 et de diversit\u00e9. Du blog autobiographique au making-off d\u2019album papier, on trouve de tout dans ce petit univers. Journal intime pour certains, bonus &quot;\u00e0 la mani\u00e8re du DVD&quot; pour d\u2019autres, une seule chose domine : la libert\u00e9 offerte par ce fantastique outil d\u2019auto-\u00e9dition. Alors un jour, quand un ami dessinateur m\u2019a pouss\u00e9 \u00e0 me mettre au dessin (un truc que j\u2019avais laiss\u00e9 de cot\u00e9 depuis mes ann\u00e9es Crayola), je suis tomb\u00e9 dans le blogging comme un gourmand dans un pot de Nutella, un v\u00e9ritable accro&#8230;<\/span><\/span><\/p>\n<\/p>\n<p><span class=\"paragraphetexte\"><span style=\"color: black; font-family: &quot;Trebuchet MS&quot;;\">C&#8217;est pourquoi, quand les responsables d\u2019Album Bercy m\u2019ont expliqu\u00e9 qu\u2019ils cherchaient \u00e0 organiser un \u00e9v\u00e9nement innovant et sympa pour les passionn\u00e9s de BD, j\u2019ai imagin\u00e9 ce festival des auteurs de blogs BD autour de quelques concepts-cl\u00e9. <\/span><\/span><\/p>\n<\/p>\n<p style=\"margin-left: 36pt; text-indent: -18pt;\"><span class=\"paragraphetexte\"><span style=\"color: black; font-family: Symbol;\"><strong>\u00b7<span style=\"font-family: &quot;Times New Roman&quot;; font-style: normal; font-variant: normal; font-weight: normal; font-size: 7pt; line-height: normal; font-size-adjust: none; font-stretch: normal;\">&nbsp;<\/span><\/strong><\/span><\/span><span class=\"paragraphetexte\"><span style=\"color: black; font-family: &quot;Trebuchet MS&quot;;\"><strong>La rencontre r\u00e9elle d\u2019une communaut\u00e9 virtuelle. <\/strong><br \/>C\u2019est l\u2019occasion pour les auteurs de blogs qu\u2019ils soient professionnels de la BD ou amateurs de se rencontrer. C\u2019est aussi et surtout pour eux une opportunit\u00e9 de mettre un visage sur ceux qui les accompagnent quotidiennement en leur laissant commentaires et encouragements. Ainsi nous proposons au public de venir rencontrer 40 auteurs d\u00e8s cette premi\u00e8re \u00e9dition et nous vous attendons nombreux.<\/span><\/span><\/p>\n<\/p>\n<p style=\"margin-left: 36pt; text-indent: -18pt;\"><span class=\"paragraphetexte\"><span style=\"color: black; font-family: Symbol;\"><strong>\u00b7<span style=\"font-family: &quot;Times New Roman&quot;; font-style: normal; font-variant: normal; font-weight: normal; font-size: 7pt; line-height: normal; font-size-adjust: none; font-stretch: normal;\">&nbsp;<\/span><\/strong><\/span><\/span><span class=\"paragraphetexte\"><span style=\"color: black; font-family: &quot;Trebuchet MS&quot;;\"><strong>Un \u00e9v\u00e9nement non-commercial (ou presque).<\/strong><br \/>L\u2019entr\u00e9e du festival est gratuite, les d\u00e9dicaces sans obligation d\u2019achat. Si certains auteurs seront ravis de vous dessiner un petit (ou un grand) quelquechose sur un album qui leur tient \u00e0 c\u0153ur, certains bloggueurs n\u2019ont pas (encore) \u00e9t\u00e9 publi\u00e9s et seront l\u00e0 pour signer vos carnets, livres d\u2019or et autres feuilles de papier.<\/span><\/span><\/p>\n<\/p>\n<p style=\"margin-left: 36pt; text-indent: -18pt;\"><span class=\"paragraphetexte\"><span style=\"color: black; font-family: Symbol;\"><strong>\u00b7<span style=\"font-family: &quot;Times New Roman&quot;; font-style: normal; font-variant: normal; font-weight: normal; font-size: 7pt; line-height: normal; font-size-adjust: none; font-stretch: normal;\">&nbsp;<\/span><\/strong><\/span><\/span><span class=\"paragraphetexte\"><span style=\"color: black; font-family: &quot;Trebuchet MS&quot;;\"><strong>Un \u00e9v\u00e9nement off-line et on-line<\/strong><br \/>Tout au long du mois pr\u00e9c\u00e9dent l\u2019\u00e9v\u00e9nement, et ce \u00e0 partir du 10 aout, vous trouverez de tr\u00e8s nombreuses notes contenant des interviews de bloggueurs, des dessins et de nombreuses surprises\u2026 Le jour m\u00eame de l\u2019\u00e9v\u00e9nement, un certain nombre d\u2019animations auront lieu sur ce blog avec les bloggueurs pr\u00e9sents mais aussi ceux retenus ailleurs.<\/span><\/span><\/p>\n<\/p>\n<p><span class=\"paragraphetexte\"><span style=\"color: black; font-family: &quot;Trebuchet MS&quot;;\">Bien que le programme de l&#8217;\u00e9v\u00e9nement ne soit pas encore totalement finalis\u00e9 (on en a des id\u00e9es&#8230;), voici quelques informations sur ce qui vous attend :<\/span><\/span><\/p>\n<ul>\n<li><span class=\"paragraphetexte\"><span style=\"color: black; font-family: &quot;Trebuchet MS&quot;;\"><strong>du 15 aout au 10 septembre :<\/strong><\/span><\/span><span class=\"paragraphetexte\"><span style=\"color: black; font-family: &quot;Trebuchet MS&quot;;\"><strong>&nbsp;<\/strong><\/span><\/span><br \/><span class=\"paragraphetexte\"><span style=\"color: black; font-family: &quot;Trebuchet MS&quot;;\">&#8211; <strong>mise en ligne quotidienne d&#8217;une ou plusieurs interviews de bloggueur<\/strong> (avec tous les participants indiqu\u00e9s \u00e0 gauche)<strong> et d&#8217;invit\u00e9s surprise<\/strong>. <br \/>&#8211; <strong>ouverture des commentaires dans toutes les notes de ce blog<\/strong>. Participez \u00e0 l&#8217;avant-festival en r\u00e9agissant \u00e0 chaud aux propos des auteurs !<\/span><\/span><\/li>\n<li><span class=\"paragraphetexte\"><span style=\"color: black; font-family: &quot;Trebuchet MS&quot;;\"><strong>fin aout : sortie de B\u00e9d\u00e9ka 18 avec un dossier sp\u00e9cial blog<\/strong> rempli d&#8217;illustrations sp\u00e9cialement con\u00e7ues pour l&#8217;occasion.<\/span><\/span><\/li>\n<li><span class=\"paragraphetexte\"><span style=\"color: black; font-family: &quot;Trebuchet MS&quot;;\"><strong>le 11 septembre 2005 : <br \/>&#8211; d\u00e9dicaces par 40 auteurs<\/strong>. Les horaires de d\u00e9dicace seront mis en ligne tr\u00e8s prochainement. <strong>Les d\u00e9dicaces seront mises en ligne en direct sur ce site<\/strong>.<br \/>&#8211; <strong>Sur la base d&#8217;un strip r\u00e9alis\u00e9 par Melaka, les auteurs se verront proposer la r\u00e9alisation d&#8217;une oeuvre collective<\/strong> mise en ligne au fur et \u00e0 mesure de sa cr\u00e9ation.<\/span><\/span><\/li>\n<\/ul>\n<p><span class=\"paragraphetexte\"><span style=\"color: black; font-family: &quot;Trebuchet MS&quot;;\"><img decoding=\"async\" border=\"0\" src=\"https:\/\/yannicklejeune.blogs.com\/photos\/uncategorized\/ylejcaricature_4.gif\" alt=\"Ylejcaricature_4\" title=\"Ylejcaricature_4\" style=\"margin: 0px 0px 5px 5px; float: right;\" \/>Je finirai cette introduction en remerciant <a href=\"http:\/\/www.20six.fr\/melaka\">Melaka<\/a> pour avoir accept\u00e9 d\u2019\u00eatre la marraine de cette premi\u00e8re \u00e9dition du festival, <a href=\"http:\/\/www.bouletcorp.com\/\">Boulet<\/a> pour en \u00eatre le parrain et en avoir dessin\u00e9 l\u2019affiche, <a href=\"http:\/\/www.turbolapin.com\/blog\/\">Libon et Capucine<\/a> pour avoir finalis\u00e9 cette derni\u00e8re et tous les auteurs, \u00e9diteurs et amis qui m\u2019ont aid\u00e9 \u00e0 mettre tout cela en place.<\/span><\/span><\/p>\n<\/p>\n<p><span class=\"paragraphetexte\"><span style=\"color: black; font-family: &quot;Trebuchet MS&quot;;\">En esp\u00e9rant vous voir nombreux \u00e0 un \u00e9v\u00e9nement qui se veut convivial et festif,<\/span><\/span><\/p>\n<\/p>\n<p><personname productid=\"Yannick Lejeune\" w:st=\"on\"><\/personname><\/p>\n<p><span class=\"paragraphetexte\"><span style=\"color: black; font-family: &quot;Trebuchet MS&quot;;\">Je vous donne donc rendez-vous le 15 aout pour les premi\u00e8res mises \u00e0 jour de ce blog, d&#8217;ici-l\u00e0 blogguez bien !<\/span><\/span><\/p>\n<p><span class=\"paragraphetexte\"><span style=\"color: black; font-family: &quot;Trebuchet MS&quot;;\">Yannick Lejeune &#8211; <a href=\"http:\/\/www.20six.fr\/ylej\">http:\/\/www.20six.fr\/ylej<\/a><\/span><\/span><\/p>\n<p><!--more--><\/p>\n","protected":false},"excerpt":{"rendered":"<p>Bonjour et bienvenue sur le site du premier festival des blogs BD, un \u00e9v\u00e9nement qui, je l\u2019esp\u00e8re, vous apportera bien du plaisir \u2026 Comme il ne s\u2019agit pas ici de vous raconter ma vie, je me contenterai de pr\u00e9ciser que je partage le gros de mon temps entre le management d\u2019une structure d\u00e9di\u00e9e \u00e0 l\u2019innovation [&hellip;]<\/p>\n","protected":false},"author":4,"featured_media":0,"comment_status":"closed","ping_status":"open","sticky":false,"template":"","format":"standard","meta":{"footnotes":""},"categories":[26],"tags":[273,868,457],"class_list":["post-5634","post","type-post","status-publish","format-standard","hentry","category-02-le-festival-de-2005-a-2013","tag-blogs-bd","tag-festival-blogs-bd","tag-festival-des-blogs-bd"],"_links":{"self":[{"href":"https:\/\/www.wedobd.com\/index.php?rest_route=\/wp\/v2\/posts\/5634","targetHints":{"allow":["GET"]}}],"collection":[{"href":"https:\/\/www.wedobd.com\/index.php?rest_route=\/wp\/v2\/posts"}],"about":[{"href":"https:\/\/www.wedobd.com\/index.php?rest_route=\/wp\/v2\/types\/post"}],"author":[{"embeddable":true,"href":"https:\/\/www.wedobd.com\/index.php?rest_route=\/wp\/v2\/users\/4"}],"replies":[{"embeddable":true,"href":"https:\/\/www.wedobd.com\/index.php?rest_route=%2Fwp%2Fv2%2Fcomments&post=5634"}],"version-history":[{"count":1,"href":"https:\/\/www.wedobd.com\/index.php?rest_route=\/wp\/v2\/posts\/5634\/revisions"}],"predecessor-version":[{"id":7572,"href":"https:\/\/www.wedobd.com\/index.php?rest_route=\/wp\/v2\/posts\/5634\/revisions\/7572"}],"wp:attachment":[{"href":"https:\/\/www.wedobd.com\/index.php?rest_route=%2Fwp%2Fv2%2Fmedia&parent=5634"}],"wp:term":[{"taxonomy":"category","embeddable":true,"href":"https:\/\/www.wedobd.com\/index.php?rest_route=%2Fwp%2Fv2%2Fcategories&post=5634"},{"taxonomy":"post_tag","embeddable":true,"href":"https:\/\/www.wedobd.com\/index.php?rest_route=%2Fwp%2Fv2%2Ftags&post=5634"}],"curies":[{"name":"wp","href":"https:\/\/api.w.org\/{rel}","templated":true}]}}