{"id":573,"date":"2010-07-29T07:00:00","date_gmt":"2010-07-29T05:00:00","guid":{"rendered":"https:\/\/www.wedobd.com\/?p=573"},"modified":"2025-09-29T14:43:47","modified_gmt":"2025-09-29T12:43:47","slug":"nr-2","status":"publish","type":"post","link":"https:\/\/www.wedobd.com\/?p=573","title":{"rendered":"Invit\u00e9 #22 : NR"},"content":{"rendered":"<p><strong>Notre 22<sup>e<\/sup> invit\u00e9 est un petit nouveau qui fait cette ann\u00e9e sa premi\u00e8re apparition face aux lecteurs. Nous accueillons <a href=\"http:\/\/donne-moi-ton-ballon.blogspot.com\/\" target=\"_blank\">NR<\/a>.<\/strong><\/p>\n<p><strong><br \/><\/strong><\/p>\n<p style=\"text-align: center;\"><strong><br \/>\n<a href=\"http:\/\/yannicklejeune.blogs.com\/.a\/6a00d8341c501b53ef013485967b23970c-popup\" onclick=\"window.open( this.href, &#39;_blank&#39;, &#39;width=640,height=480,scrollbars=no,resizable=no,toolbar=no,directories=no,location=no,menubar=no,status=no,left=0,top=0&#39; ); return false\" style=\"display: inline;\"><img decoding=\"async\" alt=\"Festiblog\" class=\"asset asset-image at-xid-6a00d8341c501b53ef013485967b23970c \" src=\"https:\/\/www.wedobd.com\/wp-content\/uploads\/2010\/07\/6a00d8341c501b53ef013485967b23970c-500wi.jpg\" \/><\/a> <\/strong><\/p>\n<p><strong> <br \/><\/strong><\/p>\n<p><strong>Qui es-tu ?<\/strong><span id=\"FormView1_QuiEsTuLabel\"><br \/><\/span><\/p>\n<p><span id=\"FormView1_QuiEsTuLabel\">Je<br \/>\nsuis NR. Et NR n&#39;est autre que l&#39;acronyme de No\u00ebl Rasendrason : mon pr\u00e9nom et mon nom. Eh oui.<br \/>\nSinon je suis un jeune graphiste de profession, vivant depuis quelques<br \/>\nmois \u00e0 peine sur Paris. Que dire de plus ? Je poss\u00e8de des pouvoirs<br \/>\nmagiques (mais nuls), pas mal de pok\u00e9mon, je voue un amour illimit\u00e9<br \/>\npour l&#39;absurde et la nature, et j&#39;ai \u00e9t\u00e9 tu\u00e9 par balle par un de mes<br \/>\npersonnages en mars 2010.<\/span><\/p>\n<p><\/p>\n<p>\n<strong>Comment as-tu commenc\u00e9 \u00e0 dessiner ?<\/strong><span id=\"FormView1_DebutDessinLabel\"><br \/><\/span><\/p>\n<p><span id=\"FormView1_DebutDessinLabel\">Dessiner, juste avec un crayon et du papier ?<br \/>\nJ&#39;ai commenc\u00e9 d\u00e8s que j&#39;ai eu tout \u00e7a, et puis je n&#39;ai plus jamais arr\u00eat\u00e9.<br \/>\nMais la <a href=\"http:\/\/donne-moi-ton-ballon.blogspot.com\/\" target=\"_blank\">Dissonance des Corps<\/a>, qui est mon premier vrai projet,<br \/>\na d\u00e9but\u00e9 en janvier 2009.<\/span><\/p>\n<p><\/p>\n<p>\n<strong>As-tu suivi une formation ?<\/strong><span id=\"FormView1_FormationLabel\"><br \/><\/span><\/p>\n<p><span id=\"FormView1_FormationLabel\">Une formation de graphiste, mais c&#39;est tout.<br \/>\nDonc je n&#39;ai jamais r\u00e9ellement appris \u00e0 dessiner. D&#39;ailleurs je ne sais pas dessiner.<\/span><\/p>\n<p style=\"text-align: center;\"><a href=\"http:\/\/yannicklejeune.blogs.com\/.a\/6a00d8341c501b53ef0133f2716973970b-popup\" onclick=\"window.open( this.href, &#39;_blank&#39;, &#39;width=640,height=480,scrollbars=no,resizable=no,toolbar=no,directories=no,location=no,menubar=no,status=no,left=0,top=0&#39; ); return false\" style=\"display: inline;\"><img decoding=\"async\" alt=\"Chez_les_vers\" class=\"asset asset-image at-xid-6a00d8341c501b53ef0133f2716973970b \" src=\"https:\/\/www.wedobd.com\/wp-content\/uploads\/2010\/07\/6a00d8341c501b53ef0133f2716973970b-500wi.jpg\" \/><\/a> <\/p>\n<p><\/p>\n<p>\n<strong>Peux-tu pr\u00e9senter ton blog ?<\/strong><span id=\"FormView1_PresentationBlogLabel\"><br \/><\/span><\/p>\n<p><span id=\"FormView1_PresentationBlogLabel\">Le<br \/>\nth\u00e8me de <a href=\"http:\/\/donne-moi-ton-ballon.blogspot.com\/\" target=\"_blank\">la Dissonance des Corps<\/a> est un peu un choix fait par d\u00e9faut<br \/>\nface aux limites trop nombreuses de tous les autres th\u00e8mes.<br \/>\nC&#39;est-\u00e0-dire que ce blog traite en fait des rejets, de l&#39;attirance ou<br \/>\ntout simplement des d\u00e9fauts de compatibilit\u00e9 entre des gens, des<br \/>\nobjets, et parfois entre un objet et lui-m\u00eame, bref, j&#39;ai en r\u00e9alit\u00e9<br \/>\nchoisi un des sujets les plus vastes qui soit, et cela au nez et \u00e0 la<br \/>\nbarbe de TOUT LE MONDE. Je suis du genre mal\u00e9fique.<br \/>\nD&#39;une mani\u00e8re g\u00e9n\u00e9rale, les petites sayn\u00e8tes d&#39;une case que je<br \/>\npr\u00e9sente repr\u00e9sentent l&#39;absurde de notre univers, avec une pointe de<br \/>\ncynisme assum\u00e9.<br \/>\nJe n&#39;y parle pas de moi, ni de l&#39;actualit\u00e9, parce que parler d&#39;une<br \/>\nr\u00e9alit\u00e9 trop cibl\u00e9e ne m&#39;int\u00e9resse pas.<\/span><\/p>\n<p><\/p>\n<p>\n<strong>Pourquoi as-tu commenc\u00e9 \u00e0 bloguer ?<\/strong><span id=\"FormView1_PourquoiBlogLabel\"><br \/><\/span><\/p>\n<p><span id=\"FormView1_PourquoiBlogLabel\">\u00c0<br \/>\nla base, il s&#39;agissait d&#39;un simple projet d&#39;\u00e9cole (la m\u00eame \u00e9cole de<br \/>\ngraphisme sus-cit\u00e9e), j&#39;avais alors reli\u00e9 dans un petit livret une<br \/>\nvingtaine de dessins en couleur (les premi\u00e8res dissonances), et j&#39;ai<br \/>\nd\u00e9cid\u00e9 peu apr\u00e8s de les mettre sur un blog, et de continuer cette s\u00e9rie<br \/>\nqui m&#39;a sembl\u00e9e in\u00e9puisable. <\/span><\/p>\n<p><\/p>\n<p>\n<strong>Quel public voulais-tu rencontrer ?<\/strong><span id=\"FormView1_PublicRencontreLabel\"><br \/><\/span><\/p>\n<p><span id=\"FormView1_PublicRencontreLabel\">Je ne voulais pas d&#39;un public particulier et, comme tout le monde j&#39;imagine,<br \/>\nmon premier public a \u00e9t\u00e9 mes amis, des amis d&#39;amis, etc, etc&#8230;<br \/>\n<\/span><\/p>\n<p style=\"text-align: center;\"><a href=\"http:\/\/yannicklejeune.blogs.com\/.a\/6a00d8341c501b53ef013485967ccc970c-popup\" onclick=\"window.open( this.href, &#39;_blank&#39;, &#39;width=640,height=480,scrollbars=no,resizable=no,toolbar=no,directories=no,location=no,menubar=no,status=no,left=0,top=0&#39; ); return false\" style=\"display: inline;\"><img decoding=\"async\" alt=\"Petitefille\" class=\"asset asset-image at-xid-6a00d8341c501b53ef013485967ccc970c \" src=\"https:\/\/www.wedobd.com\/wp-content\/uploads\/2010\/07\/6a00d8341c501b53ef013485967ccc970c-500wi.jpg\" \/><\/a> <\/p>\n<p><\/p>\n<p>\n<strong>Et finalement qui sont tes lecteurs ?<\/strong><span id=\"FormView1_QuiSontLecteursLabel\"><br \/><\/span><\/p>\n<p><span id=\"FormView1_QuiSontLecteursLabel\">Je<br \/>\ncrois que mes lecteurs sont g\u00e9n\u00e9ralement des jeunes qui ont un grand<br \/>\nbesoin de lutter comme moi contre les choses dures et in\u00e9luctables de<br \/>\nla vie, et qui ont s\u00fbrement trouv\u00e9 un \u00e9chappatoire dans mes dessins. Ce<br \/>\nsont des gens qui aiment rire, mais qui ne sont pas dupes pour autant.<br \/>\nDes cyniques un peu fous. Des gens biens quoi.<\/span><\/p>\n<p><\/p>\n<p>\n<strong>Combien de temps passes-tu en moyenne sur tes notes ?<\/strong><span id=\"FormView1_CombienDeTempsParNoteLabel\"><br \/><\/span><\/p>\n<p><span id=\"FormView1_CombienDeTempsParNoteLabel\">Quand ce n&#39;est pas une id\u00e9e qui m&#39;est venue spontan\u00e9ment,<br \/>\nil me faut environ 5 &#8211; 10 minutes pour en trouver une,<br \/>\npuis 5 &#8211; 10 minutes pour le dessin, et la mise en couleur me prendra en moyenne 15 minutes. Donc 30 minutes, en moyenne.<\/span><\/p>\n<p><\/p>\n<p>\n<strong>Est-ce que ce sont des dessins sp\u00e9cialement faits pour le blog ?<\/strong><span id=\"FormView1_FaitExpresPourBlogLabel\"><br \/><\/span><\/p>\n<p><span id=\"FormView1_FaitExpresPourBlogLabel\">En effet, m\u00eame si \u00e7a m&#39;est arriv\u00e9 de &quot;recycler&quot; de vieux dessins pour les y introduire.<\/span><\/p>\n<p><\/p>\n<p>\n<strong>Avec quoi dessines-tu ?<\/strong><span id=\"FormView1_QuelsOutilsLabel\"><br \/><\/span><\/p>\n<p><span id=\"FormView1_QuelsOutilsLabel\">Un stylo-feutre noir assez fin, et euh&#8230; Photoshop pour la couleur.<\/span><\/p>\n<p><\/p>\n<p>\n<strong>Quelles sont tes influences graphiques ?<\/strong><span id=\"FormView1_InfluencesGraphiquesLabel\"><br \/><\/span><\/p>\n<p><span id=\"FormView1_InfluencesGraphiquesLabel\">Tr\u00e8s<br \/>\nvastes ! Mais s&#39;il fallait parler de ce qui m&#39;a influenc\u00e9 le plus au<br \/>\nniveau de la bande dessin\u00e9e actuelle, je citerais sans h\u00e9siter des<br \/>\nauteurs comme <a href=\"http:\/\/www.lewistrondheim.com\/\" target=\"_blank\">Lewis Trondheim<\/a>, <a href=\"http:\/\/otexier.blogspot.com\/\" target=\"_blank\">Olivier Texier<\/a>, <a href=\"http:\/\/www.succursale.org\/\" target=\"_blank\">Ruppert &amp; Mullot<\/a>, et<br \/>\nun ovni parmi les ovnis : Eric Veill\u00e9. <\/span><\/p>\n<p><\/p>\n<p>\n<strong>Combien de temps passes-tu sur les blogs des autres ?<\/strong><span id=\"FormView1_CombienDeTempsParBlogLabel\"><br \/><\/span><\/p>\n<p><span id=\"FormView1_CombienDeTempsParBlogLabel\">Difficile \u00e0 \u00e9valuer&#8230; Je dirais un peu moins d&#39;une heure par jour.<\/span><\/p>\n<p style=\"text-align: center;\"><a href=\"http:\/\/yannicklejeune.blogs.com\/.a\/6a00d8341c501b53ef0133f2716b19970b-popup\" onclick=\"window.open( this.href, &#39;_blank&#39;, &#39;width=640,height=480,scrollbars=no,resizable=no,toolbar=no,directories=no,location=no,menubar=no,status=no,left=0,top=0&#39; ); return false\" style=\"display: inline;\"><img decoding=\"async\" alt=\"Adream\" class=\"asset asset-image at-xid-6a00d8341c501b53ef0133f2716b19970b \" src=\"https:\/\/www.wedobd.com\/wp-content\/uploads\/2010\/07\/6a00d8341c501b53ef0133f2716b19970b-500wi.jpg\" \/><\/a> <\/p>\n<p><\/p>\n<p>\n<strong>Quels sont ceux dont tu es fan ?<\/strong><span id=\"FormView1_CeuxDontTuEsFanLabel\"><br \/><\/span><\/p>\n<p><span id=\"FormView1_CeuxDontTuEsFanLabel\">Je suis rentr\u00e9 dans la &quot;blogosph\u00e8re&quot; via le blog d&#39;<a href=\"http:\/\/otexier.blogspot.com\/\" target=\"_blank\">Olivier Texier<\/a>,<br \/>\ndont je suis un grand fan,<br \/>\nensuite, j&#39;ai d\u00e9couvert Geoffroy Monde (<a href=\"http:\/\/djefff.blogspot.com\/\" target=\"_blank\">Saco Pandemino<\/a>), <a href=\"http:\/\/www.yodablog.net\/\" target=\"_blank\">Yoda Blog<\/a>, et pas mal d&#39;autres..<\/span><\/p>\n<p><\/p>\n<p>\n<strong>As-tu fait des rencontres gr\u00e2ce aux blogs ?<\/strong><span id=\"FormView1_RencontreGraceBlogsLabel\"><br \/><\/span><\/p>\n<p><span id=\"FormView1_RencontreGraceBlogsLabel\">Bien s\u00fbr. J&#39;ai pu rencontrer le grand GEOFFROY MONDE.<\/span><\/p>\n<p><\/p>\n<p>\n<strong>Es-tu sensible aux commentaires ?<\/strong><span id=\"FormView1_SensibleCommentaireLabel\"><br \/><\/span><\/p>\n<p><span id=\"FormView1_SensibleCommentaireLabel\">Je<br \/>\nsuis tr\u00e8s sensible aux critiques en g\u00e9n\u00e9ral, qu&#39;elles soit orales ou<br \/>\n\u00e9crites.<br \/>\nParfois un peu trop.<br \/>\nIl suffit qu&#39;il n&#39;y ait aucun commentaire sur un dessin pour que je me dise que<br \/>\nle dessin \u00e9tait nul (\u00e0 une \u00e9poque je le retirais m\u00eame, tellement<br \/>\nj&#39;avais honte de moi).<br \/>\nSi un jour je perds cette sensibilit\u00e9, je crois que je pourrais me dire<br \/>\nsans h\u00e9siter &quot;\u00e7a y est, je suis devenu un con&quot;.<\/span><\/p>\n<p><\/p>\n<p>\n<strong>De mani\u00e8re g\u00e9n\u00e9rale, penses-tu que la BD num\u00e9rique pourrait nuire \u00e0 la BD papier ?<\/strong><span id=\"FormView1_EtLaBDNumeriqueLabel\"><br \/><\/span><\/p>\n<p><span id=\"FormView1_EtLaBDNumeriqueLabel\">Je<br \/>\nn&#39;ai pas de vraie opinion sur la question, je crois qu&#39;il faut vivre<br \/>\navec son temps, et si un jour la BD papier doit \u00eatre rel\u00e9gu\u00e9e au rang<br \/>\n&quot;d&#39;objet de collection&quot; comme le sont les vinyles et le sera le CD, alors<br \/>\nqu&#39;il en soit ainsi.<br \/>\nJe crois faire partie des puristes qui n&#39;accepteront jamais de lire une<br \/>\nbd sur un \u00e9cran ceci dit, mais je tol\u00e8re les nouveaux supports. Tant<br \/>\nque \u00e7a fait vivre les auteurs (enfin ceux qui peuvent en vivre, ahah).<\/span><\/p>\n<p style=\"text-align: center;\"><a href=\"http:\/\/yannicklejeune.blogs.com\/.a\/6a00d8341c501b53ef0133f2716bb0970b-popup\" onclick=\"window.open( this.href, &#39;_blank&#39;, &#39;width=640,height=480,scrollbars=no,resizable=no,toolbar=no,directories=no,location=no,menubar=no,status=no,left=0,top=0&#39; ); return false\" style=\"display: inline;\"><img decoding=\"async\" alt=\"Lesondulations\" class=\"asset asset-image at-xid-6a00d8341c501b53ef0133f2716bb0970b \" src=\"https:\/\/www.wedobd.com\/wp-content\/uploads\/2010\/07\/6a00d8341c501b53ef0133f2716bb0970b-500wi.jpg\" \/><\/a> <\/p>\n<p><\/p>\n<p>\n<strong>O\u00f9 peut-on voir ton travail en dehors des blogs ?<\/strong><span id=\"FormView1_EnDehorsDesBlogsLabel\"><br \/><\/span><\/p>\n<p><span id=\"FormView1_EnDehorsDesBlogsLabel\">Eh<br \/>\nbien, je n&#39;ai pas encore de publication papier, mais j&#39;ai \u00e9galement <a href=\"http:\/\/www.noelrasendrason.com\" target=\"_blank\">un<br \/>\nsite internet<\/a>, qui est un aper\u00e7u de ce que je<br \/>\nfais \u00e0 c\u00f4t\u00e9 de la BD, c&#39;est-\u00e0-dire de l&#39;illustration de toute sorte, du<br \/>\ngraphisme, mais aussi des \u00e9crits et de la musique.<\/span><\/p>\n<p><\/p>\n<p>\n<strong>As-tu des albums ? Peux-tu nous les pr\u00e9senter ?<\/strong><span id=\"FormView1_AlbumDesBlogsLabel\"><br \/><\/span><\/p>\n<p><span id=\"FormView1_AlbumDesBlogsLabel\">Je n&#39;ai pas encore d&#39;album. MAIS.. prochainement, aux \u00e9ditions <a href=\"http:\/\/editions.lapin.org\/blog\/index.php\" target=\"_blank\">Lapin<\/a>, des choses verront le jour. Enfin je crois.<br \/>\nEt l\u00e0-dessus je ne me prononcerai pas davantage, c&#39;est d\u00e9j\u00e0 tellement<br \/>\ntrop gros pour moi-m\u00eame&#8230;<\/span><\/p>\n<p><\/p>\n<p>\n<strong>Qu&#39;attends-tu de ta venue au Festiblog ?<\/strong><span id=\"FormView1_AttentesFestiblogLabel\"><br \/><\/span><\/p>\n<p><span id=\"FormView1_AttentesFestiblogLabel\">J&#39;attends<br \/>\ntellement de choses, sachant qu&#39;il s&#39;agit de mon premier festival,<br \/>\nde mes (presque) premi\u00e8res d\u00e9dicaces, et donc de ma premi\u00e8re<br \/>\nconfrontation avec les lecteurs, que je ne sais pas vraiment \u00e0 quoi<br \/>\nm&#39;attendre.<br \/>\nMais j&#39;ai bien deux ou trois id\u00e9es.<br \/>\nJ&#39;attends :<br \/>\n&#8211; des lecteurs (on ne sait jamais)<br \/>\n&#8211; des groupies (16-20 ans c&#39;est une bonne moyenne)<br \/>\n&#8211; des petits biscuits ap\u00e9ritifs \u00e0 base de fromage<br \/>\n&#8211; de la thune<br \/>\n&#8211; des petits animaux<br \/>\n&#8211; un combat de bras de fer avec Lewis Trondheim.<br \/>\n<\/span><\/p>\n<p><\/p>\n<p>\n<strong>Parle-nous d&#39;un truc qui n&#39;a rien \u00e0 voir avec la BD et que tu aimes ?<\/strong><span id=\"FormView1_ParleRienAVoirLabel\"><br \/><\/span><\/p>\n<p><span id=\"FormView1_ParleRienAVoirLabel\">Euh<br \/>\nhum, je pourrais parler de&#8230; Ah non, \u00e7a va jamais passer.<br \/>\nSinon, j&#39;ai un gros penchant pour l&#39;art conceptuel et tous les acteurs<br \/>\nde l&#39;absurde ou de l&#39;exp\u00e9rimentation en g\u00e9n\u00e9ral,<br \/>\ndesquels je m&#39;inspire beaucoup d&#39;ailleurs, in\u00e9vitablement. Comme<br \/>\nmeilleurs exemples je me dois de citer des artistes comme Fischli et<br \/>\nWeiss, Ryoji Ikeda (de la musique tr\u00e8s tr\u00e8s moderne), Erwin Wurm, et<br \/>\ntous ces fous qui \u0153uvrent dans l&#39;ombre, que j&#39;admire<br \/>\npour les petites r\u00e9volutions qu&#39;ils inventent chaque jour.<br \/>\n<\/span><\/p>\n<p><\/p>\n<p>\n<strong>Un dernier mot ?<\/strong><span id=\"FormView1_DernierMotLabel\"><br \/><\/span><\/p>\n<p><span id=\"FormView1_DernierMotLabel\">Colifichet<\/span><\/p>\n<p style=\"text-align: center;\"><span id=\"FormView1_DernierMotLabel\"><br \/>\n<a href=\"http:\/\/yannicklejeune.blogs.com\/.a\/6a00d8341c501b53ef0133f2716c4c970b-popup\" onclick=\"window.open( this.href, &#39;_blank&#39;, &#39;width=640,height=480,scrollbars=no,resizable=no,toolbar=no,directories=no,location=no,menubar=no,status=no,left=0,top=0&#39; ); return false\" style=\"display: inline;\"><img decoding=\"async\" alt=\"Moise\" class=\"asset asset-image at-xid-6a00d8341c501b53ef0133f2716c4c970b \" src=\"https:\/\/www.wedobd.com\/wp-content\/uploads\/2010\/07\/6a00d8341c501b53ef0133f2716c4c970b-500wi.jpg\" \/><\/a> <\/span><br \/><span id=\"FormView1_DernierMotLabel\"><\/span><\/p>\n<p><span id=\"FormView1_DernierMotLabel\"> <br \/><\/span><\/p>\n","protected":false},"excerpt":{"rendered":"<p>Notre 22e invit\u00e9 est un petit nouveau qui fait cette ann\u00e9e sa premi\u00e8re apparition face aux lecteurs. Nous accueillons NR.<\/p>\n","protected":false},"author":2,"featured_media":0,"comment_status":"open","ping_status":"open","sticky":false,"template":"","format":"standard","meta":{"footnotes":""},"categories":[26,47],"tags":[384],"class_list":["post-573","post","type-post","status-publish","format-standard","hentry","category-02-le-festival-de-2005-a-2013","category-03-interviews-de-blogueurs-bd","tag-nr"],"_links":{"self":[{"href":"https:\/\/www.wedobd.com\/index.php?rest_route=\/wp\/v2\/posts\/573","targetHints":{"allow":["GET"]}}],"collection":[{"href":"https:\/\/www.wedobd.com\/index.php?rest_route=\/wp\/v2\/posts"}],"about":[{"href":"https:\/\/www.wedobd.com\/index.php?rest_route=\/wp\/v2\/types\/post"}],"author":[{"embeddable":true,"href":"https:\/\/www.wedobd.com\/index.php?rest_route=\/wp\/v2\/users\/2"}],"replies":[{"embeddable":true,"href":"https:\/\/www.wedobd.com\/index.php?rest_route=%2Fwp%2Fv2%2Fcomments&post=573"}],"version-history":[{"count":1,"href":"https:\/\/www.wedobd.com\/index.php?rest_route=\/wp\/v2\/posts\/573\/revisions"}],"predecessor-version":[{"id":3699,"href":"https:\/\/www.wedobd.com\/index.php?rest_route=\/wp\/v2\/posts\/573\/revisions\/3699"}],"wp:attachment":[{"href":"https:\/\/www.wedobd.com\/index.php?rest_route=%2Fwp%2Fv2%2Fmedia&parent=573"}],"wp:term":[{"taxonomy":"category","embeddable":true,"href":"https:\/\/www.wedobd.com\/index.php?rest_route=%2Fwp%2Fv2%2Fcategories&post=573"},{"taxonomy":"post_tag","embeddable":true,"href":"https:\/\/www.wedobd.com\/index.php?rest_route=%2Fwp%2Fv2%2Ftags&post=573"}],"curies":[{"name":"wp","href":"https:\/\/api.w.org\/{rel}","templated":true}]}}