{"id":594,"date":"2010-07-02T16:08:44","date_gmt":"2010-07-02T14:08:44","guid":{"rendered":"https:\/\/www.wedobd.com\/?p=594"},"modified":"2025-09-29T14:44:51","modified_gmt":"2025-09-29T12:44:51","slug":"baptiste-amsallem-4","status":"publish","type":"post","link":"https:\/\/www.wedobd.com\/?p=594","title":{"rendered":"Invit\u00e9 2010 #3 : Baptiste Amsallem"},"content":{"rendered":"<p><strong>Il a \u00e9t\u00e9 rep\u00e9r\u00e9 par notre super marraine d\u00e8s les d\u00e9buts de son tout jeune blog. Nous, forc\u00e9ment, on a dit &quot;oui&quot; parce qu&#39;on a trouv\u00e9 \u00e7a super (et aussi parce qu&#39;on ob\u00e9it \u00e0 la marraine parce qu&#39;on est vachement disciplin\u00e9s&#8230;).&#0160;<\/strong><\/p>\n<p style=\"text-align: center;\"><strong><br \/>\n<a href=\"http:\/\/yannicklejeune.blogs.com\/.a\/6a00d8341c501b53ef013485289940970c-pi\"><img decoding=\"async\" alt=\"Illus 01\" class=\"asset asset-image at-xid-6a00d8341c501b53ef013485289940970c \" src=\"https:\/\/www.wedobd.com\/wp-content\/uploads\/2010\/07\/6a00d8341c501b53ef013485289940970c-400wi.jpg\" style=\"width: 400px; display: block; margin-left: auto; margin-right: auto;\" \/><\/a> <br \/>&#0160;<br \/><\/strong><\/p>\n<p><strong>Voici donc Baptiste Amsallem du blog&#0160;<\/strong><a href=\"http:\/\/bapbd.blogspot.com\/\"><strong>Ca me turlute<\/strong><\/a><strong>&#8230;<\/strong><\/p>\n<p><strong>Qui es-tu ?<\/strong><\/p>\n<p>Bonjour, je m&#39;appelle Baptiste Amsallem, j&#39;ai 24 ans et je suis illustrateur. J&#39;habite en r\u00e9gion parisienne depuis toujours, j&#39;ai fait un crochet par le sud pour les \u00e9tudes et me voici de retour dans la capitale.&#0160;<\/p>\n<p><strong>Comment as-tu commenc\u00e9 \u00e0 dessiner ?<\/strong><\/p>\n<p>Comme tout le monde. J&#39;ai commenc\u00e9 quand j&#39;\u00e9tais petit et contrairement \u00e0 beaucoup j&#39;ai continu\u00e9.&#0160;<\/p>\n<\/p>\n<p><strong>As-tu suivi une formation ?<\/strong><\/p>\n<p>Oui ! J&#39;ai pass\u00e9 deux ans \u00e0 Aniane dans l&#39;H\u00e9rault o\u00f9 j&#39;ai suivi la formation de l&#39;Atelier API. J&#39;y ai appris \u00e0 travailler dans les m\u00e9tiers de l&#39;animation, de la bd et de l&#39;illustration. Ce sont finalement ces deux derniers qui m&#39;ont eu.&#0160;<\/p>\n<p style=\"text-align: center;\">\n<a href=\"http:\/\/yannicklejeune.blogs.com\/.a\/6a00d8341c501b53ef0133f203344d970b-pi\"><img decoding=\"async\" alt=\"01\" class=\"asset asset-image at-xid-6a00d8341c501b53ef0133f203344d970b \" src=\"https:\/\/www.wedobd.com\/wp-content\/uploads\/2010\/07\/6a00d8341c501b53ef0133f203344d970b-400wi.jpg\" style=\"width: 400px; display: block; margin-left: auto; margin-right: auto;\" \/><\/a> <br \/>&#0160;<\/p>\n<\/p>\n<p><strong>Peux-tu pr\u00e9senter ton blog ?<\/strong><\/p>\n<p>&quot;Ca me turlute&quot; c&#39;est un blog que je voulais faire depuis un moment. J&#39;ai mis du temps \u00e0 me d\u00e9cider avant de le cr\u00e9er car je ne savais pas ce que je voulais y raconter. Finalement, il suffit de commencer !&#0160;<\/p>\n<\/p>\n<p><strong>Pourquoi as-tu commenc\u00e9 \u00e0 bloguer ?<\/strong><\/p>\n<p>J&#39;avais d\u00e9j\u00e0 un blog consacr\u00e9 \u00e0 l&#39;illustration. C&#39;est ma formation qui voulait \u00e7a, pour que l&#39;on commence \u00e0 d\u00e9marcher et \u00e0 \u00eatre visible sur le net. Le blog bd, je l&#39;ai commenc\u00e9 par pur plaisir.&#0160;<\/p>\n<\/p>\n<p><strong>Quel public voulais-tu rencontrer ?<\/strong><\/p>\n<p>Celui qui veut bien se donner la peine de me lire =)&#0160;<\/p>\n<p><strong>Et finalement qui sont tes lecteurs ?<\/strong><\/p>\n<p>Ceux qui se donnent la peine de me lire =D&#0160;<\/p>\n<p>\n<a href=\"http:\/\/yannicklejeune.blogs.com\/.a\/6a00d8341c501b53ef013485289bd9970c-pi\"><img decoding=\"async\" alt=\"02\" class=\"asset asset-image at-xid-6a00d8341c501b53ef013485289bd9970c \" src=\"https:\/\/www.wedobd.com\/wp-content\/uploads\/2010\/07\/6a00d8341c501b53ef013485289bd9970c-400wi.jpg\" style=\"width: 400px; display: block; margin-left: auto; margin-right: auto;\" \/><\/a> <br \/><strong>Combien de temps passes-tu en moyenne sur tes notes ?<\/strong><\/p>\n<p>Pardon, vous disiez?&#0160;<\/p>\n<\/p>\n<p><strong>Est-ce que ce sont des dessins sp\u00e9cialement faits pour le blog ?<\/strong><\/p>\n<p>Oui!&#0160;<\/p>\n<\/p>\n<p><strong>Avec quoi dessines-tu (crayons, pinceau, palette&#8230;) ?<\/strong><\/p>\n<p>J&#39;utilise crayon, plume, encre de chine et aquarelle.&#0160;<\/p>\n<\/p>\n<p><strong>Quelles sont tes influences graphiques ?<\/strong><\/p>\n<p>Oula&#8230; Beaucoup. Bill Watterson, Sempe, Craig Thompson pour citer les principaux.&#0160;<\/p>\n<\/p>\n<p><strong>Combien de temps passes-tu sur les blogs des autres (par jour ? par mois ?) ?<\/strong><\/p>\n<p>Par semaine environ 2h.&#0160;<\/p>\n<p><img decoding=\"async\" alt=\"03\" class=\"asset asset-image at-xid-6a00d8341c501b53ef0133f20334d4970b \" src=\"https:\/\/www.wedobd.com\/wp-content\/uploads\/2010\/07\/6a00d8341c501b53ef0133f20334d4970b-400wi.jpg\" style=\"cursor: pointer ! important; border-style: none; width: 400px; display: block; margin-left: auto; margin-right: auto; color: #0000ff;\" \/><\/p>\n<p><span><\/span><\/p>\n<p><strong>Quels sont ceux dont tu es fan ?<\/strong><\/p>\n<p>Pour ma s\u00e9curit\u00e9, je ne r\u00e9pondrais pas =)&#0160;<\/p>\n<\/p>\n<p><strong>As-tu fait des rencontres gr\u00e2ce aux blogs ?<\/strong><\/p>\n<p>Pour le moment tr\u00e8s peu et encore, seulement via internet. Pas de visu.&#0160;<\/p>\n<\/p>\n<p><strong>Es-tu sensible aux commentaires ?<\/strong><\/p>\n<p>Qui ne l&#39;est pas du tout?&#0160;<\/p>\n<\/p>\n<p><strong>De mani\u00e8re g\u00e9n\u00e9rale, penses-tu que la BD num\u00e9rique (\u00e0 lire sur le web, sur iPhone, sur PSP&#8230;) pourrait nuire \u00e0 la BD papier ?<\/strong><\/p>\n<p>Heum &#8230; C&#39;est une autre mani\u00e8re de lire. Personnellement je ne suis pas sp\u00e9cialement fan. Mais cela permet de suivre les auteurs qu&#39;on aime bien sans avoir \u00e0 attendre un an avant leur nouvel album (\u00e7a c&#39;est pour les blogs). Pour ce qui est d&#39;\u00e9ventuels albums num\u00e9rique l\u00e0 je suis plus sceptique. Rien ne vaut un bon album papier.&#0160;<\/p>\n<\/p>\n<p><strong><span style=\"font-weight: normal;\"><br \/>\n<a href=\"http:\/\/yannicklejeune.blogs.com\/.a\/6a00d8341c501b53ef013485289c49970c-pi\" style=\"float: left;\"><img decoding=\"async\" alt=\"04\" class=\"asset asset-image at-xid-6a00d8341c501b53ef013485289c49970c \" src=\"https:\/\/yannicklejeune.blogs.com\/.a\/6a00d8341c501b53ef013485289c49970c-200wi\" style=\"width: 200px; margin: 0px 5px 5px 0px;\" \/><\/a> &#0160;<\/span>O\u00f9 peut-on voir ton travail en dehors des blogs ?<\/strong><\/p>\n<p>Mon premier livre Dino et Pablo sort fin ao\u00fbt! Pour le moment c&#39;est le seul autre m\u00e9dium sur lequel on peut voir mon travail.&#0160;<\/p>\n<\/p>\n<p><strong>As-tu des albums ? Peux-tu nous les pr\u00e9senter ?<\/strong><\/p>\n<p>Dino et Pablo (Bang ediciones) est un livre pour enfant sc\u00e9naris\u00e9 par Loic Dauvillier. \u00c7a raconte l&#39;histoire de Pablo, un petit gar\u00e7on qui joue dans la pr\u00e9histoire avec son ami Dino, une sorte de diplodocus. Il va malheureusement lui arriver quelques mis\u00e8res et ainsi rencontrer d&#39;autres animaux moins sympathiques que Dino.&#0160;<\/p>\n<\/p>\n<p><strong>Qu&#39;attends-tu de ta venue au Festiblog ?<\/strong><\/p>\n<p>Des rencontres.&#0160;<\/p>\n<\/p>\n<p><strong>Parle-nous d&#39;un truc qui n&#39;a rien \u00e0 voir avec la BD et que tu aimes ?<\/strong><\/p>\n<p>Le ukul\u00e9l\u00e9 ! Je pratique depuis peu et je m&#39;\u00e9clate comme un petit fou. Ca m&#39;a permis de rencontrer pleins de gens, notamment des personnes travaillant dans la bd.&#0160;<\/p>\n<\/p>\n<p><strong>Un dernier mot ?<\/strong><\/p>\n<p>Merci beaucoup !&#0160;<\/p><\/p>\n","protected":false},"excerpt":{"rendered":"<p>Il a \u00e9t\u00e9 rep\u00e9r\u00e9 par notre super marraine d\u00e8s les d\u00e9buts de son tout jeune blog. Nous, forc\u00e9ment, on a dit &quot;oui&quot; parce qu&#39;on a trouv\u00e9 \u00e7a super (et aussi parce qu&#39;on ob\u00e9it \u00e0 la marraine parce qu&#39;on est vachement disciplin\u00e9s&#8230;).&#0160; &#0160; Voici donc Baptiste Amsallem du blog&#0160;Ca me turlute&#8230; Qui es-tu ? Bonjour, je [&hellip;]<\/p>\n","protected":false},"author":4,"featured_media":0,"comment_status":"open","ping_status":"open","sticky":false,"template":"","format":"standard","meta":{"footnotes":""},"categories":[26,47],"tags":[],"class_list":["post-594","post","type-post","status-publish","format-standard","hentry","category-02-le-festival-de-2005-a-2013","category-03-interviews-de-blogueurs-bd"],"_links":{"self":[{"href":"https:\/\/www.wedobd.com\/index.php?rest_route=\/wp\/v2\/posts\/594","targetHints":{"allow":["GET"]}}],"collection":[{"href":"https:\/\/www.wedobd.com\/index.php?rest_route=\/wp\/v2\/posts"}],"about":[{"href":"https:\/\/www.wedobd.com\/index.php?rest_route=\/wp\/v2\/types\/post"}],"author":[{"embeddable":true,"href":"https:\/\/www.wedobd.com\/index.php?rest_route=\/wp\/v2\/users\/4"}],"replies":[{"embeddable":true,"href":"https:\/\/www.wedobd.com\/index.php?rest_route=%2Fwp%2Fv2%2Fcomments&post=594"}],"version-history":[{"count":1,"href":"https:\/\/www.wedobd.com\/index.php?rest_route=\/wp\/v2\/posts\/594\/revisions"}],"predecessor-version":[{"id":3788,"href":"https:\/\/www.wedobd.com\/index.php?rest_route=\/wp\/v2\/posts\/594\/revisions\/3788"}],"wp:attachment":[{"href":"https:\/\/www.wedobd.com\/index.php?rest_route=%2Fwp%2Fv2%2Fmedia&parent=594"}],"wp:term":[{"taxonomy":"category","embeddable":true,"href":"https:\/\/www.wedobd.com\/index.php?rest_route=%2Fwp%2Fv2%2Fcategories&post=594"},{"taxonomy":"post_tag","embeddable":true,"href":"https:\/\/www.wedobd.com\/index.php?rest_route=%2Fwp%2Fv2%2Ftags&post=594"}],"curies":[{"name":"wp","href":"https:\/\/api.w.org\/{rel}","templated":true}]}}