{"id":602,"date":"2010-05-21T13:21:08","date_gmt":"2010-05-21T11:21:08","guid":{"rendered":"https:\/\/www.wedobd.com\/?p=602"},"modified":"2025-09-29T14:44:55","modified_gmt":"2025-09-29T12:44:55","slug":"la-life-de-vincent-leveque","status":"publish","type":"post","link":"https:\/\/www.wedobd.com\/?p=602","title":{"rendered":"La life de Vincent L\u00e9v\u00eaque"},"content":{"rendered":"<p><strong><span style=\"font-weight: normal; \"><br \/>\n<a class=\"vt-p\" href=\"http:\/\/yannicklejeune.blogs.com\/.a\/6a00d8341c501b53ef01348155eea4970c-popup\" onclick=\"window.open( this.href, &#39;_blank&#39;, &#39;width=640,height=480,scrollbars=no,resizable=no,toolbar=no,directories=no,location=no,menubar=no,status=no,left=0,top=0&#39; ); return false\" style=\"float: left;\"><img decoding=\"async\" alt=\"Ma_life\" class=\"asset asset-image at-xid-6a00d8341c501b53ef01348155eea4970c \" src=\"https:\/\/www.wedobd.com\/wp-content\/uploads\/2010\/05\/6a00d8341c501b53ef01348155eea4970c-200wi.jpg\" style=\"width: 200px; margin: 0px 5px 5px 0px;\" \/><\/a> &#0160;<\/span>Les beaux jours arrivent et avec eux, plein de BDs de festiblogueurs ! Aujourd&#39;hui c&#39;est <\/strong><a class=\"vt-p\" href=\"http:\/\/www.vincentleveque.com\" target=\"_blank\"><strong>Vincent L\u00e9v\u00eaque<\/strong><\/a><strong> qui nous envoie ce message :<\/strong><\/p>\n<p><em>Un petit mail pour t&#39;informer, toi et tous les autres joyeux festiblogueurs que je viens de sortir une BD de 80 pages (aux \u00e9ditions Paquet) compilant mes histoires de blog dinguement autobiographiques, pleine de chats fous, de super h\u00e9ros improbables et autres merveilles de la nature !<\/em><\/p>\n<p><em>J&#39;esp\u00e8re que vous aurez autant de plaisir \u00e0 le lire que j&#39;en ai eu \u00e0 le dessiner \ud83d\ude42<\/em><\/p>\n<p><em>A bient\u00f4t !<\/em><\/p>\n<p><em>Amicalement.<\/em><\/p>\n<p><em><br \/><\/em><\/p>\n<p><em>Vincent L\u00e9v\u00eaque<\/em><\/p>\n<p><em>Illustrateur \/ Dessinateur BD<\/em><\/p>\n<p><em>mon blog : <a class=\"vt-p\" href=\"http:\/\/www.vincentleveque.com\" target=\"_blank\">http:\/\/www.vincentleveque.com<\/a><\/em><\/p><\/p>\n","protected":false},"excerpt":{"rendered":"<p>Sortie de &#8220;Ma Life&#8221; de Vincent L\u00e9v\u00eaque, illustrateur, dessinateur BD et festiblogueur, aux \u00e9ditions Paquets.<\/p>\n","protected":false},"author":3,"featured_media":0,"comment_status":"open","ping_status":"open","sticky":false,"template":"","format":"standard","meta":{"footnotes":""},"categories":[2,44],"tags":[438,439,371],"class_list":["post-602","post","type-post","status-publish","format-standard","hentry","category-04-actualite-blogs-et-bd","category-05-albums-de-blogueurs","tag-ma-life","tag-paquet","tag-vincent-leveque"],"_links":{"self":[{"href":"https:\/\/www.wedobd.com\/index.php?rest_route=\/wp\/v2\/posts\/602","targetHints":{"allow":["GET"]}}],"collection":[{"href":"https:\/\/www.wedobd.com\/index.php?rest_route=\/wp\/v2\/posts"}],"about":[{"href":"https:\/\/www.wedobd.com\/index.php?rest_route=\/wp\/v2\/types\/post"}],"author":[{"embeddable":true,"href":"https:\/\/www.wedobd.com\/index.php?rest_route=\/wp\/v2\/users\/3"}],"replies":[{"embeddable":true,"href":"https:\/\/www.wedobd.com\/index.php?rest_route=%2Fwp%2Fv2%2Fcomments&post=602"}],"version-history":[{"count":1,"href":"https:\/\/www.wedobd.com\/index.php?rest_route=\/wp\/v2\/posts\/602\/revisions"}],"predecessor-version":[{"id":3794,"href":"https:\/\/www.wedobd.com\/index.php?rest_route=\/wp\/v2\/posts\/602\/revisions\/3794"}],"wp:attachment":[{"href":"https:\/\/www.wedobd.com\/index.php?rest_route=%2Fwp%2Fv2%2Fmedia&parent=602"}],"wp:term":[{"taxonomy":"category","embeddable":true,"href":"https:\/\/www.wedobd.com\/index.php?rest_route=%2Fwp%2Fv2%2Fcategories&post=602"},{"taxonomy":"post_tag","embeddable":true,"href":"https:\/\/www.wedobd.com\/index.php?rest_route=%2Fwp%2Fv2%2Ftags&post=602"}],"curies":[{"name":"wp","href":"https:\/\/api.w.org\/{rel}","templated":true}]}}