{"id":632,"date":"2010-01-05T21:34:01","date_gmt":"2010-01-05T20:34:01","guid":{"rendered":"https:\/\/www.wedobd.com\/?p=632"},"modified":"2025-09-29T14:45:49","modified_gmt":"2025-09-29T12:45:49","slug":"interview-de-mathias","status":"publish","type":"post","link":"https:\/\/www.wedobd.com\/?p=632","title":{"rendered":"R\u00e9v\u00e9lation Blog 2010 : Interview de Mathias"},"content":{"rendered":"<p><strong><span style=\"font-weight: normal; \"><a href=\"http:\/\/yannicklejeune.blogs.com\/.a\/6a00d8341c501b53ef012876ab7087970c-pi\" style=\"float: left;\"><img decoding=\"async\"  alt=\"Avatar_mathias\" class=\"asset asset-image at-xid-6a00d8341c501b53ef012876ab7087970c \" src=\"https:\/\/www.wedobd.com\/wp-content\/uploads\/2010\/01\/6a00d8341c501b53ef012876ab7087970c-250wi.jpg\" style=\"width: 250px; margin: 0px 5px 5px 0px;\" \/><\/a> &nbsp;<\/span>Hola le jeune&#8230; enl\u00e8ve ton stetson et pr\u00e9sente toi, si tu veux pas qu&#8217;on te roule dans le goudron et la plume.<\/strong><\/p>\n<p>Yep, <a href=\"http:\/\/leblogdemathias.blogspot.com\/\">Mathias Martin<\/a>, 31 ans, gar\u00e7on vacher (de race Montb\u00e9liarde) parti \u00e0 la conqu\u00eate de l&#8217;Est.<\/p>\n<p><strong>Qu&#8217;est ce que tu sais faire avec un lasso et un crayon ?<\/strong><\/p>\n<p>J&#8217;ai toujours un peu mani\u00e9 le crayon, mais j&#8217;ai vraiment sell\u00e9 mon cheval &nbsp;vers 16\/17 ans, &nbsp;au moment o\u00f9 j&#8217;ai d\u00e9cid\u00e9 de m&#8217;orienter vers une formation artistique. Finalement je me suis retrouv\u00e9 \u00e0 travailler dans les dessins anim\u00e9s. En fait je ne fais de la BD que depuis que j&#8217;ai commenc\u00e9 mon blog.<\/p>\n<p><strong>Tu as des parents en ville ? Une lettre d&#8217;introduction, des r\u00e9f\u00e9rences ?<br \/><\/strong><\/p>\n<p>J&#8217;aime beaucoup de choses! Ma premi\u00e8re source d&#8217;\u00e9merveillement a \u00e9t\u00e9 la d\u00e9couverte des dessins de Nicolas de Crecy, puis dans le d\u00e9sordre : &nbsp;Dave Mc Kean, Christophe Blain, Blutch, Breccia, Chris Ware, souvent j&#8217;appr\u00e9cie les choses \u00e9nergiques et &#8220;enlev\u00e9es&#8221;. Pour finir, celui dont le travail me rend fou d&#8217;enthousiasme, c&#8217;est Emmanuel Guibert.<\/p>\n<p><strong><span style=\"font-weight: normal; \"><a href=\"http:\/\/yannicklejeune.blogs.com\/.a\/6a00d8341c501b53ef0120a7a8fe1f970b-pi\" style=\"float: right;\"><img decoding=\"async\"  alt=\"Oignon01\" class=\"asset asset-image at-xid-6a00d8341c501b53ef0120a7a8fe1f970b \" src=\"https:\/\/www.wedobd.com\/wp-content\/uploads\/2010\/01\/6a00d8341c501b53ef0120a7a8fe1f970b-250wi.jpg\" style=\"width: 250px; margin: 0px 0px 5px 5px;\" \/><\/a> &nbsp;<\/span>OK alors dis nous ce que tu sais faire une fois que tu as enfourch\u00e9 ton blog ?<br \/><\/strong><\/p>\n<p><a href=\"http:\/\/leblogdemathias.blogspot.com\/\">J&#8217;ai ouvert le blog<\/a> il y a environ un an. Je voulais avant tout un espace pour pr\u00e9senter des dessins et mener quelques exp\u00e9riences graphiques. L&#8217;id\u00e9e de raconter des histoires autour des mots me tra\u00eenait dans la t\u00eate avant cela et assez naturellement j&#8217;ai eu envie d&#8217;orienter mon blog sur ce th\u00e8me.<\/p>\n<p>J&#8217;y raconte, de mani\u00e8re anecdotique, l&#8217;origine historique ou \u00e9tymologique de mots de la langue fran\u00e7aise. Sous forme de Bandes dessin\u00e9es ou d&#8217;illustration.<\/p>\n<p><strong>Il y a des gens qui t&#8217;ont vu faire ce genre d&#8217;accrobaties ?<br \/><\/strong><\/p>\n<p>Mes lecteurs sont&#8230;peu nombreux! mais visiblement fid\u00e8lse, il faut dire que le blog est tr\u00e8s peu r\u00e9f\u00e9renc\u00e9.<\/p>\n<p>J&#8217;ai peu de commentaires mais laissez-en! J&#8217;y serai sensible.<\/p>\n<p><strong>Bon et tu connais d&#8217;autre gar\u00e7on v\u00e2chers de ton esp\u00e8ce ? Je ne sais pas, moi, tu as une bande ?<br \/><\/strong><\/p>\n<p>Gr\u00e2ce au blog, aucune&#8230;Le blog est jeune et peu connu.<\/p>\n<p><strong>Bon et en dehors des &nbsp;rod\u00e9os crayonn\u00e9s, tu sais faire des choses ?<\/strong><\/p>\n<p>Sur France 3, le dimanche matin, vous avez de bonnes chance de voir un petit peu de mon travail dans l&#8217;animation&#8230;Il faut dire que je suis assez discret sur mes dessins et mes illustrations, je les fait pour mon plaisir.<\/p>\n<p><strong><span style=\"font-weight: normal; \"><a href=\"http:\/\/yannicklejeune.blogs.com\/.a\/6a00d8341c501b53ef0120a7a90488970b-pi\" style=\"float: left;\"><img decoding=\"async\"  alt=\"Panique_case3\" class=\"asset asset-image at-xid-6a00d8341c501b53ef0120a7a90488970b \" src=\"https:\/\/www.wedobd.com\/wp-content\/uploads\/2010\/01\/6a00d8341c501b53ef0120a7a90488970b-250wi.jpg\" style=\"width: 250px; margin: 0px 5px 5px 0px;\" \/><\/a> &nbsp;<\/span>Vous connaissez Angoul\u00eame City et son concours pour les papooses dessinateurs ?&nbsp;<br \/><\/strong><\/p>\n<p>Je n&#8217;ai jamais \u00e9t\u00e9 au festival, mais en effet, arm\u00e9 de ma fougueuse jeunesse j&#8217;ai envoy\u00e9 des planches aux concours Jeunes Talents; on me les a gentiment renvoy\u00e9es.<\/p>\n<p><strong>Et si on embauchait dans un corral quelconque, tu proposerais quoi ?<br \/><\/strong><\/p>\n<p>J&#8217;adorerais faire une bande dessin\u00e9e, ou des livres illustr\u00e9s, c&#8217;est un r\u00eave de gamin. Cela dit je sens que j&#8217;ai encore beaucoup \u00e0 apprendre. En fait, \u00e7a me plairait bien de r\u00e9aliser un livre sur le m\u00eame sujet que mon blog. Sans \u00eatre une v\u00e9ritable passion, l&#8217;\u00e9tymologie est une vraie source d&#8217;int\u00e9r\u00eat pour moi et j&#8217;ai beaucoup de plaisir \u00e0 faire mes petites recherches sur l&#8217;origine des mots. Apr\u00e8s je m&#8217;applique \u00e0 trouver un moyen de communiquer mes d\u00e9couvertes sous une forme sympathique, en variant les approches, le graphisme, c&#8217;est un tr\u00e8s bon exercice.<\/p>\n<p><strong>Bien, on va prendre une bi\u00e8re et on va y r\u00e9fl\u00e9chir&#8230; tu as l&#8217;\u00e2ge au moins ?<br \/><\/strong><\/p>\n<p>Toujours pret \u00e0 m&#8217;envoyer quelques bourbons dans un bon saloon avec ceux qui votent pour moi !<\/p>\n<p style=\"text-align: center;\"><strong><a href=\"http:\/\/prixdublog.com\/voter-17.html\">Vous pouvez voter pour Mathias ici ! <\/a><\/strong><\/p>\n","protected":false},"excerpt":{"rendered":"<p>&nbsp;Hola le jeune&#8230; enl\u00e8ve ton stetson et pr\u00e9sente toi, si tu veux pas qu&#8217;on te roule dans le goudron et la plume. Yep, Mathias Martin, 31 ans, gar\u00e7on vacher (de race Montb\u00e9liarde) parti \u00e0 la conqu\u00eate de l&#8217;Est. Qu&#8217;est ce que tu sais faire avec un lasso et un crayon ? J&#8217;ai toujours un peu [&hellip;]<\/p>\n","protected":false},"author":4,"featured_media":0,"comment_status":"open","ping_status":"open","sticky":false,"template":"","format":"standard","meta":{"footnotes":""},"categories":[2],"tags":[],"class_list":["post-632","post","type-post","status-publish","format-standard","hentry","category-04-actualite-blogs-et-bd"],"_links":{"self":[{"href":"https:\/\/www.wedobd.com\/index.php?rest_route=\/wp\/v2\/posts\/632","targetHints":{"allow":["GET"]}}],"collection":[{"href":"https:\/\/www.wedobd.com\/index.php?rest_route=\/wp\/v2\/posts"}],"about":[{"href":"https:\/\/www.wedobd.com\/index.php?rest_route=\/wp\/v2\/types\/post"}],"author":[{"embeddable":true,"href":"https:\/\/www.wedobd.com\/index.php?rest_route=\/wp\/v2\/users\/4"}],"replies":[{"embeddable":true,"href":"https:\/\/www.wedobd.com\/index.php?rest_route=%2Fwp%2Fv2%2Fcomments&post=632"}],"version-history":[{"count":1,"href":"https:\/\/www.wedobd.com\/index.php?rest_route=\/wp\/v2\/posts\/632\/revisions"}],"predecessor-version":[{"id":3872,"href":"https:\/\/www.wedobd.com\/index.php?rest_route=\/wp\/v2\/posts\/632\/revisions\/3872"}],"wp:attachment":[{"href":"https:\/\/www.wedobd.com\/index.php?rest_route=%2Fwp%2Fv2%2Fmedia&parent=632"}],"wp:term":[{"taxonomy":"category","embeddable":true,"href":"https:\/\/www.wedobd.com\/index.php?rest_route=%2Fwp%2Fv2%2Fcategories&post=632"},{"taxonomy":"post_tag","embeddable":true,"href":"https:\/\/www.wedobd.com\/index.php?rest_route=%2Fwp%2Fv2%2Ftags&post=632"}],"curies":[{"name":"wp","href":"https:\/\/api.w.org\/{rel}","templated":true}]}}