{"id":664,"date":"2009-10-14T11:51:52","date_gmt":"2009-10-14T09:51:52","guid":{"rendered":"https:\/\/www.wedobd.com\/?p=664"},"modified":"2025-09-29T14:47:01","modified_gmt":"2025-09-29T12:47:01","slug":"blogueurs-charleroi","status":"publish","type":"post","link":"https:\/\/www.wedobd.com\/?p=664","title":{"rendered":"Des blogueurs BD \u00e0 Charleroi"},"content":{"rendered":"<p>M\u00eame s&#39;il nous reste pas mal de dessins et photos \u00e0 vous montrer, le Festiblog &quot;en vrai&quot;, c&#39;est fini pour cette ann\u00e9e. Pour ceux qui auraient rat\u00e9 l&#39;opportunit\u00e9 de croiser leurs blogueurs favoris, il reste de nombreuses autres occasions. Comme par exemple, le Festi BD de Charleroi.<\/p>\n<div style=\"text-align: center;\"><span style=\"text-decoration: underline;\"><a href=\"http:\/\/yannicklejeune.blogs.com\/.a\/6a00d8341c501b53ef0120a6329ace970c-pi\" style=\"display: inline;\"><img decoding=\"async\" alt=\"Festibd\" border=\"0\" class=\"asset asset-image at-xid-6a00d8341c501b53ef0120a6329ace970c \" src=\"https:\/\/www.wedobd.com\/wp-content\/uploads\/2009\/10\/6a00d8341c501b53ef0120a6329ace970c-800wi.jpg\" title=\"Festibd\" \/><\/a><\/span>&#0160;<\/p>\n<div style=\"text-align: left;\"><span style=\"text-decoration: underline;\"><\/span><a href=\"http:\/\/yannicklejeune.blogs.com\/.a\/6a00d8341c501b53ef0120a5dc0237970b-pi\" style=\"float: left;\"><img decoding=\"async\" alt=\"Marsu\" class=\"asset asset-image at-xid-6a00d8341c501b53ef0120a5dc0237970b \" src=\"https:\/\/www.wedobd.com\/wp-content\/uploads\/2009\/10\/6a00d8341c501b53ef0120a5dc0237970b-200wi.jpg\" style=\"margin: 0px 5px 5px 0px; width: 200px;\" \/><\/a>En Belgique, 2009 est l&#39;ann\u00e9e de la bd. A cette occasion, la librairie g\u00e9n\u00e9raliste Moli\u00e8re organise cette ann\u00e9e un festival pour c\u00e9l\u00e9brer l&#39;\u00e9v\u00e8nement dans la ville de Dupuis et de Spirou. Ca commence jeudi et les deux premiers jours sont consacr\u00e9s respectivement \u00e0 la bd en g\u00e9n\u00e9ral, et au dessin de presse. Mais c&#39;est le samedi qui nous int\u00e9resse plus particuli\u00e8rement.<\/div>\n<\/div>\n<p>Samedi est le jour des blogueurs. Et vous pourrez y rencontrer et peut-\u00eatre vous faire d\u00e9dicacer un album de <a href=\"http:\/\/placeman.canalblog.com\/\" target=\"_blank\">Double P<\/a>, <a href=\"http:\/\/blog.zanorg.com\/\" target=\"_blank\">Kek<\/a>, <a href=\"http:\/\/chairafauteuil.over-blog.com\/\" target=\"_blank\">Yuio<\/a>, <a href=\"http:\/\/lestoujoursouvrables.over-blog.com\/\" target=\"_blank\">Soph&#39;<\/a>, <a href=\"http:\/\/unpied.canalblog.com\/\" target=\"_blank\">Marc Dubuisson<\/a> ou <a href=\"http:\/\/www.badstrip.net\/\" target=\"_blank\">Davy Mourier<\/a>. Une bonne occasion pour les Belges (et les autres) qui n&#39;ont pas pu faire le voyage jusqu&#39;\u00e0 Paris fin septembre de venir rencontrer leurs auteurs pr\u00e9f\u00e9r\u00e9s.<\/p>\n<p>A noter qu&#39;il y aura \u00e9galement des expos de dessins, de figurines, des joutes d&#39;improvisation illustr\u00e9es et des animations pour les enfants.<\/p>\n<p>&#0160;Plus de d\u00e9tails sur <a href=\"http:\/\/www.facebook.com\/event.php?eid=139327569398&amp;index=1\" target=\"_blank\">la page Facebook de l&#39;\u00e9v\u00e8nement<\/a>.<\/p>\n","protected":false},"excerpt":{"rendered":"<p>M\u00eame s&#8217;il nous reste pas mal de dessins et photos \u00e0 vous montrer, le Festiblog &#8220;en vrai&#8221;, c&#8217;est fini pour cette ann\u00e9e. Pour ceux qui auraient rat\u00e9 l&#8217;occasion de croiser leurs blogueurs favoris, il reste de nombreuses autres occasions. Comme par exemple, le Festi BD de Charleroi.<\/p>\n","protected":false},"author":6,"featured_media":0,"comment_status":"open","ping_status":"open","sticky":false,"template":"","format":"standard","meta":{"footnotes":""},"categories":[2],"tags":[491],"class_list":["post-664","post","type-post","status-publish","format-standard","hentry","category-04-actualite-blogs-et-bd","tag-festival-bd-charleroi"],"_links":{"self":[{"href":"https:\/\/www.wedobd.com\/index.php?rest_route=\/wp\/v2\/posts\/664","targetHints":{"allow":["GET"]}}],"collection":[{"href":"https:\/\/www.wedobd.com\/index.php?rest_route=\/wp\/v2\/posts"}],"about":[{"href":"https:\/\/www.wedobd.com\/index.php?rest_route=\/wp\/v2\/types\/post"}],"author":[{"embeddable":true,"href":"https:\/\/www.wedobd.com\/index.php?rest_route=\/wp\/v2\/users\/6"}],"replies":[{"embeddable":true,"href":"https:\/\/www.wedobd.com\/index.php?rest_route=%2Fwp%2Fv2%2Fcomments&post=664"}],"version-history":[{"count":1,"href":"https:\/\/www.wedobd.com\/index.php?rest_route=\/wp\/v2\/posts\/664\/revisions"}],"predecessor-version":[{"id":3979,"href":"https:\/\/www.wedobd.com\/index.php?rest_route=\/wp\/v2\/posts\/664\/revisions\/3979"}],"wp:attachment":[{"href":"https:\/\/www.wedobd.com\/index.php?rest_route=%2Fwp%2Fv2%2Fmedia&parent=664"}],"wp:term":[{"taxonomy":"category","embeddable":true,"href":"https:\/\/www.wedobd.com\/index.php?rest_route=%2Fwp%2Fv2%2Fcategories&post=664"},{"taxonomy":"post_tag","embeddable":true,"href":"https:\/\/www.wedobd.com\/index.php?rest_route=%2Fwp%2Fv2%2Ftags&post=664"}],"curies":[{"name":"wp","href":"https:\/\/api.w.org\/{rel}","templated":true}]}}